{"id":55044,"date":"2026-09-01T18:30:00","date_gmt":"2026-09-01T21:30:00","guid":{"rendered":"https:\/\/noticiasdestaque.com.br\/index.php\/2026\/09\/01\/o-tempo-e-a-temperatura-centro-oeste-tera-chuva-isolada-em-parte-da-regiao-nesta-quarta-feira-2\/"},"modified":"2026-09-01T18:30:00","modified_gmt":"2026-09-01T21:30:00","slug":"o-tempo-e-a-temperatura-centro-oeste-tera-chuva-isolada-em-parte-da-regiao-nesta-quarta-feira-2","status":"publish","type":"post","link":"https:\/\/noticiasdestaque.com.br\/index.php\/2026\/09\/01\/o-tempo-e-a-temperatura-centro-oeste-tera-chuva-isolada-em-parte-da-regiao-nesta-quarta-feira-2\/","title":{"rendered":"O TEMPO E A TEMPERATURA: Centro-Oeste ter\u00e1 chuva isolada em parte da regi\u00e3o nesta quarta-feira (2)"},"content":{"rendered":"<p>\t\t\t\t\t\t\t\t\t\t\t<audio controls class=\"b61_audio_player\" data-noticia=\"91356\" src=\"https:\/\/brasil61.com\/rails\/active_storage\/blobs\/eyJfcmFpbHMiOnsibWVzc2FnZSI6IkJBaHBBMEJiQkE9PSIsImV4cCI6bnVsbCwicHVyIjoiYmxvYl9pZCJ9fQ==--f2da7c83a36173f6de064135bcbf427691a5c551\/PTCO264568A\"><\/audio><\/p>\n<p>A quarta-feira (2) ser\u00e1 marcada por condi\u00e7\u00f5es diferentes entre os estados do <strong>Centro-Oeste<\/strong>, com<strong> ocorr\u00eancia de chuva em parte da regi\u00e3o e tempo mais seco<\/strong> em <strong>Mato Grosso do Sul<\/strong>, segundo o <a href=\"https:\/\/portal.inmet.gov.br\/\"><strong>Instituto Nacional de Meteorologia (Inmet)<\/strong><\/a>.<\/p>\n<p>No <strong>Distrito Federal<\/strong>, a previs\u00e3o \u00e9 de<strong> muitas nuvens com possibilidade de chuva isolada<\/strong>. Em <strong>Bras\u00edlia<\/strong>, os term\u00f4metros variam entre <strong>22\u00b0C<\/strong> e <strong>31\u00b0C<\/strong>.<\/p>\n<p>Em <strong>Goi\u00e1s<\/strong>, tamb\u00e9m h\u00e1<strong> possibilidade de chuva isolada <\/strong>em parte do estado. Em <strong>Goi\u00e2nia<\/strong>, a m\u00ednima prevista \u00e9 de<strong> 19\u00b0C<\/strong>, e a m\u00e1xima chega a <strong>34\u00b0C<\/strong>. No <strong>norte goiano<\/strong>, a aten\u00e7\u00e3o \u00e9 para os <strong>baixos \u00edndices de umidade relativa do ar<\/strong>, que podem variar entre <strong>20%<\/strong> e <strong>30%<\/strong>.<\/p>\n<p>Em <strong>Mato Grosso<\/strong>, s\u00e3o esperadas <strong>pancadas de chuva isoladas<\/strong> em parte do estado. Em <strong>Cuiab\u00e1<\/strong>, as temperaturas ficam entre <strong>23\u00b0C <\/strong>e<strong> 35\u00b0C<\/strong>.<\/p>\n<p>J\u00e1 em <strong>Mato Grosso do Sul<\/strong>, a previs\u00e3o indica predom\u00ednio de<strong> poucas nuvens<\/strong> em parte do estado. Em <strong>Campo Grande<\/strong>, a temperatura varia de <strong>15\u00b0C<\/strong> a<strong> 26\u00b0C<\/strong>.<br \/>\n\u00a0<\/p>\n<h2><strong>5 motivos para acompanhar as previs\u00f5es do tempo<\/strong><\/h2>\n<ul>\n<li>Agricultura: garantia de uma boa colheita;<\/li>\n<li>Marinha: prote\u00e7\u00e3o de marinheiros, navios e passageiros;<\/li>\n<li>Aeron\u00e1utica: seguran\u00e7a de pilotos, aeronaves e passageiros;<\/li>\n<li>Pesca: condi\u00e7\u00f5es favor\u00e1veis e seguras para a atividade;<\/li>\n<li>Turismo: garantia de passeios e viagens tranquilas e agrad\u00e1veis.<\/li>\n<\/ul>\n<h2><strong>Import\u00e2ncia das observa\u00e7\u00f5es meteorol\u00f3gicas no INMET<\/strong><\/h2>\n<p>As observa\u00e7\u00f5es meteorol\u00f3gicas do INMET s\u00e3o essenciais para previs\u00f5es em tempo real, estat\u00edsticas clim\u00e1ticas e coopera\u00e7\u00e3o internacional. Esses dados precisos ajudam a estudar o clima passado e a produzir Normais Climatol\u00f3gicas conforme a Organiza\u00e7\u00e3o Meteorol\u00f3gica Mundial (<a href=\"https:\/\/worldweather.wmo.int\/pt\/home.html\">OMM<\/a>).<\/p>\n<p data-end=\"305\" data-start=\"0\"><strong>As informa\u00e7\u00f5es s\u00e3o do Instituto Nacional de Meteorologia (<a href=\"https:\/\/portal.inmet.gov.br\/\">Inmet<\/a>).<\/strong><\/p>\n<p>\u00a0<\/p>\n<p>\t\t\t\t\t\t\t\t\t\t<img loading=\"lazy\" decoding=\"async\" src=\"https:\/\/brasil61.com\/api\/v1\/serve_pixel\/17677\/91356\" alt=\"Pixel Brasil 61\" class=\"b61_pixel\" width=\"0\" height=\"0\"><\/p>\n<input type=\"hidden\" id=\"baseurl\" value=\"https:\/\/noticiasdestaque.com.br\"><input type=\"hidden\" id=\"audio_nonce\" value=\"5e107ffbaa\">","protected":false},"excerpt":{"rendered":"<p>Previs\u00e3o indica pancadas em Mato Grosso e possibilidade de chuva em Goi\u00e1s e no Distrito Federal, norte goiano ter\u00e1 baixa umidade <\/p>\n","protected":false},"author":1,"featured_media":55045,"comment_status":"open","ping_status":"open","sticky":false,"template":"","format":"standard","meta":{"fifu_image_url":"","fifu_image_alt":"","footnotes":""},"categories":[58],"tags":[],"class_list":["post-55044","post","type-post","status-publish","format-standard","has-post-thumbnail","hentry","category-cotidiano"],"distributor_meta":false,"distributor_terms":false,"distributor_media":false,"distributor_original_site_name":"Noticias em Destaque","distributor_original_site_url":"https:\/\/noticiasdestaque.com.br","push-errors":false,"_links":{"self":[{"href":"https:\/\/noticiasdestaque.com.br\/index.php\/wp-json\/wp\/v2\/posts\/55044","targetHints":{"allow":["GET"]}}],"collection":[{"href":"https:\/\/noticiasdestaque.com.br\/index.php\/wp-json\/wp\/v2\/posts"}],"about":[{"href":"https:\/\/noticiasdestaque.com.br\/index.php\/wp-json\/wp\/v2\/types\/post"}],"author":[{"embeddable":true,"href":"https:\/\/noticiasdestaque.com.br\/index.php\/wp-json\/wp\/v2\/users\/1"}],"replies":[{"embeddable":true,"href":"https:\/\/noticiasdestaque.com.br\/index.php\/wp-json\/wp\/v2\/comments?post=55044"}],"version-history":[{"count":0,"href":"https:\/\/noticiasdestaque.com.br\/index.php\/wp-json\/wp\/v2\/posts\/55044\/revisions"}],"wp:featuredmedia":[{"embeddable":true,"href":"https:\/\/noticiasdestaque.com.br\/index.php\/wp-json\/wp\/v2\/media\/55045"}],"wp:attachment":[{"href":"https:\/\/noticiasdestaque.com.br\/index.php\/wp-json\/wp\/v2\/media?parent=55044"}],"wp:term":[{"taxonomy":"category","embeddable":true,"href":"https:\/\/noticiasdestaque.com.br\/index.php\/wp-json\/wp\/v2\/categories?post=55044"},{"taxonomy":"post_tag","embeddable":true,"href":"https:\/\/noticiasdestaque.com.br\/index.php\/wp-json\/wp\/v2\/tags?post=55044"}],"curies":[{"name":"wp","href":"https:\/\/api.w.org\/{rel}","templated":true}]}}