{"id":5503,"date":"2023-03-16T02:10:00","date_gmt":"2023-03-16T02:10:00","guid":{"rendered":"https:\/\/noticiasdestaque.com.br\/index.php\/2023\/03\/16\/governo-federal-cria-grupo-de-trabalho-para-promover-acoes-para-mitigar-estiagem-no-sul\/"},"modified":"2023-03-16T02:10:00","modified_gmt":"2023-03-16T02:10:00","slug":"governo-federal-cria-grupo-de-trabalho-para-promover-acoes-para-mitigar-estiagem-no-sul","status":"publish","type":"post","link":"https:\/\/noticiasdestaque.com.br\/index.php\/2023\/03\/16\/governo-federal-cria-grupo-de-trabalho-para-promover-acoes-para-mitigar-estiagem-no-sul\/","title":{"rendered":"Governo Federal cria Grupo de Trabalho para promover a\u00e7\u00f5es para mitigar estiagem no Sul"},"content":{"rendered":"<p>O Minist\u00e9rio da Integra\u00e7\u00e3o e do Desenvolvimento Regional (MIDR) vai integrar o <a data-tippreview-enabled=\"false\" data-tippreview-image=\"\" data-tippreview-title=\"\" href=\"https:\/\/www.in.gov.br\/en\/web\/dou\/-\/decreto-n-11.433-de-10-de-marco-de-2023-469384434\" target=\"_blank\" title=\"\">Grupo de Trabalho<\/a> criado pelo Governo Federal com o objetivo de apresentar propostas para prevenir e minimizar os efeitos da estiagem na produ\u00e7\u00e3o agr\u00edcola na regi\u00e3o Sul do Pa\u00eds.<\/p>\n<p>Al\u00e9m disso, o decreto tamb\u00e9m autoriza a cria\u00e7\u00e3o de uma linha adicional de cr\u00e9dito aos benefici\u00e1rios do Programa Nacional de Reforma Agr\u00e1ria com empreendimentos prejudicados por seca ou estiagem nos munic\u00edpios do Rio Grande do Sul. A a\u00e7\u00e3o ser\u00e1 executada pelo Minist\u00e9rio do Desenvolvimento Agr\u00e1rio e Agricultura Familiar, coordenador do Grupo de Trabalho.<\/p>\n<p>O diretor do Centro Nacional de Gerenciamento de Riscos e Desastres (Cenad), Armin Braun, explica qual ser\u00e1 a participa\u00e7\u00e3o do MIDR no Grupo de Trabalho. \u201cA Regi\u00e3o Sul do Brasil, em especial o Rio Grande do Sul, tem sofrido com uma estiagem muito severa, que afeta diretamente a condi\u00e7\u00e3o de vida da popula\u00e7\u00e3o no acesso \u00e0 \u00e1gua e tamb\u00e9m na agricultura e pecu\u00e1ria e muitos moradores t\u00eam essas atividades como subsist\u00eancia\u201d, destacou Braun. \u201cO MIDR, por meio da Defesa Civil Nacional, vem apoiando e ajudando esses munic\u00edpios, ap\u00f3s os decretos de situa\u00e7\u00e3o de emerg\u00eancia, com a transfer\u00eancia de recursos para socorro e assist\u00eancia, incluindo contrata\u00e7\u00e3o de carro-pipa e compra de alimentos, entre outras atividades\u201d, destaca.<\/p>\n<p>As propostas do Grupo de Trabalho Interministerial destinam-se, em especial, \u00e0 agricultura familiar e visam minimizar a necessidade de atua\u00e7\u00e3o emergencial do Governo federal. Uma das a\u00e7\u00f5es do Grupo de Trabalho ser\u00e1 avaliar o hist\u00f3rico de estiagem e seca e seus efeitos socioecon\u00f4micos sobre o setor agropecu\u00e1rio nas \u00e1reas afetadas na Regi\u00e3o Sul, em especial sobre a agricultura familiar, inclu\u00eddos os programas e as a\u00e7\u00f5es da administra\u00e7\u00e3o p\u00fablica federal destinados a prevenir e a mitigar tais efeitos no per\u00edodo de janeiro de 2013 a janeiro de 2023.<\/p>\n<p>O GT tamb\u00e9m ir\u00e1 propor medidas com o objetivo de prevenir e mitigar os efeitos da estiagem na produ\u00e7\u00e3o agr\u00edcola, reduzir os impactos socioecon\u00f4micos e promover a retomada da capacidade produtiva nas \u00e1reas afetadas pelo desastre no Sul, inclu\u00eddo o aperfei\u00e7oamento de a\u00e7\u00f5es e programas existentes e a cria\u00e7\u00e3o de novos.<\/p>\n<p>Tamb\u00e9m compete ao Grupo de Trabalho fazer estimativas m\u00ednimas de custos or\u00e7ament\u00e1rios e n\u00e3o or\u00e7ament\u00e1rios; criar alternativas de fontes de financiamento; e implementar arranjo institucional de governan\u00e7a.<\/p>\n<p>Os membros do Grupo de Trabalho Interministerial e os respectivos suplentes ser\u00e3o indicados pelos titulares dos \u00f3rg\u00e3os que representam e designados em ato do ministro do Desenvolvimento Agr\u00e1rio e Agricultura Familiar. A equipe se reunir\u00e1 quinzenalmente e, em car\u00e1ter extraordin\u00e1rio, mediante convoca\u00e7\u00e3o de seu coordenador.<\/p>\n<p>Fazem parte do Grupo de Trabalho, al\u00e9m do MIDR, os minist\u00e9rios do Desenvolvimento Agr\u00e1rio e Agricultura Familiar; da Agricultura e Pecu\u00e1ria; da Fazenda; do Desenvolvimento e Assist\u00eancia Social, Fam\u00edlia e Combate \u00e0 Fome; do Meio Ambiente e Mudan\u00e7a do Clima; do Planejamento e Or\u00e7amento e a Casa Civil da Presid\u00eancia da Rep\u00fablica.<\/p>\n<p> Fonte: Brasil61<\/p>\n<input type=\"hidden\" id=\"baseurl\" value=\"https:\/\/noticiasdestaque.com.br\"><input type=\"hidden\" id=\"audio_nonce\" value=\"581f3017e1\">","protected":false},"excerpt":{"rendered":"<p>MIDR ser\u00e1 respons\u00e1vel pelo reconhecimento federal de situa\u00e7\u00e3o de emerg\u00eancia dos munic\u00edpios e pelo repasse de recursos para a\u00e7\u00f5es de resposta<\/p>\n","protected":false},"author":1,"featured_media":5505,"comment_status":"open","ping_status":"open","sticky":false,"template":"","format":"standard","meta":{"fifu_image_url":"","fifu_image_alt":"","footnotes":""},"categories":[1],"tags":[107],"class_list":["post-5503","post","type-post","status-publish","format-standard","has-post-thumbnail","hentry","category-uncategorized","tag-closer-vendedor-milionario"],"distributor_meta":false,"distributor_terms":false,"distributor_media":false,"distributor_original_site_name":"Noticias em Destaque","distributor_original_site_url":"https:\/\/noticiasdestaque.com.br","push-errors":false,"_links":{"self":[{"href":"https:\/\/noticiasdestaque.com.br\/index.php\/wp-json\/wp\/v2\/posts\/5503","targetHints":{"allow":["GET"]}}],"collection":[{"href":"https:\/\/noticiasdestaque.com.br\/index.php\/wp-json\/wp\/v2\/posts"}],"about":[{"href":"https:\/\/noticiasdestaque.com.br\/index.php\/wp-json\/wp\/v2\/types\/post"}],"author":[{"embeddable":true,"href":"https:\/\/noticiasdestaque.com.br\/index.php\/wp-json\/wp\/v2\/users\/1"}],"replies":[{"embeddable":true,"href":"https:\/\/noticiasdestaque.com.br\/index.php\/wp-json\/wp\/v2\/comments?post=5503"}],"version-history":[{"count":1,"href":"https:\/\/noticiasdestaque.com.br\/index.php\/wp-json\/wp\/v2\/posts\/5503\/revisions"}],"predecessor-version":[{"id":5504,"href":"https:\/\/noticiasdestaque.com.br\/index.php\/wp-json\/wp\/v2\/posts\/5503\/revisions\/5504"}],"wp:featuredmedia":[{"embeddable":true,"href":"https:\/\/noticiasdestaque.com.br\/index.php\/wp-json\/wp\/v2\/media\/5505"}],"wp:attachment":[{"href":"https:\/\/noticiasdestaque.com.br\/index.php\/wp-json\/wp\/v2\/media?parent=5503"}],"wp:term":[{"taxonomy":"category","embeddable":true,"href":"https:\/\/noticiasdestaque.com.br\/index.php\/wp-json\/wp\/v2\/categories?post=5503"},{"taxonomy":"post_tag","embeddable":true,"href":"https:\/\/noticiasdestaque.com.br\/index.php\/wp-json\/wp\/v2\/tags?post=5503"}],"curies":[{"name":"wp","href":"https:\/\/api.w.org\/{rel}","templated":true}]}}