{"id":5491,"date":"2023-03-15T21:40:00","date_gmt":"2023-03-15T21:40:00","guid":{"rendered":"https:\/\/noticiasdestaque.com.br\/index.php\/2023\/03\/15\/resultado-do-fies-ja-esta-disponivel\/"},"modified":"2023-03-15T21:40:00","modified_gmt":"2023-03-15T21:40:00","slug":"resultado-do-fies-ja-esta-disponivel","status":"publish","type":"post","link":"https:\/\/noticiasdestaque.com.br\/index.php\/2023\/03\/15\/resultado-do-fies-ja-esta-disponivel\/","title":{"rendered":"Resultado do Fies 2023 j\u00e1 est\u00e1 dispon\u00edvel"},"content":{"rendered":"<p>O resultado do Fundo de Financiamento Estudantil (FIES) j\u00e1 est\u00e1 dispon\u00edvel. De acordo com o Minist\u00e9rio da Educa\u00e7\u00e3o (MEC), no total foram 205.177 candidatos inscritos para disputar 67.301 vagas em institui\u00e7\u00f5es particulares de ensino superior. Medicina, Direito, Enfermagem, Odontologia e Psicologia foram os cursos mais procurados.<\/p>\n<p>Para que o candidato concorresse\u202fao financiamento, ele deveria\u202fconcluir todas as etapas do processo, que\u202f\u00e9 a\u202fconfirma\u00e7\u00e3o e efetua\u00e7\u00e3o da inscri\u00e7\u00e3o. A inscri\u00e7\u00e3o s\u00f3\u202f\u00e9 computada se o estudante\u202fseguir todas as etapas do processo de inscri\u00e7\u00e3o.\u202f <\/p>\n<p>A classifica\u00e7\u00e3o \u00e9 feita em ordem decrescente, com base nas notas do Exame Nacional do Ensino M\u00e9dio (Enem) e as demais regras do processo seletivo. As etapas de classifica\u00e7\u00e3o e chamadas\u202fdevem ser conferidas\u202fna p\u00e1gina do Programa, no\u202fPortal \u00danico de Acesso ao Ensino Superior.<\/p>\n<h2>Lista de espera<\/h2>\n<p>Os candidatos que n\u00e3o foram selecionados nessa primeira etapa ser\u00e3o automaticamente inclu\u00eddos na lista de espera do Fies para disputar as vagas que n\u00e3o forem preenchidas. O candidato deve ficar atento \u00e0s convoca\u00e7\u00f5es, acessando o sistema de inscri\u00e7\u00e3o do\u202fprograma. A convoca\u00e7\u00e3o da lista de espera ser\u00e1 feita entre os dias 21 de mar\u00e7o e 18 de maio. <\/p>\n<h2>Matr\u00edcula e financiamento<\/h2>\n<p>O candidato selecionado deve comparecer \u00e0 institui\u00e7\u00e3o de ensino para validar suas informa\u00e7\u00f5es e assinar o contrato de financiamento. Durante o curso, o estudante pagar\u00e1 uma taxa trimestral de R$10, referente aos juros do financiamento.<\/p>\n<p>Ap\u00f3s a conclus\u00e3o do curso, o estudante tem um prazo de car\u00eancia de 18 meses para come\u00e7ar a pagar o financiamento, que pode ser parcelado em at\u00e9 tr\u00eas vezes o tempo de dura\u00e7\u00e3o do curso financiado. O valor das parcelas \u00e9 calculado com base na renda do estudante e de sua fam\u00edlia.<\/p>\n<p>O economista Guidi Nunes explicou que o financiamento estudantil pode ser muito vantajoso para estudantes que n\u00e3o possuem renda para arcar com o custo de uma faculdade, mas que fazer uma an\u00e1lise individual \u00e9 extremamente importante. <\/p>\n<p>\u201cO FIES pode ser vantajoso para estudantes que n\u00e3o t\u00eam condi\u00e7\u00f5es de pagar integralmente a mensalidade da faculdade e n\u00e3o t\u00eam acesso a outras formas de financiamento. Al\u00e9m disso, o programa oferece taxas de juros menores do que as praticadas no mercado e um per\u00edodo de car\u00eancia para o in\u00edcio do pagamento do financiamento. No entanto, \u00e9 importante lembrar que o FIES \u00e9 um empr\u00e9stimo que deve ser pago posteriormente, podendo gerar ac\u00famulo de d\u00edvida para o estudante, caso ele n\u00e3o consiga arcar com as parcelas no futuro. Por isso, \u00e9 importante avaliar as condi\u00e7\u00f5es financeiras pessoais e buscar informa\u00e7\u00f5es detalhadas sobre o programa antes de optar pelo financiamento\u201d, concluiu. <\/p>\n<p>A moradora da Cidade Ocidental, Bruna Pereira da Silva (27), se formou em Ci\u00eancias Cont\u00e1beis pelo FIES. Ela conta que na \u00e9poca em que optou pelo financiamento, n\u00e3o tinha condi\u00e7\u00f5es de pagar por uma faculdade e que o curso superior foi essencial para sua mudan\u00e7a de vida. <\/p>\n<p>\u201cMudou radicalmente a minha vida, porque se n\u00e3o fosse o fies, eu n\u00e3o teria tido condi\u00e7\u00f5es de fazer faculdade naquele momento, eu teria que esperar sabe l\u00e1 Deus quando e eu nem sei se conseguiria\u201d, afirmou a contadora. <\/p>\n<p>Al\u00e9m disso, Bruna explica que todo o processo at\u00e9 a matr\u00edcula foi bem simples e r\u00e1pido. Assim que aprovada, tudo se encaminhou perfeitamente. <\/p>\n<p>\u201cO pedido de financiamento eu comecei a fazer pelo site do SisFies. Dei entrada por l\u00e1, fiz a minha inscri\u00e7\u00e3o, eles avaliaram todos os dados que eu enviei e eu fui aprovada.  Depois fiz o financiamento atrav\u00e9s da caixa e assim, nesse per\u00edodo n\u00e3o teve dificuldade nenhuma, foi super tranquilo, r\u00e1pido e \u00e1gil\u201d, completou Bruna Pereira. <\/p>\n<p><strong>Confira a lista de inscritos e inscri\u00e7\u00f5es por\u202fUnidade da Federa\u00e7\u00e3o:<\/strong><\/p>\n<h2><img decoding=\"async\" alt=\"\" src=\"\/\/s3-sa-east-1.amazonaws.com\/agencia-radio-arb\/5327\/content_inscricoes---daniela.png\" style=\"width: 100%;\"><\/h2>\n<p><strong>Quantitativo de inscri\u00e7\u00f5es dos 20 cursos mais procurados:<\/strong><\/p>\n<p><img decoding=\"async\" alt=\"\" src=\"\/\/s3-sa-east-1.amazonaws.com\/agencia-radio-arb\/5332\/content_content_cursos-daniela.png\" style=\"width: 100%;\"><\/p>\n<p> Fonte: Brasil61<\/p>\n<input type=\"hidden\" id=\"baseurl\" value=\"https:\/\/noticiasdestaque.com.br\"><input type=\"hidden\" id=\"audio_nonce\" value=\"581f3017e1\">","protected":false},"excerpt":{"rendered":"<p>Foram mais de 205 mil inscritos concorrendo a  67.301 vagas em institui\u00e7\u00f5es particulares de ensino superior <\/p>\n","protected":false},"author":1,"featured_media":5493,"comment_status":"open","ping_status":"open","sticky":false,"template":"","format":"standard","meta":{"fifu_image_url":"","fifu_image_alt":"","footnotes":""},"categories":[1],"tags":[174],"class_list":["post-5491","post","type-post","status-publish","format-standard","has-post-thumbnail","hentry","category-uncategorized","tag-internacao-para-alcoolatras"],"distributor_meta":false,"distributor_terms":false,"distributor_media":false,"distributor_original_site_name":"Noticias em Destaque","distributor_original_site_url":"https:\/\/noticiasdestaque.com.br","push-errors":false,"_links":{"self":[{"href":"https:\/\/noticiasdestaque.com.br\/index.php\/wp-json\/wp\/v2\/posts\/5491","targetHints":{"allow":["GET"]}}],"collection":[{"href":"https:\/\/noticiasdestaque.com.br\/index.php\/wp-json\/wp\/v2\/posts"}],"about":[{"href":"https:\/\/noticiasdestaque.com.br\/index.php\/wp-json\/wp\/v2\/types\/post"}],"author":[{"embeddable":true,"href":"https:\/\/noticiasdestaque.com.br\/index.php\/wp-json\/wp\/v2\/users\/1"}],"replies":[{"embeddable":true,"href":"https:\/\/noticiasdestaque.com.br\/index.php\/wp-json\/wp\/v2\/comments?post=5491"}],"version-history":[{"count":1,"href":"https:\/\/noticiasdestaque.com.br\/index.php\/wp-json\/wp\/v2\/posts\/5491\/revisions"}],"predecessor-version":[{"id":5492,"href":"https:\/\/noticiasdestaque.com.br\/index.php\/wp-json\/wp\/v2\/posts\/5491\/revisions\/5492"}],"wp:featuredmedia":[{"embeddable":true,"href":"https:\/\/noticiasdestaque.com.br\/index.php\/wp-json\/wp\/v2\/media\/5493"}],"wp:attachment":[{"href":"https:\/\/noticiasdestaque.com.br\/index.php\/wp-json\/wp\/v2\/media?parent=5491"}],"wp:term":[{"taxonomy":"category","embeddable":true,"href":"https:\/\/noticiasdestaque.com.br\/index.php\/wp-json\/wp\/v2\/categories?post=5491"},{"taxonomy":"post_tag","embeddable":true,"href":"https:\/\/noticiasdestaque.com.br\/index.php\/wp-json\/wp\/v2\/tags?post=5491"}],"curies":[{"name":"wp","href":"https:\/\/api.w.org\/{rel}","templated":true}]}}