{"id":5488,"date":"2023-03-15T21:40:00","date_gmt":"2023-03-15T21:40:00","guid":{"rendered":"https:\/\/noticiasdestaque.com.br\/index.php\/2023\/03\/15\/premio-mulheres-rurais-espanha-reconhece-esta-com-inscricoes-abertas-ate-de-maio\/"},"modified":"2023-03-15T21:40:00","modified_gmt":"2023-03-15T21:40:00","slug":"premio-mulheres-rurais-espanha-reconhece-esta-com-inscricoes-abertas-ate-de-maio","status":"publish","type":"post","link":"https:\/\/noticiasdestaque.com.br\/index.php\/2023\/03\/15\/premio-mulheres-rurais-espanha-reconhece-esta-com-inscricoes-abertas-ate-de-maio\/","title":{"rendered":"Pr\u00eamio Mulheres Rurais: Espanha Reconhece est\u00e1 com inscri\u00e7\u00f5es abertas at\u00e9 31 de maio"},"content":{"rendered":"<article prefix=\"rnews: http:\/\/iptc.org\/std\/rNews\/2011-10-07#\" typeof=\"Article\" vocab=\"http:\/\/schema.org\/\">\n<p>A 2\u00aa edi\u00e7\u00e3o do Pr\u00eamio Mulheres Rurais \u2013 Espanha Reconhece est\u00e1 com inscri\u00e7\u00f5es abertas. Organiza\u00e7\u00f5es ou coletivos de mulheres interessadas em participar t\u00eam at\u00e9 o dia 31 de maio para preencher formul\u00e1rio on-line. O Minist\u00e9rio da Integra\u00e7\u00e3o e do Desenvolvimento Regional \u00e9 um dos \u00f3rg\u00e3os do Governo Federal que apoiam a iniciativa. Clique <a data-tippreview-enabled=\"false\" data-tippreview-image=\"\" data-tippreview-title=\"\" href=\"https:\/\/www.premiomulheresrurais.com.br\/formulario\/\" target=\"_blank\" title=\"\">aqui<\/a> para se inscrever.<\/p>\n<p>S\u00e3o realizadores da premia\u00e7\u00e3o a Embaixada da Espanha no Brasil, o Instituto Interamericano de Coopera\u00e7\u00e3o para a Agricultura (IICA), a Organiza\u00e7\u00e3o das Na\u00e7\u00f5es Unidas para a Alimenta\u00e7\u00e3o e a Agricultura e a ONU Mulheres. O objetivo \u00e9 reconhecer experi\u00eancias de mulheres rurais como transformadoras dos sistemas agroalimentares, da a\u00e7\u00e3o clim\u00e1tica e prote\u00e7\u00e3o do meio ambiente, de suas comunidades, de organiza\u00e7\u00f5es e institui\u00e7\u00f5es e de outras mulheres.<\/p>\n<p>Segundo o edital, as propostas apresentadas dever\u00e3o ser de experi\u00eancias ou servi\u00e7os desenvolvidos no Brasil e pertencer a um coletivo de mulheres rurais. N\u00e3o ser\u00e3o aceitas inscri\u00e7\u00f5es individuais ou de organiza\u00e7\u00f5es e coletivos mistos (compostos por homens e mulheres).<\/p>\n<p>O primeiro lugar ser\u00e1 premiado com R$ 25 mil; o segundo, com R$ 15 mil e o terceiro, com R$ 10 mil. As tr\u00eas experi\u00eancias mais bem pontuadas receber\u00e3o ainda um notebook, acompanhamento e assist\u00eancia t\u00e9cnica durante seis meses e uso gratuito, tamb\u00e9m por seis meses, da Plataforma Rural Commerce, com servi\u00e7os de diagn\u00f3stico empresarial, modelo de neg\u00f3cio sustent\u00e1vel, plano de desenvolvimento e digitaliza\u00e7\u00e3o da gest\u00e3o empresarial do neg\u00f3cio.<\/p>\n<p>Clique <a data-tippreview-enabled=\"false\" data-tippreview-image=\"\" data-tippreview-title=\"\" href=\"https:\/\/www.premiomulheresrurais.com.br\/\" target=\"_blank\">aqui<\/a> para saber mais detalhes sobre o pr\u00eamio.<\/p>\n<\/article>\n<p> Fonte: Brasil61<\/p>\n<input type=\"hidden\" id=\"baseurl\" value=\"https:\/\/noticiasdestaque.com.br\"><input type=\"hidden\" id=\"audio_nonce\" value=\"581f3017e1\">","protected":false},"excerpt":{"rendered":"<p>Iniciativa busca reconhecer experi\u00eancias de mulheres rurais como transformadoras dos sistemas agroalimentares, da a\u00e7\u00e3o clim\u00e1tica e prote\u00e7\u00e3o do meio ambiente, de suas comunidades, de organiza\u00e7\u00f5es e institui\u00e7\u00f5es e de outras mulheres<\/p>\n","protected":false},"author":1,"featured_media":5490,"comment_status":"open","ping_status":"open","sticky":false,"template":"","format":"standard","meta":{"fifu_image_url":"","fifu_image_alt":"","footnotes":""},"categories":[1],"tags":[106],"class_list":["post-5488","post","type-post","status-publish","format-standard","has-post-thumbnail","hentry","category-uncategorized","tag-brunna-pareja"],"distributor_meta":false,"distributor_terms":false,"distributor_media":false,"distributor_original_site_name":"Noticias em Destaque","distributor_original_site_url":"https:\/\/noticiasdestaque.com.br","push-errors":false,"_links":{"self":[{"href":"https:\/\/noticiasdestaque.com.br\/index.php\/wp-json\/wp\/v2\/posts\/5488","targetHints":{"allow":["GET"]}}],"collection":[{"href":"https:\/\/noticiasdestaque.com.br\/index.php\/wp-json\/wp\/v2\/posts"}],"about":[{"href":"https:\/\/noticiasdestaque.com.br\/index.php\/wp-json\/wp\/v2\/types\/post"}],"author":[{"embeddable":true,"href":"https:\/\/noticiasdestaque.com.br\/index.php\/wp-json\/wp\/v2\/users\/1"}],"replies":[{"embeddable":true,"href":"https:\/\/noticiasdestaque.com.br\/index.php\/wp-json\/wp\/v2\/comments?post=5488"}],"version-history":[{"count":1,"href":"https:\/\/noticiasdestaque.com.br\/index.php\/wp-json\/wp\/v2\/posts\/5488\/revisions"}],"predecessor-version":[{"id":5489,"href":"https:\/\/noticiasdestaque.com.br\/index.php\/wp-json\/wp\/v2\/posts\/5488\/revisions\/5489"}],"wp:featuredmedia":[{"embeddable":true,"href":"https:\/\/noticiasdestaque.com.br\/index.php\/wp-json\/wp\/v2\/media\/5490"}],"wp:attachment":[{"href":"https:\/\/noticiasdestaque.com.br\/index.php\/wp-json\/wp\/v2\/media?parent=5488"}],"wp:term":[{"taxonomy":"category","embeddable":true,"href":"https:\/\/noticiasdestaque.com.br\/index.php\/wp-json\/wp\/v2\/categories?post=5488"},{"taxonomy":"post_tag","embeddable":true,"href":"https:\/\/noticiasdestaque.com.br\/index.php\/wp-json\/wp\/v2\/tags?post=5488"}],"curies":[{"name":"wp","href":"https:\/\/api.w.org\/{rel}","templated":true}]}}