{"id":5449,"date":"2023-03-15T01:19:00","date_gmt":"2023-03-15T01:19:00","guid":{"rendered":"https:\/\/noticiasdestaque.com.br\/index.php\/2023\/03\/15\/em-nove-em-cada-dez-cuidadores-em-sao-paulo-eram-mulheres\/"},"modified":"2023-03-15T01:19:00","modified_gmt":"2023-03-15T01:19:00","slug":"em-nove-em-cada-dez-cuidadores-em-sao-paulo-eram-mulheres","status":"publish","type":"post","link":"https:\/\/noticiasdestaque.com.br\/index.php\/2023\/03\/15\/em-nove-em-cada-dez-cuidadores-em-sao-paulo-eram-mulheres\/","title":{"rendered":"Em 2021, nove em cada dez cuidadores em S\u00e3o Paulo eram mulheres"},"content":{"rendered":"<style> bloco.meta {font-style: italic; color: #666;font-weight: 600;font-size: .8em; \/* line-height: .3em; *\/}  text h2 { font-weight: 700 !important;  color: #062f46 !important;} text img { width: none; left: none;}<\/style>\n<\/p>\n<p>Em 2021, segundo ano da pandemia de covid-19, 90% das pessoas com fun\u00e7\u00e3o de cuidadoras de crian\u00e7as, idosos, pessoas com defici\u00eancia e enfermos eram mulheres, no estado de S\u00e3o Paulo. De acordo com levantamento da Funda\u00e7\u00e3o Seade, intitulado Cuidados no Domic\u00edlio, o mesmo percentual corresponde \u00e0 parcela de cuidadores que t\u00eam parentesco e dividem resid\u00eancia com aqueles de quem cuidam.<\/p>\n<p>Repete-se a propor\u00e7\u00e3o, mais uma vez, quando se trata de mulheres cuidadoras de pessoas com defici\u00eancia. Nesse caso, os respons\u00e1veis que eram familiares e moravam na casa de quem recebia os cuidados eram 93% do total. Os cuidadores dos enfermos tamb\u00e9m eram majoritariamente mulheres (84%) e parentes residentes no domic\u00edlio (88%).<\/p>\n<p>J\u00e1 a porcentagem de cuidadores de crian\u00e7as de at\u00e9 5 anos de idade sobe e chega a 95%, sendo que a maioria (94%) era parente que residia no mesmo domic\u00edlio.<\/p>\n<p>A divis\u00e3o de g\u00eanero se modifica entre cuidadores de idosos. Foram analisadas duas circunst\u00e2ncias: quando o cuidado envolvia idosos com at\u00e9 70 anos de idade e quando era dirigido \u00e0queles com 71 anos ou mais. Na primeira situa\u00e7\u00e3o, as mulheres representavam 73% dos cuidadores e 82% eram parentes residentes no domic\u00edlio. No segundo caso, \u00e9 maior a propor\u00e7\u00e3o de mulheres no trabalho de cuidado (84%) e menor em rela\u00e7\u00e3o ao parentesco (72%), o que pode sinalizar que a tend\u00eancia \u00e9 de se buscar uma cuidadora profissional \u00e0 medida que a idade aumenta.<\/p>\n<p>Do total de cuidadores que compuseram a pesquisa, 7% foram contratado, sendo a maior parte (94%) diretamente pelos moradores do domic\u00edlio. Em 5% dos casos, a contrata\u00e7\u00e3o foi feita por meio de cooperativa ou ag\u00eancia.<\/p>\n<p>Ainda sobre o perfil dos cuidadores, soube-se, por meio da funda\u00e7\u00e3o, que 32% deles possu\u00edam curso relacionado aos cuidados ou \u00e0 \u00e1rea de sa\u00fade. O que predomina s\u00e3o cuidadores com idade entre 30 e 59 anos (63%).<\/p>\n<h2>Soma de jornadas<\/h2>\n<p>Outro ponto em destaque no estudo \u00e9 que entre 15% e 26% dos cuidadores tinham sob sua responsabilidade mais de uma pessoa. Os maiores percentuais foram observados entre aqueles que tomavam conta de enfermos e de idosos de at\u00e9 70 anos.<\/p>\n<p>Al\u00e9m disso, o ac\u00famulo de tarefas \u00e9 algo que os autores do estudo provaram ser parte da realidade dos cuidadores. Quase metade dos cuidadores (44%) tamb\u00e9m ficava incumbido de afazeres dom\u00e9sticos. Constatou-se tamb\u00e9m que 16% conciliavam os cuidados com o trabalho no pr\u00f3prio domic\u00edlio, 12% trabalhavam fora do domic\u00edlio e 14% estavam sem trabalho.<\/p>\n<p class=\"alt-font font-italic my-2 small text-info\">\n                                                Edi\u00e7\u00e3o:   Juliana Andrade                    <\/p>\n<p>            <!-- blog End --><\/p>\n<p>            <!-- tag and share --><\/p>\n<p> Fonte: EBC <\/p>\n<input type=\"hidden\" id=\"baseurl\" value=\"https:\/\/noticiasdestaque.com.br\"><input type=\"hidden\" id=\"audio_nonce\" value=\"581f3017e1\">","protected":false},"excerpt":{"rendered":"<p>Levantamento foi feito pela Funda\u00e7\u00e3o Seade<\/p>\n","protected":false},"author":1,"featured_media":5451,"comment_status":"open","ping_status":"open","sticky":false,"template":"","format":"standard","meta":{"fifu_image_url":"","fifu_image_alt":"","footnotes":""},"categories":[1],"tags":[106],"class_list":["post-5449","post","type-post","status-publish","format-standard","has-post-thumbnail","hentry","category-uncategorized","tag-brunna-pareja"],"distributor_meta":false,"distributor_terms":false,"distributor_media":false,"distributor_original_site_name":"Noticias em Destaque","distributor_original_site_url":"https:\/\/noticiasdestaque.com.br","push-errors":false,"_links":{"self":[{"href":"https:\/\/noticiasdestaque.com.br\/index.php\/wp-json\/wp\/v2\/posts\/5449","targetHints":{"allow":["GET"]}}],"collection":[{"href":"https:\/\/noticiasdestaque.com.br\/index.php\/wp-json\/wp\/v2\/posts"}],"about":[{"href":"https:\/\/noticiasdestaque.com.br\/index.php\/wp-json\/wp\/v2\/types\/post"}],"author":[{"embeddable":true,"href":"https:\/\/noticiasdestaque.com.br\/index.php\/wp-json\/wp\/v2\/users\/1"}],"replies":[{"embeddable":true,"href":"https:\/\/noticiasdestaque.com.br\/index.php\/wp-json\/wp\/v2\/comments?post=5449"}],"version-history":[{"count":1,"href":"https:\/\/noticiasdestaque.com.br\/index.php\/wp-json\/wp\/v2\/posts\/5449\/revisions"}],"predecessor-version":[{"id":5450,"href":"https:\/\/noticiasdestaque.com.br\/index.php\/wp-json\/wp\/v2\/posts\/5449\/revisions\/5450"}],"wp:featuredmedia":[{"embeddable":true,"href":"https:\/\/noticiasdestaque.com.br\/index.php\/wp-json\/wp\/v2\/media\/5451"}],"wp:attachment":[{"href":"https:\/\/noticiasdestaque.com.br\/index.php\/wp-json\/wp\/v2\/media?parent=5449"}],"wp:term":[{"taxonomy":"category","embeddable":true,"href":"https:\/\/noticiasdestaque.com.br\/index.php\/wp-json\/wp\/v2\/categories?post=5449"},{"taxonomy":"post_tag","embeddable":true,"href":"https:\/\/noticiasdestaque.com.br\/index.php\/wp-json\/wp\/v2\/tags?post=5449"}],"curies":[{"name":"wp","href":"https:\/\/api.w.org\/{rel}","templated":true}]}}