{"id":5446,"date":"2023-03-15T00:49:00","date_gmt":"2023-03-15T00:49:00","guid":{"rendered":"https:\/\/noticiasdestaque.com.br\/index.php\/2023\/03\/15\/ministerio-autoriza-envio-da-forca-nacional-ao-rio-grande-do-norte\/"},"modified":"2023-03-15T00:49:00","modified_gmt":"2023-03-15T00:49:00","slug":"ministerio-autoriza-envio-da-forca-nacional-ao-rio-grande-do-norte","status":"publish","type":"post","link":"https:\/\/noticiasdestaque.com.br\/index.php\/2023\/03\/15\/ministerio-autoriza-envio-da-forca-nacional-ao-rio-grande-do-norte\/","title":{"rendered":"Minist\u00e9rio autoriza envio da For\u00e7a Nacional ao Rio Grande do Norte"},"content":{"rendered":"<style> bloco.meta {font-style: italic; color: #666;font-weight: 600;font-size: .8em; \/* line-height: .3em; *\/}  text h2 { font-weight: 700 !important;  color: #062f46 !important;} text img { width: none; left: none;}<\/style>\n<\/p>\n<p>Agentes da For\u00e7a Nacional ser\u00e3o enviados para refor\u00e7ar a seguran\u00e7a p\u00fablica no estado do Rio Grande do Norte, que sofreu nesta ter\u00e7a-feira (14) com ataques a pr\u00e9dios p\u00fablicos e \u00f4nibus e carros incendiados. O ministro da Justi\u00e7a e Seguran\u00e7a P\u00fablica, Fl\u00e1vio Dino, autorizou o envio a pedido da governadora F\u00e1tima Bezerra, que reuniu-se com o ministro hoje em Bras\u00edlia.<\/p>\n<p>De acordo com o minist\u00e9rio, 100 agentes da For\u00e7a Nacional ser\u00e3o deslocados para o estado, al\u00e9m de 30 viaturas. Eles ir\u00e3o em avi\u00f5es cedidos pelo Minist\u00e9rio da Defesa. As viaturas ser\u00e3o levadas por via terrestre.<\/p>\n<p>\u201cAtendendo \u00e0 solicita\u00e7\u00e3o da Governadora F\u00e1tima, do Rio Grande do Norte, autorizei o envio da For\u00e7a Nacional para colaborar com a a\u00e7\u00e3o das for\u00e7as estaduais de seguran\u00e7a. Outras a\u00e7\u00f5es est\u00e3o sendo providenciadas e posteriormente ser\u00e3o anunciadas\u201d, disse Fl\u00e1vio Dino, em mensagem em rede social.<\/p>\n<p>A Pol\u00edcia Rodovi\u00e1ria Federal ir\u00e1 tamb\u00e9m refor\u00e7ar o patrulhamento em rodovias no interior do estado para controlar a circula\u00e7\u00e3o de criminosos. Mais 30 policiais penais de Porto Velho (RO) ser\u00e3o deslocados nesta quarta-feira para Mossor\u00f3 (RN), munic\u00edpio que tem um pres\u00eddio federal. <\/p>\n<p>Nas redes sociais, a governadora F\u00e1tima Bezerra disse que todo o efetivo estadual atua, desde a madrugada, para conter os ataques e prender os envolvidos. \u201cVamos trabalhar juntos, Governo Estadual e Federal, para garantir a seguran\u00e7a da popula\u00e7\u00e3o do Rio Grande do Norte. Os criminosos est\u00e3o sendo localizados e presos para prestar contas \u00e0 justi\u00e7a. N\u00e3o cederemos um mil\u00edmetro e para restabelecer a paz e a ordem no Estado\u201d.<\/p>\n<h2>Transfer\u00eancia de preso<\/h2>\n<p>O minist\u00e9rio informou que um preso foi transferido da penitenci\u00e1ria de Alca\u00e7uz para pres\u00eddio federal, administrado pela Secretaria Nacional de Pol\u00edticas Penais. O preso \u00e9 acusado de liderar uma fac\u00e7\u00e3o criminosa e, conforme as investiga\u00e7\u00f5es, seria um dos mandantes dos ataques ocorridos em Natal e Mossor\u00f3.<\/p>\n<p>\u201cNovas inclus\u00f5es no SPF [Sistema Penitenci\u00e1rio Federal] est\u00e3o sendo analisadas pelas autoridades competentes e poder\u00e3o ocorrer a qualquer momento\u201d, diz nota divulgada pela pasta.<\/p>\n<h2>Ataques<\/h2>\n<p>Os ataques ocorreram entre meia-noite e 2h desta ter\u00e7a-feira em 14 cidades do Rio Grande do Norte. Os criminosos atiraram e incendiaram pr\u00e9dios p\u00fablicos, estabelecimentos comerciais e ve\u00edculos em 14 cidades do estado. Uma pessoa morreu e nove foram presas, segundo informa\u00e7\u00f5es divulgadas pelo minist\u00e9rio.<\/p>\n<p>Para autoridades estaduais, os ataques s\u00e3o uma retalia\u00e7\u00e3o a a\u00e7\u00f5es repressivas do governo ao crime organizado, que resultaram em pris\u00f5es de criminosos nas \u00faltimas semanas.<\/p>\n<p class=\"alt-font font-italic my-2 small text-info\">\n                                                Edi\u00e7\u00e3o:   Carolina Pimentel                    <\/p>\n<p>            <!-- blog End --><\/p>\n<p>            <!-- tag and share --><\/p>\n<p> Fonte: EBC <\/p>\n<input type=\"hidden\" id=\"baseurl\" value=\"https:\/\/noticiasdestaque.com.br\"><input type=\"hidden\" id=\"audio_nonce\" value=\"581f3017e1\">","protected":false},"excerpt":{"rendered":"<p>100 agentes ser\u00e3o deslocados para o estado ap\u00f3s ataques<\/p>\n","protected":false},"author":1,"featured_media":5448,"comment_status":"open","ping_status":"open","sticky":false,"template":"","format":"standard","meta":{"fifu_image_url":"","fifu_image_alt":"","footnotes":""},"categories":[1],"tags":[106],"class_list":["post-5446","post","type-post","status-publish","format-standard","has-post-thumbnail","hentry","category-uncategorized","tag-brunna-pareja"],"distributor_meta":false,"distributor_terms":false,"distributor_media":false,"distributor_original_site_name":"Noticias em Destaque","distributor_original_site_url":"https:\/\/noticiasdestaque.com.br","push-errors":false,"_links":{"self":[{"href":"https:\/\/noticiasdestaque.com.br\/index.php\/wp-json\/wp\/v2\/posts\/5446","targetHints":{"allow":["GET"]}}],"collection":[{"href":"https:\/\/noticiasdestaque.com.br\/index.php\/wp-json\/wp\/v2\/posts"}],"about":[{"href":"https:\/\/noticiasdestaque.com.br\/index.php\/wp-json\/wp\/v2\/types\/post"}],"author":[{"embeddable":true,"href":"https:\/\/noticiasdestaque.com.br\/index.php\/wp-json\/wp\/v2\/users\/1"}],"replies":[{"embeddable":true,"href":"https:\/\/noticiasdestaque.com.br\/index.php\/wp-json\/wp\/v2\/comments?post=5446"}],"version-history":[{"count":1,"href":"https:\/\/noticiasdestaque.com.br\/index.php\/wp-json\/wp\/v2\/posts\/5446\/revisions"}],"predecessor-version":[{"id":5447,"href":"https:\/\/noticiasdestaque.com.br\/index.php\/wp-json\/wp\/v2\/posts\/5446\/revisions\/5447"}],"wp:featuredmedia":[{"embeddable":true,"href":"https:\/\/noticiasdestaque.com.br\/index.php\/wp-json\/wp\/v2\/media\/5448"}],"wp:attachment":[{"href":"https:\/\/noticiasdestaque.com.br\/index.php\/wp-json\/wp\/v2\/media?parent=5446"}],"wp:term":[{"taxonomy":"category","embeddable":true,"href":"https:\/\/noticiasdestaque.com.br\/index.php\/wp-json\/wp\/v2\/categories?post=5446"},{"taxonomy":"post_tag","embeddable":true,"href":"https:\/\/noticiasdestaque.com.br\/index.php\/wp-json\/wp\/v2\/tags?post=5446"}],"curies":[{"name":"wp","href":"https:\/\/api.w.org\/{rel}","templated":true}]}}