{"id":5437,"date":"2023-03-14T20:40:00","date_gmt":"2023-03-14T20:40:00","guid":{"rendered":"https:\/\/noticiasdestaque.com.br\/index.php\/2023\/03\/14\/reajuste-de-valores-da-alimentacao-escolar-ajuda-mas-nao-e-suficiente-diz-especialista\/"},"modified":"2023-03-14T20:40:00","modified_gmt":"2023-03-14T20:40:00","slug":"reajuste-de-valores-da-alimentacao-escolar-ajuda-mas-nao-e-suficiente-diz-especialista","status":"publish","type":"post","link":"https:\/\/noticiasdestaque.com.br\/index.php\/2023\/03\/14\/reajuste-de-valores-da-alimentacao-escolar-ajuda-mas-nao-e-suficiente-diz-especialista\/","title":{"rendered":"Reajuste de valores da alimenta\u00e7\u00e3o escolar ajuda mas n\u00e3o \u00e9 suficiente, diz especialista"},"content":{"rendered":"<p>O governo federal reajustou os valores da alimenta\u00e7\u00e3o escolar no per capita do Programa Nacional de Alimenta\u00e7\u00e3o Escolar (PNAE) entre 28% e 39%. Para o professor de Economia do Ibmec em Bras\u00edlia, William Baghdassarian, embora a medida seja positiva, os valores ainda n\u00e3o s\u00e3o os necess\u00e1rios para manter uma alimenta\u00e7\u00e3o escolar adequada.<\/p>\n<p>O PNAE \u00e9 administrado pelo Fundo Nacional de Desenvolvimento da Educa\u00e7\u00e3o (FNDE), autarquia federal vinculada ao Minist\u00e9rio da Educa\u00e7\u00e3o (MEC). Baghdassarian reconhece que o reajuste beneficiar\u00e1 cerca de 40 milh\u00f5es de estudantes das redes p\u00fablicas de ensino de todo o pa\u00eds. <\/p>\n<p>O professor do Ibmec tamb\u00e9m destaca que, al\u00e9m de o programa cumprir a fun\u00e7\u00e3o social junto aos estudantes, tamb\u00e9m colabora de modo geral com o aquecimento da economia, na medida em que incentiva o consumo de alimentos produzidos pela agricultura familiar.<\/p>\n<p>\u201c\u00c9 uma medida que atende exatamente quem precisava ser atendido, que s\u00e3o as crian\u00e7as, e tamb\u00e9m aquece a economia do pa\u00eds, porque os brasileiros que trabalham no setor da agricultura familiar, ter\u00e3o sua renda melhorada\u201d, reconheceu. \u201cNo entanto, embora seja uma medida positiva, \u00e9 ainda insuficiente, na minha opini\u00e3o, porque os valores n\u00e3o s\u00e3o os valores necess\u00e1rios para manter uma alimenta\u00e7\u00e3o escolar adequada\u201d, afirmou.<\/p>\n<h2>Assimetria<\/h2>\n<p>Segundo o professor do Ibmec, \u201co fato de os valores destinados \u00e0 merenda escolar n\u00e3o serem suficientes faz com que a gente tenha uma assimetria entre os munic\u00edpios\u201d. Conforme o especialista, \u201cda forma como s\u00e3o distribu\u00eddos, os valores criam uma disparidade entre munic\u00edpios ricos e pobres\u201d. <\/p>\n<p>\u201cMunic\u00edpios mais ricos alimentam melhor, enquanto munic\u00edpios mais pobres, que dependem mais desses recursos, alimentam pior &#8211; e isso tem o efeito de propagar a desigualdade\u201d, apontou William Baghdassarian.<\/p>\n<h2>Desmaios<\/h2>\n<p>A professora Evany Silva Santos, que d\u00e1 aula de Alfabetiza\u00e7\u00e3o na Escola Municipal Valpara\u00edso, em Valpara\u00edso de Goi\u00e1s, sabe muito bem a import\u00e2ncia de se servir uma alimenta\u00e7\u00e3o saud\u00e1vel aos estudantes. Ela explica que h\u00e1 casos de alunos que t\u00eam, na merenda escolar, a \u00fanica refei\u00e7\u00e3o do dia. <\/p>\n<p>\u201c\u00c9 muito importante que o governantes se preocupem, tanto com a quantidade quanto com a qualidade\u201d, defende a professora.<\/p>\n<p>&#8220;Muitos estudantes v\u00e3o para a escola praticamente sem o caf\u00e9 da manh\u00e3\u201d, esclarece Evany, informando que j\u00e1 houve casos at\u00e9 de desmaio, em plena sala de aula: \u201cTem aluno desmaiando, quando o lanche atrasa e \u00e9 servido depois de 9h30 &#8211; porque n\u00e3o s\u00e3o bem alimentados em casa&#8221;, relata a pedagoga.<\/p>\n<h2>Distribui\u00e7\u00e3o dos recursos<\/h2>\n<p>Para os ensinos m\u00e9dio e fundamental, que representam mais de 70% dos alunos atendidos pelo Programa, o reajuste ser\u00e1 de 39%. Para os estudantes da pr\u00e9-escola e escolas ind\u00edgenas e quilombolas, o aumento alcan\u00e7a o patamar de 35%. <\/p>\n<p>Para as demais etapas e modalidades, a corre\u00e7\u00e3o ser\u00e1 de 28%. \u202fDe acordo com o Minist\u00e9rio da Educa\u00e7\u00e3o, ser\u00e3o investidos neste ano cerca de R$ 5,5 bilh\u00f5es na melhoria da qualidade dos alimentos nas escolas.  <\/p>\n<h2>O que \u00e9 o PNAE <\/h2>\n<p>O Programa Nacional de Alimenta\u00e7\u00e3o Escolar (PNAE) tem o objetivo de contribuir para o crescimento e o desenvolvimento biopsicossocial dos estudantes, a aprendizagem, o rendimento escolar e a forma\u00e7\u00e3o de h\u00e1bitos alimentares saud\u00e1veis, atrav\u00e9s do oferecimento de alimenta\u00e7\u00e3o nas escolas e de a\u00e7\u00f5es de educa\u00e7\u00e3o alimentar e nutricional. <\/p>\n<p>O PNAE \u00e9 a mais antiga pol\u00edtica p\u00fablica de seguran\u00e7a alimentar e nutricional do pa\u00eds: foi criado em 1955, originalmente com o nome \u201cCampanha de Merenda Escolar\u201d. Atualmente, destina recursos suplementares para apoiar o atendimento di\u00e1rio de cerca de 40 milh\u00f5es de estudantes, em aproximadamente 150 mil escolas. <\/p>\n<p>A transfer\u00eancia financeira \u00e9 dividida em at\u00e9 dez parcelas, de fevereiro a novembro de cada ano, e corresponde a 20 dias letivos por m\u00eas. O c\u00e1lculo sobre os recursos a serem repassados leva em considera\u00e7\u00e3o o n\u00famero de dias de atendimento e o n\u00famero de alunos matriculados em cada rede ou unidade de ensino.\u202f \n <\/p>\n<p> Fonte: Brasil61<\/p>\n<input type=\"hidden\" id=\"baseurl\" value=\"https:\/\/noticiasdestaque.com.br\"><input type=\"hidden\" id=\"audio_nonce\" value=\"581f3017e1\">","protected":false},"excerpt":{"rendered":"<p>Especialista avalia que novos valores destinados pelo governo \u00e0 merenda nas escolas ainda n\u00e3o s\u00e3o suficientes, embora a medida seja positiva<\/p>\n","protected":false},"author":1,"featured_media":5439,"comment_status":"open","ping_status":"open","sticky":false,"template":"","format":"standard","meta":{"fifu_image_url":"","fifu_image_alt":"","footnotes":""},"categories":[1],"tags":[],"class_list":["post-5437","post","type-post","status-publish","format-standard","has-post-thumbnail","hentry","category-uncategorized"],"distributor_meta":false,"distributor_terms":false,"distributor_media":false,"distributor_original_site_name":"Noticias em Destaque","distributor_original_site_url":"https:\/\/noticiasdestaque.com.br","push-errors":false,"_links":{"self":[{"href":"https:\/\/noticiasdestaque.com.br\/index.php\/wp-json\/wp\/v2\/posts\/5437","targetHints":{"allow":["GET"]}}],"collection":[{"href":"https:\/\/noticiasdestaque.com.br\/index.php\/wp-json\/wp\/v2\/posts"}],"about":[{"href":"https:\/\/noticiasdestaque.com.br\/index.php\/wp-json\/wp\/v2\/types\/post"}],"author":[{"embeddable":true,"href":"https:\/\/noticiasdestaque.com.br\/index.php\/wp-json\/wp\/v2\/users\/1"}],"replies":[{"embeddable":true,"href":"https:\/\/noticiasdestaque.com.br\/index.php\/wp-json\/wp\/v2\/comments?post=5437"}],"version-history":[{"count":1,"href":"https:\/\/noticiasdestaque.com.br\/index.php\/wp-json\/wp\/v2\/posts\/5437\/revisions"}],"predecessor-version":[{"id":5438,"href":"https:\/\/noticiasdestaque.com.br\/index.php\/wp-json\/wp\/v2\/posts\/5437\/revisions\/5438"}],"wp:featuredmedia":[{"embeddable":true,"href":"https:\/\/noticiasdestaque.com.br\/index.php\/wp-json\/wp\/v2\/media\/5439"}],"wp:attachment":[{"href":"https:\/\/noticiasdestaque.com.br\/index.php\/wp-json\/wp\/v2\/media?parent=5437"}],"wp:term":[{"taxonomy":"category","embeddable":true,"href":"https:\/\/noticiasdestaque.com.br\/index.php\/wp-json\/wp\/v2\/categories?post=5437"},{"taxonomy":"post_tag","embeddable":true,"href":"https:\/\/noticiasdestaque.com.br\/index.php\/wp-json\/wp\/v2\/tags?post=5437"}],"curies":[{"name":"wp","href":"https:\/\/api.w.org\/{rel}","templated":true}]}}