{"id":5425,"date":"2023-03-14T15:39:00","date_gmt":"2023-03-14T15:39:00","guid":{"rendered":"https:\/\/noticiasdestaque.com.br\/index.php\/2023\/03\/14\/alfabetizacao-evolui-devagar-na-rede-publica-apos-pandemia-dizem-pais\/"},"modified":"2023-03-14T15:39:00","modified_gmt":"2023-03-14T15:39:00","slug":"alfabetizacao-evolui-devagar-na-rede-publica-apos-pandemia-dizem-pais","status":"publish","type":"post","link":"https:\/\/noticiasdestaque.com.br\/index.php\/2023\/03\/14\/alfabetizacao-evolui-devagar-na-rede-publica-apos-pandemia-dizem-pais\/","title":{"rendered":"Alfabetiza\u00e7\u00e3o evolui devagar na rede p\u00fablica ap\u00f3s pandemia, dizem pais"},"content":{"rendered":"<style> bloco.meta {font-style: italic; color: #666;font-weight: 600;font-size: .8em; \/* line-height: .3em; *\/}  text h2 { font-weight: 700 !important;  color: #062f46 !important;} text img { width: none; left: none;}<\/style>\n<\/p>\n<p>Quatro em cada dez pais ou respons\u00e1veis consideram que o avan\u00e7o na alfabetiza\u00e7\u00e3o de estudantes das escolas p\u00fablicas, no retorno \u00e0s aulas presenciais ap\u00f3s a pandemia de covid-19, evoluiu de forma mais lenta do que esperavam.<\/p>\n<p>\u00c9 o que mostra a pesquisa Educa\u00e7\u00e3o na Perspectiva dos Estudantes e suas Fam\u00edlias, encomendada ao Datafolha pela Funda\u00e7\u00e3o Lemann, Ita\u00fa Social e Banco Interamericano de Desenvolvimento (BID), com apoio da Rede Conhecimento Social.<\/p>\n<p>No levantamento, os pais ou respons\u00e1veis revelaram que as crian\u00e7as e os jovens em idade escolar est\u00e3o avan\u00e7ando com dificuldades (34%) ou n\u00e3o est\u00e3o avan\u00e7ando no processo de alfabetiza\u00e7\u00e3o (6%). Al\u00e9m disso, segundo os respons\u00e1veis, 10% dos estudantes de alfabetiza\u00e7\u00e3o est\u00e3o em n\u00edvel muito abaixo do esperado em leitura e escrita e 11% em n\u00edvel inadequado.<\/p>\n<p>A pesquisa foi feita em dezembro de 2022 e ouviu 1.323 respons\u00e1veis por 1.863 estudantes matriculados em escolas p\u00fablicas, entre 6 e 18 anos, e foi feita para avaliar o primeiro ano de retorno presencial \u00e0s aulas ap\u00f3s a pandemia de covid-19.<\/p>\n<p>A apura\u00e7\u00e3o revelou ainda que oito em cada dez entrevistados (78%) consideram que a educa\u00e7\u00e3o deve ser a prioridade dos novos governos, seguida pela sa\u00fade (66%) e pela seguran\u00e7a p\u00fablica (21%). Para que a educa\u00e7\u00e3o seja priorizada, os entrevistados disseram que os novos governos devem garantir maior oferta de forma\u00e7\u00e3o de professores, ampliar o uso de tecnologias nas escolas e promover programas de refor\u00e7o e de recupera\u00e7\u00e3o a estudantes.<\/p>\n<p>Outros dados apresentados mostraram que 66% dos estudantes est\u00e3o em escolas que fazem avalia\u00e7\u00f5es para conhecer as suas dificuldades de aprendizagem e 50% deles tiveram oferta de refor\u00e7o escolar, o maior \u00edndice observado desde maio de 2021. O estudo tamb\u00e9m revelou que 44% dos estudantes estudam em escolas que oferecem apoio psicol\u00f3gico.<\/p>\n<h2>Desigualdades regionais<\/h2>\n<p>O estudo evidenciou que h\u00e1 grande desigualdade regional entre os estudantes da rede p\u00fablica no pa\u00eds. Por exemplo, entre os estudantes da Regi\u00e3o Norte, o uso de tecnologias foi apontado como necessidade maior (28%) do que entre os estudantes das regi\u00f5es Sul e Sudeste do pa\u00eds (18%).<\/p>\n<p>As entrevistas revelaram que h\u00e1 desigualdades de renda: nas escolas de menor n\u00edvel socioecon\u00f4mico, o n\u00famero de estudantes com problemas no processo de alfabetiza\u00e7\u00e3o chega a 50%, sendo que 14% deles n\u00e3o estariam avan\u00e7ando no processo e 36% est\u00e3o avan\u00e7ando, mas com dificuldades.<\/p>\n<p>\u201cA retomada das aulas presenciais nas redes de ensino foi um marco na vida de crian\u00e7as e jovens em idade escolar, ap\u00f3s o per\u00edodo mais cr\u00edtico da pandemia. Agora \u00e9 preciso ter um olhar atento e propor a\u00e7\u00f5es \u00e1geis e eficientes para mitigar o alto \u00edndice de evas\u00e3o escolar, a defasagem na aprendizagem e os desafios relacionados \u00e0 sa\u00fade mental que atingem nossos estudantes. Importa ainda que isso seja feito em todo o territ\u00f3rio nacional, com a\u00e7\u00f5es estruturadas de forma conjunta, garantindo a equidade e qualidade, requisitos b\u00e1sicos para a efetiva\u00e7\u00e3o do direito \u00e0 educa\u00e7\u00e3o\u201d, disse Patricia Mota Guedes, superintendente do Ita\u00fa Social, por meio de nota.<\/p>\n<p class=\"alt-font font-italic my-2 small text-info\">\n                                                Edi\u00e7\u00e3o:   Maria Claudia                    <\/p>\n<p>            <!-- blog End --><\/p>\n<p>            <!-- tag and share --><\/p>\n<p> Fonte: EBC <\/p>\n<input type=\"hidden\" id=\"baseurl\" value=\"https:\/\/noticiasdestaque.com.br\"><input type=\"hidden\" id=\"audio_nonce\" value=\"581f3017e1\">","protected":false},"excerpt":{"rendered":"<p>Pelo menos 40% apontam lentid\u00e3o e dificuldade na volta \u00e0s aulas<\/p>\n","protected":false},"author":1,"featured_media":5427,"comment_status":"open","ping_status":"open","sticky":false,"template":"","format":"standard","meta":{"fifu_image_url":"","fifu_image_alt":"","footnotes":""},"categories":[1],"tags":[174],"class_list":["post-5425","post","type-post","status-publish","format-standard","has-post-thumbnail","hentry","category-uncategorized","tag-internacao-para-alcoolatras"],"distributor_meta":false,"distributor_terms":false,"distributor_media":false,"distributor_original_site_name":"Noticias em Destaque","distributor_original_site_url":"https:\/\/noticiasdestaque.com.br","push-errors":false,"_links":{"self":[{"href":"https:\/\/noticiasdestaque.com.br\/index.php\/wp-json\/wp\/v2\/posts\/5425","targetHints":{"allow":["GET"]}}],"collection":[{"href":"https:\/\/noticiasdestaque.com.br\/index.php\/wp-json\/wp\/v2\/posts"}],"about":[{"href":"https:\/\/noticiasdestaque.com.br\/index.php\/wp-json\/wp\/v2\/types\/post"}],"author":[{"embeddable":true,"href":"https:\/\/noticiasdestaque.com.br\/index.php\/wp-json\/wp\/v2\/users\/1"}],"replies":[{"embeddable":true,"href":"https:\/\/noticiasdestaque.com.br\/index.php\/wp-json\/wp\/v2\/comments?post=5425"}],"version-history":[{"count":1,"href":"https:\/\/noticiasdestaque.com.br\/index.php\/wp-json\/wp\/v2\/posts\/5425\/revisions"}],"predecessor-version":[{"id":5426,"href":"https:\/\/noticiasdestaque.com.br\/index.php\/wp-json\/wp\/v2\/posts\/5425\/revisions\/5426"}],"wp:featuredmedia":[{"embeddable":true,"href":"https:\/\/noticiasdestaque.com.br\/index.php\/wp-json\/wp\/v2\/media\/5427"}],"wp:attachment":[{"href":"https:\/\/noticiasdestaque.com.br\/index.php\/wp-json\/wp\/v2\/media?parent=5425"}],"wp:term":[{"taxonomy":"category","embeddable":true,"href":"https:\/\/noticiasdestaque.com.br\/index.php\/wp-json\/wp\/v2\/categories?post=5425"},{"taxonomy":"post_tag","embeddable":true,"href":"https:\/\/noticiasdestaque.com.br\/index.php\/wp-json\/wp\/v2\/tags?post=5425"}],"curies":[{"name":"wp","href":"https:\/\/api.w.org\/{rel}","templated":true}]}}