{"id":5419,"date":"2023-03-14T15:16:00","date_gmt":"2023-03-14T15:16:00","guid":{"rendered":"https:\/\/noticiasdestaque.com.br\/index.php\/2023\/03\/14\/senado-ouve-presidente-do-bc-sobre-selic-em-de-abril\/"},"modified":"2023-03-14T15:16:00","modified_gmt":"2023-03-14T15:16:00","slug":"senado-ouve-presidente-do-bc-sobre-selic-em-de-abril","status":"publish","type":"post","link":"https:\/\/noticiasdestaque.com.br\/index.php\/2023\/03\/14\/senado-ouve-presidente-do-bc-sobre-selic-em-de-abril\/","title":{"rendered":"Senado ouve presidente do BC sobre Selic em 4 de abril"},"content":{"rendered":"<style> bloco.meta {font-style: italic; color: #666;font-weight: 600;font-size: .8em; \/* line-height: .3em; *\/}  text h2 { font-weight: 700 !important;  color: #062f46 !important;} text img { width: none; left: none;}<\/style>\n<\/p>\n<p>Em meio \u00e0s cr\u00edticas de integrantes do governo do presidente Luiz In\u00e1cio Lula da Silva \u00e0 taxa b\u00e1sica de Juros, a Selic, atualmente em 13,75% ao ano, a Comiss\u00e3o de Assuntos Econ\u00f4micos do Senado (CAE) aprovou, nesta ter\u00e7a-feira feira (14), um convite para ouvir o presidente do Banco Central, Roberto Campos Neto, sobre o assunto. A pedido da assessoria do Banco Central, a audi\u00eancia foi marcada para o dia 4 de abril.<\/p>\n<p>Em outra frente, a CAE tamb\u00e9m aprovou um requerimento para que ex-integrantes das Lojas Americanas prestem esclarecimentos sobre as d\u00edvidas da empresa, estimada em R$ 43 bilh\u00f5es, e que resultou no pedido de recupera\u00e7\u00e3o judicial da empresa. Entre os convidados est\u00e3o os ex-diretores das Americanas Miguel Gomes Pereira Sarmiento Gutierrez, Anna Christina Ramos Saicali, Jos\u00e9 Timotheo de Barros e Marcio Cruz Merelles e o ex-CEO da empresa Sergio Rial.<\/p>\n<p>Tamb\u00e9m foram convidados para participar da audi\u00eancia, marcada para o dia 28 de mar\u00e7o, o presidente da Federa\u00e7\u00e3o Brasileira dos Bancos (Febraban), Isaac Sidney Menezes Ferreira, e o presidente da Comiss\u00e3o de Valores Mobili\u00e1rios (CVM), Jo\u00e3o Pedro Nascimento.<\/p>\n<p>Por se tratar de convite, nenhum deles \u00e9 obrigado a comparecer.<\/p>\n<h2>Ministros<\/h2>\n<p>Como \u00e9 tradicional em todo in\u00edcio de Legislatura, tamb\u00e9m nesta ter\u00e7a-feira a Comiss\u00e3o de Infraestrutura aprovou convites para ouvir v\u00e1rios ministros sobre programas de suas pastas. O ministro das Comunica\u00e7\u00f5es, Juscelino Filho, dever\u00e1 falar sobre a previs\u00e3o de cobertura de telefonia celular e internet 5G no pa\u00eds. Simone Tebet, ministra do Planejamento e Or\u00e7amento, da estrutura b\u00e1sica das cidades. Luciana Santos, ministra da Ci\u00eancia, Tecnologia e Inova\u00e7\u00e3o, da infraestrutura tecnol\u00f3gica do pa\u00eds. J\u00e1 M\u00e1rcio Fran\u00e7a, dos Portos e Aeroportos, e Renan Filho, do Trabalho, v\u00e3o tratar das a\u00e7\u00f5es de suas pastas nos pr\u00f3ximos dois anos.<\/p>\n<p>A Comiss\u00e3o de Desenvolvimento Regional (CDR) tamb\u00e9m aprovou convites para ouvir ministros. O colegiado aprovou requerimentos para saber os planos para os pr\u00f3ximos dois anos de Daniela Carneiro, do Turismo; Jader Filho, das Cidades, e Waldez G\u00f3es, da Integra\u00e7\u00e3o e Desenvolvimento Regional.<\/p>\n<p>As datas de comparecimento das autoridades nas comiss\u00f5es de Infraestrutura e Desenvolvimento Regional ainda n\u00e3o foram definidas.<\/p>\n<p>Ou\u00e7a na <a href=\"https:\/\/agenciabrasil.ebc.com.br\/radioagencia-nacional\" target=\"_blank\">Radioag\u00eancia Nacional<\/a>:<\/p>\n<p>            <audio id=\"media-319370\" preload=\"none\" controls=\"\" style=\"max-width:100%;\" class=\"rounded-lg shadow-sm\"><source src=\"https:\/\/audios.ebc.com.br\/3b\/3be0be74ed7b98b6035b2a14e1b759d6.mp3\" type=\"audio\/mpeg\"><\/audio><\/p>\n<p class=\"alt-font font-italic my-2 small text-info\">\n                                                Edi\u00e7\u00e3o:   Fernando Fraga                    <\/p>\n<p>            <!-- blog End --><\/p>\n<p>            <!-- tag and share --><\/p>\n<p> Fonte: EBC <\/p>\n<input type=\"hidden\" id=\"baseurl\" value=\"https:\/\/noticiasdestaque.com.br\"><input type=\"hidden\" id=\"audio_nonce\" value=\"581f3017e1\">","protected":false},"excerpt":{"rendered":"<p>Senadores tamb\u00e9m aprovaram convites para ouvir ministros<\/p>\n","protected":false},"author":1,"featured_media":5421,"comment_status":"open","ping_status":"open","sticky":false,"template":"","format":"standard","meta":{"fifu_image_url":"","fifu_image_alt":"","footnotes":""},"categories":[1],"tags":[],"class_list":["post-5419","post","type-post","status-publish","format-standard","has-post-thumbnail","hentry","category-uncategorized"],"distributor_meta":false,"distributor_terms":false,"distributor_media":false,"distributor_original_site_name":"Noticias em Destaque","distributor_original_site_url":"https:\/\/noticiasdestaque.com.br","push-errors":false,"_links":{"self":[{"href":"https:\/\/noticiasdestaque.com.br\/index.php\/wp-json\/wp\/v2\/posts\/5419","targetHints":{"allow":["GET"]}}],"collection":[{"href":"https:\/\/noticiasdestaque.com.br\/index.php\/wp-json\/wp\/v2\/posts"}],"about":[{"href":"https:\/\/noticiasdestaque.com.br\/index.php\/wp-json\/wp\/v2\/types\/post"}],"author":[{"embeddable":true,"href":"https:\/\/noticiasdestaque.com.br\/index.php\/wp-json\/wp\/v2\/users\/1"}],"replies":[{"embeddable":true,"href":"https:\/\/noticiasdestaque.com.br\/index.php\/wp-json\/wp\/v2\/comments?post=5419"}],"version-history":[{"count":1,"href":"https:\/\/noticiasdestaque.com.br\/index.php\/wp-json\/wp\/v2\/posts\/5419\/revisions"}],"predecessor-version":[{"id":5420,"href":"https:\/\/noticiasdestaque.com.br\/index.php\/wp-json\/wp\/v2\/posts\/5419\/revisions\/5420"}],"wp:featuredmedia":[{"embeddable":true,"href":"https:\/\/noticiasdestaque.com.br\/index.php\/wp-json\/wp\/v2\/media\/5421"}],"wp:attachment":[{"href":"https:\/\/noticiasdestaque.com.br\/index.php\/wp-json\/wp\/v2\/media?parent=5419"}],"wp:term":[{"taxonomy":"category","embeddable":true,"href":"https:\/\/noticiasdestaque.com.br\/index.php\/wp-json\/wp\/v2\/categories?post=5419"},{"taxonomy":"post_tag","embeddable":true,"href":"https:\/\/noticiasdestaque.com.br\/index.php\/wp-json\/wp\/v2\/tags?post=5419"}],"curies":[{"name":"wp","href":"https:\/\/api.w.org\/{rel}","templated":true}]}}