{"id":5416,"date":"2023-03-14T15:15:00","date_gmt":"2023-03-14T15:15:00","guid":{"rendered":"https:\/\/noticiasdestaque.com.br\/index.php\/2023\/03\/14\/fifa-confirma-grupos-na-proxima-copa-do-mundo-com-selecoes-cada\/"},"modified":"2023-03-14T15:15:00","modified_gmt":"2023-03-14T15:15:00","slug":"fifa-confirma-grupos-na-proxima-copa-do-mundo-com-selecoes-cada","status":"publish","type":"post","link":"https:\/\/noticiasdestaque.com.br\/index.php\/2023\/03\/14\/fifa-confirma-grupos-na-proxima-copa-do-mundo-com-selecoes-cada\/","title":{"rendered":"Fifa confirma 12 grupos na pr\u00f3xima Copa do Mundo, com 4 sele\u00e7\u00f5es cada"},"content":{"rendered":"<style> bloco.meta {font-style: italic; color: #666;font-weight: 600;font-size: .8em; \/* line-height: .3em; *\/}  text h2 { font-weight: 700 !important;  color: #062f46 !important;} text img { width: none; left: none;}<\/style>\n<\/p>\n<p>A Fifa, entidade m\u00e1xima do futebol, confirmou o novo formato da Copa do Mundo que ser\u00e1 adotado a partir da pr\u00f3xima edi\u00e7\u00e3o de 2026.  A competi\u00e7\u00e3o ter\u00e1 12 grupos com quatro sele\u00e7\u00f5es cada. A decis\u00e3o foi anunciada nesta ter\u00e7a-feira (14), em reuni\u00e3o do Conselho da entidade, em Kigali (Ruanda). O pr\u00f3ximo Mundial ocorrer\u00e1 em tr\u00eas sedes: Estados Unidos, Canad\u00e1 e M\u00e9xico.<\/p>\n<p>No novo formato, avan\u00e7ar\u00e3o \u00e0 fase eliminat\u00f3ria os dois primeiros colocados de cada grupo, e tamb\u00e9m oito sele\u00e7\u00f5es melhores terceiras colocadas. Com a altera\u00e7\u00e3o, as equipes que se classificarem \u00e0s semifinais da Copa do Mundo, disputar\u00e3o oito jogos, um mais dos que os tradicionais sete.<\/p>\n<p>Inicialmente, a entidade havia planejado dividir as 48 sele\u00e7\u00f5es em 16 grupos com tr\u00eas times cada, e apenas os dois primeiros de cada chave avan\u00e7ariam ap\u00f3s mata-mata. No entanto, a Fifa resolveu revisar o projeto inicial. Segundo a entidade, \u201co formato revisado mitiga o risco de conluio e garante que todas as equipes joguem no m\u00ednimo tr\u00eas partidas, proporcionando tempo de descanso equilibrado entre equipes concorrentes\u201d.<\/p>\n<p>O Conselho da Fifa tamb\u00e9m definiu que o per\u00edodo de prepara\u00e7\u00e3o para o Mundial ser\u00e1 maior do que vigorou na  \u00faltima Copa do Catar &#8211; de sete dias \u2013 assim como os dias descanso ap\u00f3s a competi\u00e7\u00e3o. A partir de 2026, ser\u00e1 destinado um total de 56 dias (prepara\u00e7\u00e3o, tempo destinado aos jogos da Copa, e per\u00edodo de descanso). Desta forma, a entidade mant\u00e9m os per\u00edodos id\u00eanticos \u00e0s edi\u00e7\u00f5es das Copas de 2010, 2014 e 2018.<\/p>\n<p>O calend\u00e1rio detalhado de partidas internacionais do futebol masculino de 2025 a 2020 ser\u00e1 anunciado pela entidade nos pr\u00f3ximos dias. A partir desta quarta (15), tamb\u00e9m em Kigali, capital de Ruanda, tem in\u00edcio o Congresso da Fifa Fifa e a expectativa \u00e9 que o atual presidente da entidade, Gianni Infantino, seja reeleito para seu terceiro mandato.<\/p>\n<p class=\"alt-font font-italic my-2 small text-info\">\n                                                Edi\u00e7\u00e3o:   Cl\u00e1udia Soares Rodrigues                    <\/p>\n<p>            <!-- blog End --><\/p>\n<p>            <!-- tag and share --><\/p>\n<p> Fonte: EBC <\/p>\n<input type=\"hidden\" id=\"baseurl\" value=\"https:\/\/noticiasdestaque.com.br\"><input type=\"hidden\" id=\"audio_nonce\" value=\"581f3017e1\">","protected":false},"excerpt":{"rendered":"<p>Novo formato passa a valer no Mundial de 2026 nos EUA, Canad\u00e1 e M\u00e9xico<\/p>\n","protected":false},"author":1,"featured_media":5418,"comment_status":"open","ping_status":"open","sticky":false,"template":"","format":"standard","meta":{"fifu_image_url":"","fifu_image_alt":"","footnotes":""},"categories":[1],"tags":[105],"class_list":["post-5416","post","type-post","status-publish","format-standard","has-post-thumbnail","hentry","category-uncategorized","tag-thiago-do-delta"],"distributor_meta":false,"distributor_terms":false,"distributor_media":false,"distributor_original_site_name":"Noticias em Destaque","distributor_original_site_url":"https:\/\/noticiasdestaque.com.br","push-errors":false,"_links":{"self":[{"href":"https:\/\/noticiasdestaque.com.br\/index.php\/wp-json\/wp\/v2\/posts\/5416","targetHints":{"allow":["GET"]}}],"collection":[{"href":"https:\/\/noticiasdestaque.com.br\/index.php\/wp-json\/wp\/v2\/posts"}],"about":[{"href":"https:\/\/noticiasdestaque.com.br\/index.php\/wp-json\/wp\/v2\/types\/post"}],"author":[{"embeddable":true,"href":"https:\/\/noticiasdestaque.com.br\/index.php\/wp-json\/wp\/v2\/users\/1"}],"replies":[{"embeddable":true,"href":"https:\/\/noticiasdestaque.com.br\/index.php\/wp-json\/wp\/v2\/comments?post=5416"}],"version-history":[{"count":1,"href":"https:\/\/noticiasdestaque.com.br\/index.php\/wp-json\/wp\/v2\/posts\/5416\/revisions"}],"predecessor-version":[{"id":5417,"href":"https:\/\/noticiasdestaque.com.br\/index.php\/wp-json\/wp\/v2\/posts\/5416\/revisions\/5417"}],"wp:featuredmedia":[{"embeddable":true,"href":"https:\/\/noticiasdestaque.com.br\/index.php\/wp-json\/wp\/v2\/media\/5418"}],"wp:attachment":[{"href":"https:\/\/noticiasdestaque.com.br\/index.php\/wp-json\/wp\/v2\/media?parent=5416"}],"wp:term":[{"taxonomy":"category","embeddable":true,"href":"https:\/\/noticiasdestaque.com.br\/index.php\/wp-json\/wp\/v2\/categories?post=5416"},{"taxonomy":"post_tag","embeddable":true,"href":"https:\/\/noticiasdestaque.com.br\/index.php\/wp-json\/wp\/v2\/tags?post=5416"}],"curies":[{"name":"wp","href":"https:\/\/api.w.org\/{rel}","templated":true}]}}