{"id":5410,"date":"2023-03-14T15:52:00","date_gmt":"2023-03-14T15:52:00","guid":{"rendered":"https:\/\/noticiasdestaque.com.br\/index.php\/2023\/03\/14\/ex-ministro-eliseu-padilha-morre-aos-anos\/"},"modified":"2023-03-14T15:52:00","modified_gmt":"2023-03-14T15:52:00","slug":"ex-ministro-eliseu-padilha-morre-aos-anos","status":"publish","type":"post","link":"https:\/\/noticiasdestaque.com.br\/index.php\/2023\/03\/14\/ex-ministro-eliseu-padilha-morre-aos-anos\/","title":{"rendered":"Ex-ministro Eliseu Padilha morre aos 77 anos"},"content":{"rendered":"<style> bloco.meta {font-style: italic; color: #666;font-weight: 600;font-size: .8em; \/* line-height: .3em; *\/}  text h2 { font-weight: 700 !important;  color: #062f46 !important;} text img { width: none; left: none;}<\/style>\n<\/p>\n<p>O ex-ministro Eliseu Padilha morreu na noite desta segunda-feira (13), aos 77 anos, em Porto Alegre. Ele estava internado no Hospital Moinhos de Vento para tratar um c\u00e2ncer no est\u00f4mago, descoberto h\u00e1 um m\u00eas.<\/p>\n<p>A informa\u00e7\u00e3o foi confirmada pelo presidente da C\u00e2mara dos Deputados, Arthur Lira (PP-AL). &#8220;Com pesar, recebo a not\u00edcia do falecimento do ex-ministro e ex-deputado Eliseu Padilha. Quadro hist\u00f3rico do MDB, ele foi ministro de tr\u00eas presidentes e se destacou na C\u00e2mara como h\u00e1bil articulador pol\u00edtico ao longo de quatro mandatos. Minha solidariedade \u00e0 vi\u00fava, filhos e amigos&#8221;, tuitou.<\/p>\n<p>Em nota, o MDB lamentou a morte do pol\u00edtico. &#8220;Ele deixa forte legado marcado pela dedica\u00e7\u00e3o a projetos do Rio Grande do Sul e do Brasil&#8221;, destacou o partido. &#8220;Ajudou a construir e a consolidar a Funda\u00e7\u00e3o Ulysses Guimar\u00e3es, bra\u00e7o de forma\u00e7\u00e3o pol\u00edtica e de plataformas pol\u00edticas para o MDB. Padilha sempre ser\u00e1 reconhecido por sua dedica\u00e7\u00e3o e lealdade.&#8221;<\/p>\n<p>Natural de Canela, na Serra Ga\u00facha, Padilha era formado em direito pela Universidade do Vale do Rio dos Sinos e atuava como advogado e empres\u00e1rio. Ele deixou a esposa, Simone Camargo, seis filhos e cinco netos.<\/p>\n<p>Filiado ao MDB desde 1966, Eliseu Padilha foi prefeito de Tramanda\u00ed (RS); deputado federal; ministro dos Transportes no governo de Fernando Henrique Cardoso; ministro-chefe da Secretaria de Avia\u00e7\u00e3o Civil da Presid\u00eancia da Rep\u00fablica no governo de Dilma Rousseff; e ministro-chefe da Casa Civil no governo de Michel Temer.<\/p>\n<p><em>*Com informa\u00e7\u00f5es da Ag\u00eancia C\u00e2mara.<\/em>\n <\/p>\n<p class=\"alt-font font-italic my-2 small text-info\">\n                                                Edi\u00e7\u00e3o:   Juliana Andrade                    <\/p>\n<p>            <!-- blog End --><\/p>\n<p>            <!-- tag and share --><\/p>\n<p> Fonte: EBC <\/p>\n<input type=\"hidden\" id=\"baseurl\" value=\"https:\/\/noticiasdestaque.com.br\"><input type=\"hidden\" id=\"audio_nonce\" value=\"581f3017e1\">","protected":false},"excerpt":{"rendered":"<p>Ele estava internado em Porto Alegre para tratar um c\u00e2ncer no est\u00f4mago<\/p>\n","protected":false},"author":1,"featured_media":5412,"comment_status":"open","ping_status":"open","sticky":false,"template":"","format":"standard","meta":{"fifu_image_url":"","fifu_image_alt":"","footnotes":""},"categories":[1],"tags":[106],"class_list":["post-5410","post","type-post","status-publish","format-standard","has-post-thumbnail","hentry","category-uncategorized","tag-brunna-pareja"],"distributor_meta":false,"distributor_terms":false,"distributor_media":false,"distributor_original_site_name":"Noticias em Destaque","distributor_original_site_url":"https:\/\/noticiasdestaque.com.br","push-errors":false,"_links":{"self":[{"href":"https:\/\/noticiasdestaque.com.br\/index.php\/wp-json\/wp\/v2\/posts\/5410","targetHints":{"allow":["GET"]}}],"collection":[{"href":"https:\/\/noticiasdestaque.com.br\/index.php\/wp-json\/wp\/v2\/posts"}],"about":[{"href":"https:\/\/noticiasdestaque.com.br\/index.php\/wp-json\/wp\/v2\/types\/post"}],"author":[{"embeddable":true,"href":"https:\/\/noticiasdestaque.com.br\/index.php\/wp-json\/wp\/v2\/users\/1"}],"replies":[{"embeddable":true,"href":"https:\/\/noticiasdestaque.com.br\/index.php\/wp-json\/wp\/v2\/comments?post=5410"}],"version-history":[{"count":1,"href":"https:\/\/noticiasdestaque.com.br\/index.php\/wp-json\/wp\/v2\/posts\/5410\/revisions"}],"predecessor-version":[{"id":5411,"href":"https:\/\/noticiasdestaque.com.br\/index.php\/wp-json\/wp\/v2\/posts\/5410\/revisions\/5411"}],"wp:featuredmedia":[{"embeddable":true,"href":"https:\/\/noticiasdestaque.com.br\/index.php\/wp-json\/wp\/v2\/media\/5412"}],"wp:attachment":[{"href":"https:\/\/noticiasdestaque.com.br\/index.php\/wp-json\/wp\/v2\/media?parent=5410"}],"wp:term":[{"taxonomy":"category","embeddable":true,"href":"https:\/\/noticiasdestaque.com.br\/index.php\/wp-json\/wp\/v2\/categories?post=5410"},{"taxonomy":"post_tag","embeddable":true,"href":"https:\/\/noticiasdestaque.com.br\/index.php\/wp-json\/wp\/v2\/tags?post=5410"}],"curies":[{"name":"wp","href":"https:\/\/api.w.org\/{rel}","templated":true}]}}