{"id":5407,"date":"2023-03-14T14:44:00","date_gmt":"2023-03-14T14:44:00","guid":{"rendered":"https:\/\/noticiasdestaque.com.br\/index.php\/2023\/03\/14\/brasil-e-alemanha-reiteram-parceria-visando-transicao-energetica\/"},"modified":"2023-03-14T14:44:00","modified_gmt":"2023-03-14T14:44:00","slug":"brasil-e-alemanha-reiteram-parceria-visando-transicao-energetica","status":"publish","type":"post","link":"https:\/\/noticiasdestaque.com.br\/index.php\/2023\/03\/14\/brasil-e-alemanha-reiteram-parceria-visando-transicao-energetica\/","title":{"rendered":"Brasil e Alemanha reiteram parceria visando transi\u00e7\u00e3o energ\u00e9tica"},"content":{"rendered":"<style> bloco.meta {font-style: italic; color: #666;font-weight: 600;font-size: .8em; \/* line-height: .3em; *\/}  text h2 { font-weight: 700 !important;  color: #062f46 !important;} text img { width: none; left: none;}<\/style>\n<\/p>\n<p>O Brasil e a Alemanha firmaram um documento que reafirma parcerias estrat\u00e9gicas entre os dois pa\u00edses. Os ministros de Minas e Energia do Brasil, Alexandre Silveira, e da Economia e A\u00e7\u00e3o Clim\u00e1tica da Alemanha, Robert Habeck, destacaram que a iniciativa fortalecer\u00e1 a transi\u00e7\u00e3o energ\u00e9tica, reduzindo as emiss\u00f5es de gases de efeito estufa.<\/p>\n<p>Silveira sugeriu ao colega alem\u00e3o a contrata\u00e7\u00e3o de hidrog\u00eanio de baixo carbono produzido no Brasil, de forma a colaborar para a instala\u00e7\u00e3o de plantas industriais no pa\u00eds, o que ajudaria no fortalecimento do Programa Nacional do Hidrog\u00eanio que, segundo ele, \u00e9 uma prioridade do governo brasileiro.<\/p>\n<p>Em nota, o Minist\u00e9rio de Minas e Energia informa que a ideia \u201c\u00e9 fazer um leil\u00e3o no Brasil, com garantia de contrata\u00e7\u00e3o pelo governo alem\u00e3o, para o desenvolvimento do programa de hidrog\u00eanio de baixo carbono tanto para o governo brasileiro, quanto para o alem\u00e3o\u201d.<\/p>\n<p>Silveira explica que a parceria \u201cvai ajudar a avan\u00e7ar a ainda mais a matriz energ\u00e9tica limpa do Brasil\u201d, e que o desafio da pasta ser\u00e1 o de \u201cconciliar esta pol\u00edtica de governo com o desenvolvimento econ\u00f4mico para gera\u00e7\u00e3o de oportunidades para o povo brasileiro de forma a combater as desigualdades, ainda muito latentes na nossa sociedade\u201d.<\/p>\n<p>O ministro brasileiro acrescentou que o pa\u00eds tem \u201cpotencial para ser protagonista nessa pauta\u201d, uma vez que tem escala de mercado, recursos energ\u00e9ticos diversificados e abundantes, \u201cal\u00e9m de um setor energ\u00e9tico com elevada matriz de fontes renov\u00e1veis\u201d.<\/p>\n<p>\u201cNossas energias limpas &#8211; solar, e\u00f3lica e hidr\u00e1ulica \u2013 v\u00eam se desenvolvendo de forma exponencial. H\u00e1 uma tend\u00eancia de termos um grande superavit de energia no Brasil, que pode ser conciliado com os interesses da Alemanha em rela\u00e7\u00e3o ao hidrog\u00eanio verde\u201d, disse Silveira, na nota.<\/p>\n<p>O ministro da Alemanha elogiou o potencial brasileiro para a produ\u00e7\u00e3o de energias renov\u00e1veis e disse que j\u00e1 h\u00e1, em seu pa\u00eds, \u201csetores interessados em investir na produ\u00e7\u00e3o de hidrog\u00eanio de baixo carbono\u201d.<\/p>\n<p class=\"alt-font font-italic my-2 small text-info\">\n                                                Edi\u00e7\u00e3o:   Fernando Fraga                    <\/p>\n<p>            <!-- blog End --><\/p>\n<p>            <!-- tag and share --><\/p>\n<p> Fonte: EBC <\/p>\n<input type=\"hidden\" id=\"baseurl\" value=\"https:\/\/noticiasdestaque.com.br\"><input type=\"hidden\" id=\"audio_nonce\" value=\"581f3017e1\">","protected":false},"excerpt":{"rendered":"<p>Iniciativa pode beneficiar produ\u00e7\u00e3o de hidrog\u00eanio de baixo carbono<\/p>\n","protected":false},"author":1,"featured_media":5409,"comment_status":"open","ping_status":"open","sticky":false,"template":"","format":"standard","meta":{"fifu_image_url":"","fifu_image_alt":"","footnotes":""},"categories":[1],"tags":[107],"class_list":["post-5407","post","type-post","status-publish","format-standard","has-post-thumbnail","hentry","category-uncategorized","tag-closer-vendedor-milionario"],"distributor_meta":false,"distributor_terms":false,"distributor_media":false,"distributor_original_site_name":"Noticias em Destaque","distributor_original_site_url":"https:\/\/noticiasdestaque.com.br","push-errors":false,"_links":{"self":[{"href":"https:\/\/noticiasdestaque.com.br\/index.php\/wp-json\/wp\/v2\/posts\/5407","targetHints":{"allow":["GET"]}}],"collection":[{"href":"https:\/\/noticiasdestaque.com.br\/index.php\/wp-json\/wp\/v2\/posts"}],"about":[{"href":"https:\/\/noticiasdestaque.com.br\/index.php\/wp-json\/wp\/v2\/types\/post"}],"author":[{"embeddable":true,"href":"https:\/\/noticiasdestaque.com.br\/index.php\/wp-json\/wp\/v2\/users\/1"}],"replies":[{"embeddable":true,"href":"https:\/\/noticiasdestaque.com.br\/index.php\/wp-json\/wp\/v2\/comments?post=5407"}],"version-history":[{"count":1,"href":"https:\/\/noticiasdestaque.com.br\/index.php\/wp-json\/wp\/v2\/posts\/5407\/revisions"}],"predecessor-version":[{"id":5408,"href":"https:\/\/noticiasdestaque.com.br\/index.php\/wp-json\/wp\/v2\/posts\/5407\/revisions\/5408"}],"wp:featuredmedia":[{"embeddable":true,"href":"https:\/\/noticiasdestaque.com.br\/index.php\/wp-json\/wp\/v2\/media\/5409"}],"wp:attachment":[{"href":"https:\/\/noticiasdestaque.com.br\/index.php\/wp-json\/wp\/v2\/media?parent=5407"}],"wp:term":[{"taxonomy":"category","embeddable":true,"href":"https:\/\/noticiasdestaque.com.br\/index.php\/wp-json\/wp\/v2\/categories?post=5407"},{"taxonomy":"post_tag","embeddable":true,"href":"https:\/\/noticiasdestaque.com.br\/index.php\/wp-json\/wp\/v2\/tags?post=5407"}],"curies":[{"name":"wp","href":"https:\/\/api.w.org\/{rel}","templated":true}]}}