{"id":5404,"date":"2023-03-14T15:41:00","date_gmt":"2023-03-14T15:41:00","guid":{"rendered":"https:\/\/noticiasdestaque.com.br\/index.php\/2023\/03\/14\/ministerio-da-saude-antecipa-vacinacao-contra-a-influenza-na-regiao-norte\/"},"modified":"2023-03-14T15:41:00","modified_gmt":"2023-03-14T15:41:00","slug":"ministerio-da-saude-antecipa-vacinacao-contra-a-influenza-na-regiao-norte","status":"publish","type":"post","link":"https:\/\/noticiasdestaque.com.br\/index.php\/2023\/03\/14\/ministerio-da-saude-antecipa-vacinacao-contra-a-influenza-na-regiao-norte\/","title":{"rendered":"Minist\u00e9rio da Sa\u00fade antecipa vacina\u00e7\u00e3o contra a influenza na regi\u00e3o Norte"},"content":{"rendered":"<p>O Minist\u00e9rio da Sa\u00fade anunciou que antecipar\u00e1 a vacina\u00e7\u00e3o contra a Influenza na regi\u00e3o Norte. O an\u00fancio foi feito pela ministra N\u00edsia Trindade, na \u00faltima sexta-feira (10). As primeiras remessas do imunizante devem chegar ainda esta semana na regi\u00e3o. <\/p>\n<p>Tradicionalmente, a vacina\u00e7\u00e3o contra a influenza come\u00e7a em todo o pa\u00eds no m\u00eas de abril, mas a ministra  atendeu a uma reivindica\u00e7\u00e3o dos governos estaduais, j\u00e1 que o v\u00edrus circula em diferentes \u00e9pocas em cada estado. <\/p>\n<p>&#8220;O Brasil \u00e9 muito desigual, e n\u00e3o se pode ter um calend\u00e1rio \u00fanico de vacina\u00e7\u00e3o. N\u00f3s estamos antecipando na Regi\u00e3o Norte porque l\u00e1 eles sofrem com a quest\u00e3o do v\u00edrus de influenza de forma antecipada. A vis\u00e3o \u00e9 buscar, tanto quanto poss\u00edvel, atender \u00e0s diferen\u00e7as regionais no Brasil&#8221;, explicou a ministra.<\/p>\n<p>De acordo com a infectologista da Unicamp, Raquel Stucchi,  \u00e9 muito importante fazer um calend\u00e1rio vacinal diferente em cada estado, porque o Brasil \u00e9 um pa\u00eds de dimens\u00f5es continentais e a circula\u00e7\u00e3o do v\u00edrus da influenza n\u00e3o acontece de uma forma uniforme em todo pa\u00eds.<\/p>\n<p>\u201cA regi\u00e3o Norte do pa\u00eds costuma ter a circula\u00e7\u00e3o do v\u00edrus influenza no in\u00edcio do ano (agora), muitas vezes nos primeiros meses do ano e por isso est\u00e1 correta a decis\u00e3o do Minist\u00e9rio da Sa\u00fade em antecipar a vacina\u00e7\u00e3o do hemisf\u00e9rio norte para o m\u00eas mar\u00e7o e in\u00edcio de abril. J\u00e1 nas outras regi\u00f5es do pa\u00eds, a circula\u00e7\u00e3o maior acontece no final do outono e in\u00edcio do inverno\u201d, afirmou a infectologista.<\/p>\n<p>A infectologista ainda afirma que a vacina\u00e7\u00e3o \u00e9 de extrema import\u00e2ncia para todos os p\u00fablicos alvos, em especial as gestantes e os imunossuprimidos para evitar uma complica\u00e7\u00e3o mais grave e situa\u00e7\u00f5es de \u00f3bito.  <\/p>\n<p>\u201cA vacina\u00e7\u00e3o contra a influenza \u00e9 extremamente importante porque n\u00f3s sabemos que alguns grupos popula\u00e7\u00f5es &#8211; ent\u00e3o extremo de idade, gestante, imunossuprimidos, s\u00e3o pessoas pessoas que t\u00eam um risco aumentado de ter doen\u00e7as graves de necessidade de interna\u00e7\u00e3o ou poder inclusive vir a \u00f3bito pela infec\u00e7\u00e3o pelo v\u00edrus influenza, ent\u00e3o estar vacinado \u00e9 diminuir os riscos dessas complica\u00e7\u00f5es e morte pelo v\u00edrus inflex\u00edvel\u201d, completou Stucchi. <\/p>\n<p>O quantitativo de vacina varia conforme os grupos priorit\u00e1rios de cada estado. <\/p>\n<ul>\n<li>Amap\u00e1: 264 mil doses;<\/li>\n<li>Roraima: 296 mil doses;<\/li>\n<li>Acre: 318 mil doses;<\/li>\n<li>Tocantins: 550 mil doses;<\/li>\n<li>Rond\u00f4nia: 594 mil doses;<\/li>\n<li>Amazonas: 1,7 milh\u00e3o de doses;<\/li>\n<li>Par\u00e1: 2,7 milh\u00f5es de doses.<\/li>\n<\/ul>\n<p>No restante do pa\u00eds, a vacina\u00e7\u00e3o segue normalmente conforme previsto no calend\u00e1rio vacinal. No entanto, os grupos priorit\u00e1rios s\u00e3o os mesmos em todo o Brasil.<\/p>\n<ul>\n<li>Crian\u00e7as com idades de 6 meses a menores de 6 anos;<\/li>\n<li>Gestantes;<\/li>\n<li>Pu\u00e9rperas;<\/li>\n<li>Povos ind\u00edgenas;<\/li>\n<li>Trabalhadores da sa\u00fade;<\/li>\n<li>Pessoas maiores de 60 anos;<\/li>\n<li>Professores de escolas p\u00fablicas e privadas;<\/li>\n<li>Pessoas com doen\u00e7as cr\u00f4nicas;<\/li>\n<li>Pessoas com defici\u00eancia permanente;<\/li>\n<li>Profissionais das for\u00e7as de seguran\u00e7a e salvamento;<\/li>\n<li>Integrantes das For\u00e7as Armadas;<\/li>\n<li>Caminhoneiros;<\/li>\n<li>Trabalhadores de transporte rodovi\u00e1rio de passageiros urbano e de longo curso;<\/li>\n<li>Trabalhadores portu\u00e1rios;<\/li>\n<li>Funcion\u00e1rios do sistema prisional;<\/li>\n<li>Adolescentes e jovens de 12 a 21 anos de idade sob medidas socioeducativas;<\/li>\n<li>Popula\u00e7\u00e3o privada de liberdade.<\/li>\n<\/ul>\n<p> Fonte: Brasil61<\/p>\n<input type=\"hidden\" id=\"baseurl\" value=\"https:\/\/noticiasdestaque.com.br\"><input type=\"hidden\" id=\"audio_nonce\" value=\"581f3017e1\">","protected":false},"excerpt":{"rendered":"<p>A medida acontece por  conta das particularidades da regi\u00e3o. Os grupos priorit\u00e1rios s\u00e3o os mesmos das outras campanhas<\/p>\n","protected":false},"author":1,"featured_media":5406,"comment_status":"open","ping_status":"open","sticky":false,"template":"","format":"standard","meta":{"fifu_image_url":"","fifu_image_alt":"","footnotes":""},"categories":[1],"tags":[112],"class_list":["post-5404","post","type-post","status-publish","format-standard","has-post-thumbnail","hentry","category-uncategorized","tag-energreener"],"distributor_meta":false,"distributor_terms":false,"distributor_media":false,"distributor_original_site_name":"Noticias em Destaque","distributor_original_site_url":"https:\/\/noticiasdestaque.com.br","push-errors":false,"_links":{"self":[{"href":"https:\/\/noticiasdestaque.com.br\/index.php\/wp-json\/wp\/v2\/posts\/5404","targetHints":{"allow":["GET"]}}],"collection":[{"href":"https:\/\/noticiasdestaque.com.br\/index.php\/wp-json\/wp\/v2\/posts"}],"about":[{"href":"https:\/\/noticiasdestaque.com.br\/index.php\/wp-json\/wp\/v2\/types\/post"}],"author":[{"embeddable":true,"href":"https:\/\/noticiasdestaque.com.br\/index.php\/wp-json\/wp\/v2\/users\/1"}],"replies":[{"embeddable":true,"href":"https:\/\/noticiasdestaque.com.br\/index.php\/wp-json\/wp\/v2\/comments?post=5404"}],"version-history":[{"count":1,"href":"https:\/\/noticiasdestaque.com.br\/index.php\/wp-json\/wp\/v2\/posts\/5404\/revisions"}],"predecessor-version":[{"id":5405,"href":"https:\/\/noticiasdestaque.com.br\/index.php\/wp-json\/wp\/v2\/posts\/5404\/revisions\/5405"}],"wp:featuredmedia":[{"embeddable":true,"href":"https:\/\/noticiasdestaque.com.br\/index.php\/wp-json\/wp\/v2\/media\/5406"}],"wp:attachment":[{"href":"https:\/\/noticiasdestaque.com.br\/index.php\/wp-json\/wp\/v2\/media?parent=5404"}],"wp:term":[{"taxonomy":"category","embeddable":true,"href":"https:\/\/noticiasdestaque.com.br\/index.php\/wp-json\/wp\/v2\/categories?post=5404"},{"taxonomy":"post_tag","embeddable":true,"href":"https:\/\/noticiasdestaque.com.br\/index.php\/wp-json\/wp\/v2\/tags?post=5404"}],"curies":[{"name":"wp","href":"https:\/\/api.w.org\/{rel}","templated":true}]}}