{"id":5398,"date":"2023-03-14T14:00:00","date_gmt":"2023-03-14T14:00:00","guid":{"rendered":"https:\/\/noticiasdestaque.com.br\/index.php\/2023\/03\/14\/marielle-franco-foi-vitima-de-feminicidio-politico-diz-deputada\/"},"modified":"2023-03-14T14:00:00","modified_gmt":"2023-03-14T14:00:00","slug":"marielle-franco-foi-vitima-de-feminicidio-politico-diz-deputada","status":"publish","type":"post","link":"https:\/\/noticiasdestaque.com.br\/index.php\/2023\/03\/14\/marielle-franco-foi-vitima-de-feminicidio-politico-diz-deputada\/","title":{"rendered":"Marielle Franco foi v\u00edtima de feminic\u00eddio pol\u00edtico, diz deputada"},"content":{"rendered":"<style> bloco.meta {font-style: italic; color: #666;font-weight: 600;font-size: .8em; \/* line-height: .3em; *\/}  text h2 { font-weight: 700 !important;  color: #062f46 !important;} text img { width: none; left: none;}<\/style>\n<\/p>\n<p>Assassinada com v\u00e1rios tiros quando voltava de um evento sobre a defesa dos direitos das mulheres negras, em 14 de mar\u00e7o de 2018, a vereadora Marielle Franco foi v\u00edtima de feminic\u00eddio pol\u00edtico. A avalia\u00e7\u00e3o \u00e9 da deputada estadual fluminense Renata Souza (PSOL). O novo conceito para esse tipo de crime foi defendido por Souza, em seu p\u00f3s-doutorado em Pol\u00edticas, Discursos e Sociedade.<\/p>\n<p>Feminic\u00eddio pol\u00edtico seria o assassinato de uma mulher para silenciar sua luta pol\u00edtica. Segundo a deputada, isso ocorreu com Marielle e outras lideran\u00e7as femininas, como a mission\u00e1ria Dorothy Stang (que se opunha \u00e0 explora\u00e7\u00e3o ilegal da floresta) e a ju\u00edza Patr\u00edcia Acioly (que lutava contra a viol\u00eancia policial). As tr\u00eas foram assassinadas por pistoleiros devido \u00e0s suas atua\u00e7\u00f5es contra ilegalidades.<\/p>\n<p>\u201cFeminic\u00eddio pol\u00edtico existe. Marielle foi v\u00edtima de feminic\u00eddio pol\u00edtico, assim como outras mulheres. A viol\u00eancia pol\u00edtica de g\u00eanero tenta interditar nossas a\u00e7\u00f5es e inviabilizar as nossas atua\u00e7\u00f5es\u201d, afirmou Renata Souza, reeleita em 2022 para seu segundo mandato na Assembleia Legislativa do estado (Alerj).<\/p>\n<p>Renata Souza, \u201cnascida e criada\u201d no Complexo da Mar\u00e9, destacou que mulheres negras, vindas de favelas, que ocupam espa\u00e7o no parlamento causam inc\u00f4modo.<\/p>\n<p>\u201cO feminic\u00eddio pol\u00edtico de Marielle tamb\u00e9m demonstra o quanto somos malquistas nesses espa\u00e7os, espa\u00e7os que, historicamente, foram negados para n\u00f3s, mulheres, mulheres pretas, de favela, de periferia, LGBTQIA \u201d, disse, em semin\u00e1rio realizado para homenagear Marielle Franco, nesta segunda-feira (13), na Funda\u00e7\u00e3o Oswaldo Cruz (Fiocruz).<\/p>\n<p>A ex-deputada estadual M\u00f4nica Francisco, que cresceu no Morro do Borel e foi parlamentar de 2019 at\u00e9 fevereiro deste ano, afirma que o mandato de Marielle, por si s\u00f3, desafiava uma \u201csociedade racista e sexista\u201d.<\/p>\n<p>\u201cAs mulheres negras s\u00e3o atravessadas por um hist\u00f3rico de exist\u00eancia em trag\u00e9dia: o sexismo, o racismo, a desumaniza\u00e7\u00e3o extrema, tudo isso culminou com a execu\u00e7\u00e3o de Marielle. N\u00e3o \u00e9 que a Marielle, em seu mandato, desafiava as pessoas. O desafio maior era a pr\u00f3pria ocupa\u00e7\u00e3o de um espa\u00e7o n\u00e3o destinado \u00e0s mulheres negras. E exist\u00eancia das mulheres negras \u00e9 uma amea\u00e7a numa sociedade racista\u201d, disse, durante o semin\u00e1rio.\n <\/p>\n<blockquote class=\"instagram-media\" data-instgrm-captioned=\"\" data-instgrm-permalink=\"https:\/\/www.instagram.com\/reel\/CpvcUPOpSiW\/?utm_source=ig_embed \n\n<input type=\"hidden\" id=\"baseurl\" value=\"https:\/\/noticiasdestaque.com.br\"><input type=\"hidden\" id=\"audio_nonce\" value=\"581f3017e1\">","protected":false},"excerpt":{"rendered":"<p>Parlamentares afirmam que mulheres negras na pol\u00edtica causam inc\u00f4modo\u00a0<\/p>\n","protected":false},"author":1,"featured_media":5400,"comment_status":"open","ping_status":"open","sticky":false,"template":"","format":"standard","meta":{"fifu_image_url":"","fifu_image_alt":"","footnotes":""},"categories":[1],"tags":[106],"class_list":["post-5398","post","type-post","status-publish","format-standard","has-post-thumbnail","hentry","category-uncategorized","tag-brunna-pareja"],"distributor_meta":false,"distributor_terms":false,"distributor_media":false,"distributor_original_site_name":"Noticias em Destaque","distributor_original_site_url":"https:\/\/noticiasdestaque.com.br","push-errors":false,"_links":{"self":[{"href":"https:\/\/noticiasdestaque.com.br\/index.php\/wp-json\/wp\/v2\/posts\/5398","targetHints":{"allow":["GET"]}}],"collection":[{"href":"https:\/\/noticiasdestaque.com.br\/index.php\/wp-json\/wp\/v2\/posts"}],"about":[{"href":"https:\/\/noticiasdestaque.com.br\/index.php\/wp-json\/wp\/v2\/types\/post"}],"author":[{"embeddable":true,"href":"https:\/\/noticiasdestaque.com.br\/index.php\/wp-json\/wp\/v2\/users\/1"}],"replies":[{"embeddable":true,"href":"https:\/\/noticiasdestaque.com.br\/index.php\/wp-json\/wp\/v2\/comments?post=5398"}],"version-history":[{"count":1,"href":"https:\/\/noticiasdestaque.com.br\/index.php\/wp-json\/wp\/v2\/posts\/5398\/revisions"}],"predecessor-version":[{"id":5399,"href":"https:\/\/noticiasdestaque.com.br\/index.php\/wp-json\/wp\/v2\/posts\/5398\/revisions\/5399"}],"wp:featuredmedia":[{"embeddable":true,"href":"https:\/\/noticiasdestaque.com.br\/index.php\/wp-json\/wp\/v2\/media\/5400"}],"wp:attachment":[{"href":"https:\/\/noticiasdestaque.com.br\/index.php\/wp-json\/wp\/v2\/media?parent=5398"}],"wp:term":[{"taxonomy":"category","embeddable":true,"href":"https:\/\/noticiasdestaque.com.br\/index.php\/wp-json\/wp\/v2\/categories?post=5398"},{"taxonomy":"post_tag","embeddable":true,"href":"https:\/\/noticiasdestaque.com.br\/index.php\/wp-json\/wp\/v2\/tags?post=5398"}],"curies":[{"name":"wp","href":"https:\/\/api.w.org\/{rel}","templated":true}]}}