{"id":5392,"date":"2023-03-14T12:00:00","date_gmt":"2023-03-14T12:00:00","guid":{"rendered":"https:\/\/noticiasdestaque.com.br\/index.php\/2023\/03\/14\/justica-do-rio-decreta-prisao-de-quatro-chefes-de-torcidas-organizadas\/"},"modified":"2023-03-14T12:00:00","modified_gmt":"2023-03-14T12:00:00","slug":"justica-do-rio-decreta-prisao-de-quatro-chefes-de-torcidas-organizadas","status":"publish","type":"post","link":"https:\/\/noticiasdestaque.com.br\/index.php\/2023\/03\/14\/justica-do-rio-decreta-prisao-de-quatro-chefes-de-torcidas-organizadas\/","title":{"rendered":"Justi\u00e7a do Rio decreta pris\u00e3o de quatro chefes de torcidas organizadas"},"content":{"rendered":"<style> bloco.meta {font-style: italic; color: #666;font-weight: 600;font-size: .8em; \/* line-height: .3em; *\/}  text h2 { font-weight: 700 !important;  color: #062f46 !important;} text img { width: none; left: none;}<\/style>\n<\/p>\n<p>Quatro presidentes de torcidas organizadas de clubes cariocas tiveram pris\u00e3o tempor\u00e1ria (30 dias) decretada na noite desta segunda-feira (13) pelo <a href=\"https:\/\/www.tjrj.jus.br\/\">Tribunal de Justi\u00e7a do Rio Janeiro (TJ-RJ).<\/a>  Anderson Azevedo Dias (Young Flu), Fabiano de Souza Marques (For\u00e7a Jovem do Vasco), Bruno da Silva Paulino (Torcida Jovem do Flamengo) e  Anderson Clemente da Silva (Ra\u00e7a Rubro-Negra) v\u00e3o responder pelos crimes de organiza\u00e7\u00e3o criminosa, les\u00e3o corporal grave e tentativa de homic\u00eddio. Al\u00e9m das pris\u00f5es, o TJ-RJ determinou pelos pr\u00f3ximos cinco anos o afastamento das organizadas de eventos esportivos. <\/p>\n<p>A ju\u00edza Ana Beatriz Medes Estrela, do Plant\u00e3o Judici\u00e1rio, determinou a pris\u00e3o dos quatro l\u00edderes das organizadas, destacando na decis\u00e3o que a medida \u00e9 &#8220;imprescind\u00edvel para as investiga\u00e7\u00f5es criminais e para a garantia da ordem p\u00fablica&#8221;.<\/p>\n<blockquote>\n<p>&#8220;Est\u00e3o presentes todos requisitos necess\u00e1rios a embasar a cust\u00f3dia cautelar dos indiciados, conforme se extrai dos elementos at\u00e9 o momento coligidos. A gravidade dos crimes praticados, os bens jur\u00eddicos violados e o desvalor das condutas supostamente perpetradas pelos Indiciados conduzem \u00e0 ado\u00e7\u00e3o de en\u00e9rgicas provid\u00eancias por parte do Poder Judici\u00e1rio, devendo ser ressaltado que a liberdade dos representados pode obstaculizar a colheita de provas e, ainda, colocar em risco a vida ou a integridade f\u00edsica das testemunhas\u201d, citou a ju\u00edza Ana Beatriz Estrella na decis\u00e3o desta segunda (13).<\/p>\n<\/blockquote>\n<p>J\u00e1 o juiz Bruno Vaccari Manfentatti, do Juizado Especial do Toocedor e dos Grandes Eventos, n\u00e3o s\u00f3 vetou a presen\u00e7a das organizadas em eventos esportivos pelos pr\u00f3ximos cinco anos, como tamb\u00e9m determinou que 16 integrantes sejam afastados dos est\u00e1dios em dias de jogos e monitorados por meio de tornozeleiras eletr\u00f4nicas. A medida foi estabelecida em inqu\u00e9rito que apura atos criminosos ocorridos no \u00faltimo dia 5 (domingo), quando um torcedor cruzmaltino morreu em decorr\u00eancia de briga entre vasca\u00ednos e flamenguistas, pouco antes do in\u00edcio do cl\u00e1ssico no no Maracan\u00e3, pelo Campeonato Carioca. <\/p>\n<blockquote>\n<p>&#8220;Os atos de viol\u00eancia noticiados, mormente os do dia 05\/03\/2023, trazem os dados que revelam a pr\u00e1tica dos crimes investigados, bem como o envolvimento das torcidas organizadas. E nesse ponto reside o elemento concreto que fundamenta o cabimento da medida de busca e apreens\u00e3o. Ressaltem-se os v\u00eddeos de barb\u00e1rie e viol\u00eancia desenfreada, autenticadas pela PM como a\u00e7\u00f5es de torcidas organizadas, que foram veiculados em redes sociais e na m\u00eddia\u201d, diz um trecho da decis\u00e3o do magistrado  Manfrenatti.  <\/p>\n<\/blockquote>\n<p>Al\u00e9m do uso de tornozeleiras eletr\u00f4nicas, os 16 integrantes de organizadas n\u00e3o poder\u00e3o deixar o estado do Rio sem autoriza\u00e7\u00e3o judicial e ter\u00e3o de comparecer ao Ju\u00edzo bimestralmente. S\u00e3o eles: Walla Pereira da Silva; Michael Santos da Silva; Abra\u00e3o Renne Pereira; Claudio Domingos de Souza Junior; Gustavo de Miranda Dourado; Paulo Eduardo de Almeida Galv\u00e3o; Maycon Tadeu Carvalho da Silva Fran\u00e7a; Daniel Oliveira de Alvarenga; Jonnathan Willian Teixeira da Silva; Jonathan da Concei\u00e7\u00e3o Oliveira; Vanilson Vieira Santos; Willis Lopes Filho; Thaison Souza de Abreu; Matheus Felipe Lopes de Aguiar; Max Alberto dos Santos Prata; e Guilherme Henrique Santana Rabello.<\/p>\n<p>O magistrado do Juizado Especial do Torcedor tamb\u00e9m autorizou a\u00e7\u00f5es de busca e apreens\u00e3o e a indisponibilidade de bens das torcidas. De acordo com a decis\u00e3o, as dilig\u00eancias s\u00e3o necess\u00e1rias para a continua\u00e7\u00e3o das investiga\u00e7\u00f5es dos crimes cometidos por integrantes de torcidas organizadas.<\/p>\n<p class=\"alt-font font-italic my-2 small text-info\">\n                                                Edi\u00e7\u00e3o:   Cl\u00e1udia Soares Rodrigues                    <\/p>\n<p>            <!-- blog End --><\/p>\n<p>            <!-- tag and share --><\/p>\n<p> Fonte: EBC <\/p>\n<input type=\"hidden\" id=\"baseurl\" value=\"https:\/\/noticiasdestaque.com.br\"><input type=\"hidden\" id=\"audio_nonce\" value=\"581f3017e1\">","protected":false},"excerpt":{"rendered":"<p>Quatro delas est\u00e3o vetadas por cinco anos em eventos esportivos<\/p>\n","protected":false},"author":1,"featured_media":5394,"comment_status":"open","ping_status":"open","sticky":false,"template":"","format":"standard","meta":{"fifu_image_url":"","fifu_image_alt":"","footnotes":""},"categories":[1],"tags":[105],"class_list":["post-5392","post","type-post","status-publish","format-standard","has-post-thumbnail","hentry","category-uncategorized","tag-thiago-do-delta"],"distributor_meta":false,"distributor_terms":false,"distributor_media":false,"distributor_original_site_name":"Noticias em Destaque","distributor_original_site_url":"https:\/\/noticiasdestaque.com.br","push-errors":false,"_links":{"self":[{"href":"https:\/\/noticiasdestaque.com.br\/index.php\/wp-json\/wp\/v2\/posts\/5392","targetHints":{"allow":["GET"]}}],"collection":[{"href":"https:\/\/noticiasdestaque.com.br\/index.php\/wp-json\/wp\/v2\/posts"}],"about":[{"href":"https:\/\/noticiasdestaque.com.br\/index.php\/wp-json\/wp\/v2\/types\/post"}],"author":[{"embeddable":true,"href":"https:\/\/noticiasdestaque.com.br\/index.php\/wp-json\/wp\/v2\/users\/1"}],"replies":[{"embeddable":true,"href":"https:\/\/noticiasdestaque.com.br\/index.php\/wp-json\/wp\/v2\/comments?post=5392"}],"version-history":[{"count":1,"href":"https:\/\/noticiasdestaque.com.br\/index.php\/wp-json\/wp\/v2\/posts\/5392\/revisions"}],"predecessor-version":[{"id":5393,"href":"https:\/\/noticiasdestaque.com.br\/index.php\/wp-json\/wp\/v2\/posts\/5392\/revisions\/5393"}],"wp:featuredmedia":[{"embeddable":true,"href":"https:\/\/noticiasdestaque.com.br\/index.php\/wp-json\/wp\/v2\/media\/5394"}],"wp:attachment":[{"href":"https:\/\/noticiasdestaque.com.br\/index.php\/wp-json\/wp\/v2\/media?parent=5392"}],"wp:term":[{"taxonomy":"category","embeddable":true,"href":"https:\/\/noticiasdestaque.com.br\/index.php\/wp-json\/wp\/v2\/categories?post=5392"},{"taxonomy":"post_tag","embeddable":true,"href":"https:\/\/noticiasdestaque.com.br\/index.php\/wp-json\/wp\/v2\/tags?post=5392"}],"curies":[{"name":"wp","href":"https:\/\/api.w.org\/{rel}","templated":true}]}}