{"id":5389,"date":"2023-03-14T11:30:00","date_gmt":"2023-03-14T11:30:00","guid":{"rendered":"https:\/\/noticiasdestaque.com.br\/index.php\/2023\/03\/14\/centro-ampliara-atendimento-a-paciente-de-doenca-falciforme-na-bahia\/"},"modified":"2023-03-14T11:30:00","modified_gmt":"2023-03-14T11:30:00","slug":"centro-ampliara-atendimento-a-paciente-de-doenca-falciforme-na-bahia","status":"publish","type":"post","link":"https:\/\/noticiasdestaque.com.br\/index.php\/2023\/03\/14\/centro-ampliara-atendimento-a-paciente-de-doenca-falciforme-na-bahia\/","title":{"rendered":"Centro ampliar\u00e1 atendimento a paciente de doen\u00e7a falciforme na Bahia"},"content":{"rendered":"<style> bloco.meta {font-style: italic; color: #666;font-weight: 600;font-size: .8em; \/* line-height: .3em; *\/}  text h2 { font-weight: 700 !important;  color: #062f46 !important;} text img { width: none; left: none;}<\/style>\n<\/p>\n<p>A partir desta ter\u00e7a-feira (14), entra em funcionamento o Centro de Refer\u00eancia de Doen\u00e7a Falciforme da Bahia, em Salvador, que ir\u00e1 ampliar o atendimento aos pacientes. O centro de gest\u00e3o p\u00fablica foi inaugurado nesta segunda-feira (13) pelo Minist\u00e9rio da Sa\u00fade e o governo da Bahia.<\/p>\n<p>No local, ser\u00e3o ofertados diversos tipos de servi\u00e7os m\u00e9dicos. Com isso, os pacientes n\u00e3o ter\u00e3o de ir a outras unidades ou at\u00e9 mesmo deslocar-se para munic\u00edpios vizinhos. Pacientes com a doen\u00e7a falciforme, por exemplo, sofrem com crises de dor e infec\u00e7\u00f5es recorrentes.<\/p>\n<p>&#8220;Queremos garantir exames e diagn\u00f3sticos eficazes para prolongar e garantir a qualidade de vida da popula\u00e7\u00e3o\u201d, disse o secret\u00e1rio de Aten\u00e7\u00e3o Especializada \u00e0 Sa\u00fade, Helv\u00e9cio Magalh\u00e3es, conforme nota divulgada pelo minist\u00e9rio. O governo federal destinou cerca de R$ 3,4 milh\u00f5es para a instala\u00e7\u00e3o do servi\u00e7o. <\/p>\n<h2>O que \u00e9 a doen\u00e7a falciforme<\/h2>\n<p>A doen\u00e7a falciforme \u00e9 uma condi\u00e7\u00e3o gen\u00e9tica heredit\u00e1ria (passa dos pais para os filhos) mais comum no mundo. Caracteriza-se pela altera\u00e7\u00e3o do formato dos gl\u00f3bulos vermelhos do sangue, que passam a ter formato de uma foice, e n\u00e3o arredondados. O formato alterado dificulta a chegada de oxig\u00eanio aos \u00f3rg\u00e3os e tecidos, provocando dores cr\u00f4nicas, anemia e infec\u00e7\u00f5es. <\/p>\n<p>Os sintomas surgem no primeiro ano de vida e estendem-se por toda a vida. Os mais comuns s\u00e3o dor nos ossos e articula\u00e7\u00f5es, principalmente nas m\u00e3os e p\u00e9s; infec\u00e7\u00f5es (pneumonia, meningite); feridas nas pernas que demoram a cicatrizar; e sequestro do sangue no ba\u00e7o (o ba\u00e7o incha e passa a sequestrar sangue do organismo, podendo levar \u00e0 morte).<\/p>\n<p>A Organiza\u00e7\u00e3o Mundial da Sa\u00fade (OMS) estima que 2,5 mil beb\u00eas nascem com a doen\u00e7a por ano. A doen\u00e7a falciforme \u00e9 mais comum na popula\u00e7\u00e3o negra.<\/p>\n<p>Um dos principais exames para o diagn\u00f3stico precoce \u00e9 o teste do pezinho, realizado gratuitamente antes de o beb\u00ea receber alta da maternidade. Em outras faixas et\u00e1rias, o diagn\u00f3stico pode ser feito com o exame de eletroforese de hemoglobina.<\/p>\n<p>Quando a doen\u00e7a \u00e9 identificada, o paciente deve ter acompanhamento m\u00e9dico por toda a vida. O tratamento envolve atendimento de diversos profissionais, como nutricionista, psic\u00f3logo e dentista. O paciente e a fam\u00edlia devem ser orientados ainda sobre como descobrir sinais de gravidade e medidas de preven\u00e7\u00e3o.<\/p>\n<h2>Como vai funcionar o centro<\/h2>\n<p>A Bahia \u00e9 um dos estados com maior incid\u00eancia da doen\u00e7a, uma vez que \u00e9 mais comum na popula\u00e7\u00e3o negra, que corresponde a 76,3% da popula\u00e7\u00e3o baiana. Segundo o Minist\u00e9rio da Sa\u00fade, entre 2015 e 2022, cerca de 6,6 mil crian\u00e7as nasceram com a condi\u00e7\u00e3o no estado, um dos maiores \u00edndices do mundo.<\/p>\n<p>O centro ir\u00e1 funcionar de segunda-feira a sexta-feira, das 7h \u00e0s 19h. O governo da Bahia informou que, na primeira semana, ser\u00e1 feita triagem de pessoas, entre um e 45 anos, que tenham antecedente de anemia com causa desconhecida. A previs\u00e3o \u00e9 aplicar 100 testes por dia para diagn\u00f3stico da doen\u00e7a.<\/p>\n<p>Para fazer o teste, \u00e9 preciso apresentar RG, CPF e cart\u00e3o do SUS. \u00c9 necess\u00e1rio passar pela triagem hematol\u00f3gica para avalia\u00e7\u00e3o espec\u00edfica. Ap\u00f3s esse passo, o paciente pode solicitar atendimento pelo e-mail ambulatorio.triagem@hemoba.ba.gov.br. Para os pacientes j\u00e1 acompanhados pelo servi\u00e7o, as consultas devem ser agendadas pelos telefones (71) 3116-5675 ou 3116-5676, das 8h \u00e0s 19h, de segunda a sexta-feira, ou por email, no endere\u00e7o consulta.ambulatorio@hemoba.ba.gov.br. <\/p>\n<p>O centro ir\u00e1 ofertar atendimento em hematologia, ortopedia, hepatologia, neurologia, oftalmologia, al\u00e9m de nutricionista, psic\u00f3logo, odontologia, fisioterapeuta, assistente social e assist\u00eancia farmac\u00eautica.<\/p>\n<p class=\"alt-font font-italic my-2 small text-info\">\n                                                Edi\u00e7\u00e3o:   Carolina Pimentel                    <\/p>\n<p>            <!-- blog End --><\/p>\n<p>            <!-- tag and share --><\/p>\n<p> Fonte: EBC <\/p>\n<\/div>\n<input type=\"hidden\" id=\"baseurl\" value=\"https:\/\/noticiasdestaque.com.br\"><input type=\"hidden\" id=\"audio_nonce\" value=\"581f3017e1\">","protected":false},"excerpt":{"rendered":"<p>Estado tem um dos maiores \u00edndices de preval\u00eancia do mundo<\/p>\n","protected":false},"author":1,"featured_media":5391,"comment_status":"open","ping_status":"open","sticky":false,"template":"","format":"standard","meta":{"fifu_image_url":"","fifu_image_alt":"","footnotes":""},"categories":[1],"tags":[112],"class_list":["post-5389","post","type-post","status-publish","format-standard","has-post-thumbnail","hentry","category-uncategorized","tag-energreener"],"distributor_meta":false,"distributor_terms":false,"distributor_media":false,"distributor_original_site_name":"Noticias em Destaque","distributor_original_site_url":"https:\/\/noticiasdestaque.com.br","push-errors":false,"_links":{"self":[{"href":"https:\/\/noticiasdestaque.com.br\/index.php\/wp-json\/wp\/v2\/posts\/5389","targetHints":{"allow":["GET"]}}],"collection":[{"href":"https:\/\/noticiasdestaque.com.br\/index.php\/wp-json\/wp\/v2\/posts"}],"about":[{"href":"https:\/\/noticiasdestaque.com.br\/index.php\/wp-json\/wp\/v2\/types\/post"}],"author":[{"embeddable":true,"href":"https:\/\/noticiasdestaque.com.br\/index.php\/wp-json\/wp\/v2\/users\/1"}],"replies":[{"embeddable":true,"href":"https:\/\/noticiasdestaque.com.br\/index.php\/wp-json\/wp\/v2\/comments?post=5389"}],"version-history":[{"count":1,"href":"https:\/\/noticiasdestaque.com.br\/index.php\/wp-json\/wp\/v2\/posts\/5389\/revisions"}],"predecessor-version":[{"id":5390,"href":"https:\/\/noticiasdestaque.com.br\/index.php\/wp-json\/wp\/v2\/posts\/5389\/revisions\/5390"}],"wp:featuredmedia":[{"embeddable":true,"href":"https:\/\/noticiasdestaque.com.br\/index.php\/wp-json\/wp\/v2\/media\/5391"}],"wp:attachment":[{"href":"https:\/\/noticiasdestaque.com.br\/index.php\/wp-json\/wp\/v2\/media?parent=5389"}],"wp:term":[{"taxonomy":"category","embeddable":true,"href":"https:\/\/noticiasdestaque.com.br\/index.php\/wp-json\/wp\/v2\/categories?post=5389"},{"taxonomy":"post_tag","embeddable":true,"href":"https:\/\/noticiasdestaque.com.br\/index.php\/wp-json\/wp\/v2\/tags?post=5389"}],"curies":[{"name":"wp","href":"https:\/\/api.w.org\/{rel}","templated":true}]}}