{"id":5386,"date":"2023-03-14T11:00:00","date_gmt":"2023-03-14T11:00:00","guid":{"rendered":"https:\/\/noticiasdestaque.com.br\/index.php\/2023\/03\/14\/programa-de-protecao-atendeu-mais-de-mil-jovens-e-familiares\/"},"modified":"2023-03-14T11:00:00","modified_gmt":"2023-03-14T11:00:00","slug":"programa-de-protecao-atendeu-mais-de-mil-jovens-e-familiares","status":"publish","type":"post","link":"https:\/\/noticiasdestaque.com.br\/index.php\/2023\/03\/14\/programa-de-protecao-atendeu-mais-de-mil-jovens-e-familiares\/","title":{"rendered":"Programa de prote\u00e7\u00e3o atendeu mais de 13 mil jovens e familiares"},"content":{"rendered":"<style> bloco.meta {font-style: italic; color: #666;font-weight: 600;font-size: .8em; \/* line-height: .3em; *\/}  text h2 { font-weight: 700 !important;  color: #062f46 !important;} text img { width: none; left: none;}<\/style>\n<\/p>\n<p>O Minist\u00e9rio dos Direitos Humanos e da Cidadania (MDHC) divulgou nesta segunda-feira (13), durante semin\u00e1rio em Bras\u00edlia, um balan\u00e7o do trabalho realizado nos \u00faltimos anos pelo Programa de Prote\u00e7\u00e3o a Crian\u00e7as e Adolescentes Amea\u00e7ados de Morte (PPCAAM). O levantamento mostrou que atualmente existem 538 pessoas protegidas, sendo 236 crian\u00e7as e adolescentes e 302 familiares. Entre os jovens, 74% s\u00e3o do sexo masculino e 72% s\u00e3o negros.<\/p>\n<p>De acordo com o secret\u00e1rio nacional dos Direitos da Crian\u00e7a e do Adolescente, Ariel de Castro Alves, de 2003 a 2022, fizeram parte do programa 4.942 crian\u00e7as e adolescentes amea\u00e7ados de morte, al\u00e9m de 8.197 familiares tamb\u00e9m protegidos com o intuito de n\u00e3o separar esses jovens em situa\u00e7\u00e3o de risco de seus parentes. Somados os dois grupos, o PPCAAM j\u00e1 protegeu mais de 13 mil pessoas. \u201cA guerra \u00e0s drogas \u00e9 uma das principais causas da letalidade dos nossos adolescentes, que s\u00e3o muitas vezes explorados pelo tr\u00e1fico de drogas. N\u00e3o \u00e9 o encarceramento que resolve e muito menos a repress\u00e3o policial e os abusos inseridos nessa repress\u00e3o\u201d, criticou Alves.<\/p>\n<p>Para o ministro dos Direitos Humanos, Silvio Almeida, existe uma rela\u00e7\u00e3o direta entre essas mortes e a quest\u00e3o da classe social e da ra\u00e7a. \u201cN\u00f3s somos um dos pa\u00edses do mundo que mais matam crian\u00e7as, de viol\u00eancia dom\u00e9stica; e adolescentes, vitimados pela viol\u00eancia urbana\u201d, disse Almeida durante o evento.<\/p>\n<p>Um estudo do Fundo das Na\u00e7\u00f5es Unidas para a Inf\u00e2ncia (Unicef) e do F\u00f3rum Brasileiro de Seguran\u00e7a P\u00fablica, publicado em 2021, mostrou que, de 2016 a 2020, foram 35 mil assassinatos de crian\u00e7as e adolescentes no pa\u00eds. Segundo o secret\u00e1rio Ariel Alves, at\u00e9 a faixa de 11 anos de idade, a viol\u00eancia dom\u00e9stica \u00e9 a principal causa dessas mortes, sendo que 60% s\u00e3o v\u00edtimas do sexo masculino e 66% s\u00e3o negras. J\u00e1 entre os adolescentes de 12 a 17 anos, 88% s\u00e3o meninos e 83% s\u00e3o negros, geralmente v\u00edtimas da viol\u00eancia urbana e da viol\u00eancia estatal. \u201cA maioria das v\u00edtimas s\u00e3o jovens, s\u00e3o negros, s\u00e3o pobres, s\u00e3o moradores das nossas periferias. Temos 19 crian\u00e7as e adolescentes assassinados todos os dias no Brasil\u201d, afirmou Alves.<\/p>\n<p>Nesse sentido, o ministro criticou a falta de dados e estudos nos \u00faltimos anos sobre a viol\u00eancia contra crian\u00e7as e adolescentes, al\u00e9m da aus\u00eancia de uma pol\u00edtica de Estado feita com base na ci\u00eancia e com um olhar cr\u00edtico sobre a realidade. \u201cN\u00e3o \u00e9 admiss\u00edvel que possamos conviver normalmente com a morte violenta de crian\u00e7as e adolescentes. Queremos a\u00e7\u00f5es orientadas cientificamente que se traduzam na prote\u00e7\u00e3o efetiva da inf\u00e2ncia e adolesc\u00eancia no Brasil\u201d, defendeu.<\/p>\n<p>Almeida destacou ainda que essas pol\u00edticas precisam ser aperfei\u00e7oadas para dar conta das transforma\u00e7\u00f5es da realidade, por isso a import\u00e2ncia de se obter dados cient\u00edficos para transform\u00e1-los em pol\u00edticas de prote\u00e7\u00e3o da juventude no pa\u00eds. \u201cO que aconteceu com a gente no per\u00edodo anterior \u00e9 resultado de uma desconex\u00e3o entre pol\u00edtica de Estado, burocracia estatal e os interesses do povo brasileiro. Nosso desafio \u00e9 construir essa estabilidade pol\u00edtica. O tema da crian\u00e7a e do adolescente deve ser uma pol\u00edtica de Estado, protegidos pela sociedade civil, e por um governo que saiba receber e traduzir os anseios hist\u00f3ricos do povo brasileiro.\u201d<\/p>\n<p>Criado em 2003, o PPCAAM tem o objetivo de preservar a vida de crian\u00e7as e adolescentes amea\u00e7ados de morte e seus familiares, buscando assegurar a garantia dos direitos fundamentais, como o direito \u00e0 conviv\u00eancia familiar, comunit\u00e1ria, educa\u00e7\u00e3o e sa\u00fade, na perspectiva da prote\u00e7\u00e3o integral. O programa \u00e9 coordenado pela Secretaria Nacional dos Direitos da Crian\u00e7a e do Adolescente (SNDCA\/MDHC).<\/p>\n<p class=\"alt-font font-italic my-2 small text-info\">\n                                                Edi\u00e7\u00e3o:   Juliana Andrade                    <\/p>\n<p>            <!-- blog End --><\/p>\n<p>            <!-- tag and share --><\/p>\n<p> Fonte: EBC <\/p>\n<input type=\"hidden\" id=\"baseurl\" value=\"https:\/\/noticiasdestaque.com.br\"><input type=\"hidden\" id=\"audio_nonce\" value=\"581f3017e1\">","protected":false},"excerpt":{"rendered":"<p>Balan\u00e7o se refere ao per\u00edodo de 20 anos e foi divulgado pelo governo<\/p>\n","protected":false},"author":1,"featured_media":5388,"comment_status":"open","ping_status":"open","sticky":false,"template":"","format":"standard","meta":{"fifu_image_url":"","fifu_image_alt":"","footnotes":""},"categories":[1],"tags":[106],"class_list":["post-5386","post","type-post","status-publish","format-standard","has-post-thumbnail","hentry","category-uncategorized","tag-brunna-pareja"],"distributor_meta":false,"distributor_terms":false,"distributor_media":false,"distributor_original_site_name":"Noticias em Destaque","distributor_original_site_url":"https:\/\/noticiasdestaque.com.br","push-errors":false,"_links":{"self":[{"href":"https:\/\/noticiasdestaque.com.br\/index.php\/wp-json\/wp\/v2\/posts\/5386","targetHints":{"allow":["GET"]}}],"collection":[{"href":"https:\/\/noticiasdestaque.com.br\/index.php\/wp-json\/wp\/v2\/posts"}],"about":[{"href":"https:\/\/noticiasdestaque.com.br\/index.php\/wp-json\/wp\/v2\/types\/post"}],"author":[{"embeddable":true,"href":"https:\/\/noticiasdestaque.com.br\/index.php\/wp-json\/wp\/v2\/users\/1"}],"replies":[{"embeddable":true,"href":"https:\/\/noticiasdestaque.com.br\/index.php\/wp-json\/wp\/v2\/comments?post=5386"}],"version-history":[{"count":1,"href":"https:\/\/noticiasdestaque.com.br\/index.php\/wp-json\/wp\/v2\/posts\/5386\/revisions"}],"predecessor-version":[{"id":5387,"href":"https:\/\/noticiasdestaque.com.br\/index.php\/wp-json\/wp\/v2\/posts\/5386\/revisions\/5387"}],"wp:featuredmedia":[{"embeddable":true,"href":"https:\/\/noticiasdestaque.com.br\/index.php\/wp-json\/wp\/v2\/media\/5388"}],"wp:attachment":[{"href":"https:\/\/noticiasdestaque.com.br\/index.php\/wp-json\/wp\/v2\/media?parent=5386"}],"wp:term":[{"taxonomy":"category","embeddable":true,"href":"https:\/\/noticiasdestaque.com.br\/index.php\/wp-json\/wp\/v2\/categories?post=5386"},{"taxonomy":"post_tag","embeddable":true,"href":"https:\/\/noticiasdestaque.com.br\/index.php\/wp-json\/wp\/v2\/tags?post=5386"}],"curies":[{"name":"wp","href":"https:\/\/api.w.org\/{rel}","templated":true}]}}