{"id":5383,"date":"2023-03-14T08:30:00","date_gmt":"2023-03-14T08:30:00","guid":{"rendered":"https:\/\/noticiasdestaque.com.br\/index.php\/2023\/03\/14\/indicadores-preco-do-boi-gordo-inicia-a-terca-feira-com-queda-de\/"},"modified":"2023-03-14T08:30:00","modified_gmt":"2023-03-14T08:30:00","slug":"indicadores-preco-do-boi-gordo-inicia-a-terca-feira-com-queda-de","status":"publish","type":"post","link":"https:\/\/noticiasdestaque.com.br\/index.php\/2023\/03\/14\/indicadores-preco-do-boi-gordo-inicia-a-terca-feira-com-queda-de\/","title":{"rendered":"INDICADORES: pre\u00e7o do boi gordo inicia a ter\u00e7a-feira (14) com queda de 0,71%"},"content":{"rendered":"<p>A cota\u00e7\u00e3o da arroba do boi gordo come\u00e7ou esta ter\u00e7a-feira (14) com queda de 0,71% e a arroba de 15kg \u00e9 negociada a R$ 280,20. No estado de S\u00e3o Paulo, o pre\u00e7o do boi gordo registrou uma alta de 0,48%, sendo negociado a R$ 274,62. <\/p>\n<p>O pre\u00e7o do quilo do frango congelado iniciou o dia sem sofrer altera\u00e7\u00f5es e o produto \u00e9 vendido a R$ 7,30. O pre\u00e7o do quilo do frango resfriado tamb\u00e9m n\u00e3o registrou oscila\u00e7\u00e3o e a mercadoria \u00e9 comercializada a R$ 7,29. <\/p>\n<p>No mercado financeiro, o pre\u00e7o da carca\u00e7a su\u00edna especial tamb\u00e9m n\u00e3o sofreu varia\u00e7\u00f5es, o produto \u00e9 negociado a R$ 10,77. Em Minas Gerais, o su\u00edno vivo \u00e9 vendido a R$ 7,74. No Paran\u00e1, o produto \u00e9 comercializado \u00e0 vista a R$ 7,05.  Em Santa Catarina, o produto custa R$ 6,85. As informa\u00e7\u00f5es s\u00e3o do Cepea.<\/p>\n<p> Fonte: Brasil61<\/p>\n<input type=\"hidden\" id=\"baseurl\" value=\"https:\/\/noticiasdestaque.com.br\"><input type=\"hidden\" id=\"audio_nonce\" value=\"581f3017e1\">","protected":false},"excerpt":{"rendered":"<p>O pre\u00e7o do quilo do frango congelado iniciou o dia sem sofrer altera\u00e7\u00f5es e o produto \u00e9 vendido a R$ 7,30<\/p>\n","protected":false},"author":1,"featured_media":5385,"comment_status":"open","ping_status":"open","sticky":false,"template":"","format":"standard","meta":{"fifu_image_url":"","fifu_image_alt":"","footnotes":""},"categories":[1],"tags":[107],"class_list":["post-5383","post","type-post","status-publish","format-standard","has-post-thumbnail","hentry","category-uncategorized","tag-closer-vendedor-milionario"],"distributor_meta":false,"distributor_terms":false,"distributor_media":false,"distributor_original_site_name":"Noticias em Destaque","distributor_original_site_url":"https:\/\/noticiasdestaque.com.br","push-errors":false,"_links":{"self":[{"href":"https:\/\/noticiasdestaque.com.br\/index.php\/wp-json\/wp\/v2\/posts\/5383","targetHints":{"allow":["GET"]}}],"collection":[{"href":"https:\/\/noticiasdestaque.com.br\/index.php\/wp-json\/wp\/v2\/posts"}],"about":[{"href":"https:\/\/noticiasdestaque.com.br\/index.php\/wp-json\/wp\/v2\/types\/post"}],"author":[{"embeddable":true,"href":"https:\/\/noticiasdestaque.com.br\/index.php\/wp-json\/wp\/v2\/users\/1"}],"replies":[{"embeddable":true,"href":"https:\/\/noticiasdestaque.com.br\/index.php\/wp-json\/wp\/v2\/comments?post=5383"}],"version-history":[{"count":1,"href":"https:\/\/noticiasdestaque.com.br\/index.php\/wp-json\/wp\/v2\/posts\/5383\/revisions"}],"predecessor-version":[{"id":5384,"href":"https:\/\/noticiasdestaque.com.br\/index.php\/wp-json\/wp\/v2\/posts\/5383\/revisions\/5384"}],"wp:featuredmedia":[{"embeddable":true,"href":"https:\/\/noticiasdestaque.com.br\/index.php\/wp-json\/wp\/v2\/media\/5385"}],"wp:attachment":[{"href":"https:\/\/noticiasdestaque.com.br\/index.php\/wp-json\/wp\/v2\/media?parent=5383"}],"wp:term":[{"taxonomy":"category","embeddable":true,"href":"https:\/\/noticiasdestaque.com.br\/index.php\/wp-json\/wp\/v2\/categories?post=5383"},{"taxonomy":"post_tag","embeddable":true,"href":"https:\/\/noticiasdestaque.com.br\/index.php\/wp-json\/wp\/v2\/tags?post=5383"}],"curies":[{"name":"wp","href":"https:\/\/api.w.org\/{rel}","templated":true}]}}