{"id":5380,"date":"2023-03-14T07:30:00","date_gmt":"2023-03-14T07:30:00","guid":{"rendered":"https:\/\/noticiasdestaque.com.br\/index.php\/2023\/03\/14\/indicadores-preco-do-cafe-arabica-inicia-a-terca-feira-com-alta-de\/"},"modified":"2023-03-14T07:30:00","modified_gmt":"2023-03-14T07:30:00","slug":"indicadores-preco-do-cafe-arabica-inicia-a-terca-feira-com-alta-de","status":"publish","type":"post","link":"https:\/\/noticiasdestaque.com.br\/index.php\/2023\/03\/14\/indicadores-preco-do-cafe-arabica-inicia-a-terca-feira-com-alta-de\/","title":{"rendered":"INDICADORES: pre\u00e7o do caf\u00e9 ar\u00e1bica inicia a ter\u00e7a-feira (14) com alta de 1,36%"},"content":{"rendered":"<p>A saca de 60 quilos do caf\u00e9 ar\u00e1bica iniciou a ter\u00e7a-feira (14) com alta de 1,42% no pre\u00e7o. O produto \u00e9 vendido a R$1.107,71 na cidade de S\u00e3o Paulo. J\u00e1 o pre\u00e7o do caf\u00e9 robusta segue em queda e iniciou o dia com baixa de 1,75%. A saca \u00e9 comercializada a R$ 639,33  para retirada no Esp\u00edrito Santo. <\/p>\n<p>O a\u00e7\u00facar cristal  registrou uma leve alta de 0,22% no pre\u00e7o e o produto \u00e9 vendido a R$ 133,64 em S\u00e3o Paulo. O valor da saca de 50 quilos, sem impostos, para retirada em Santos, no litoral paulista,iniciou o dia em queda e a mercadoria \u00e9 comercializada a R$ 133,28. O pre\u00e7o reflete uma queda de 4,19%.<\/p>\n<p>O pre\u00e7o da saca de 60 quilos do milho abriu o dia com alta de 0,34% no mercado financeiro, sendo negociada a R$ 85,61, de acordo com informa\u00e7\u00f5es do Cepea. <\/p>\n<p> Fonte: Brasil61<\/p>\n<input type=\"hidden\" id=\"baseurl\" value=\"https:\/\/noticiasdestaque.com.br\"><input type=\"hidden\" id=\"audio_nonce\" value=\"581f3017e1\">","protected":false},"excerpt":{"rendered":"<p>O a\u00e7\u00facar cristal registrou uma leve alta de 0,22% no pre\u00e7o e o produto \u00e9 vendido a R$ 133,64 em S\u00e3o Paulo<\/p>\n","protected":false},"author":1,"featured_media":5382,"comment_status":"open","ping_status":"open","sticky":false,"template":"","format":"standard","meta":{"fifu_image_url":"","fifu_image_alt":"","footnotes":""},"categories":[1],"tags":[107],"class_list":["post-5380","post","type-post","status-publish","format-standard","has-post-thumbnail","hentry","category-uncategorized","tag-closer-vendedor-milionario"],"distributor_meta":false,"distributor_terms":false,"distributor_media":false,"distributor_original_site_name":"Noticias em Destaque","distributor_original_site_url":"https:\/\/noticiasdestaque.com.br","push-errors":false,"_links":{"self":[{"href":"https:\/\/noticiasdestaque.com.br\/index.php\/wp-json\/wp\/v2\/posts\/5380","targetHints":{"allow":["GET"]}}],"collection":[{"href":"https:\/\/noticiasdestaque.com.br\/index.php\/wp-json\/wp\/v2\/posts"}],"about":[{"href":"https:\/\/noticiasdestaque.com.br\/index.php\/wp-json\/wp\/v2\/types\/post"}],"author":[{"embeddable":true,"href":"https:\/\/noticiasdestaque.com.br\/index.php\/wp-json\/wp\/v2\/users\/1"}],"replies":[{"embeddable":true,"href":"https:\/\/noticiasdestaque.com.br\/index.php\/wp-json\/wp\/v2\/comments?post=5380"}],"version-history":[{"count":1,"href":"https:\/\/noticiasdestaque.com.br\/index.php\/wp-json\/wp\/v2\/posts\/5380\/revisions"}],"predecessor-version":[{"id":5381,"href":"https:\/\/noticiasdestaque.com.br\/index.php\/wp-json\/wp\/v2\/posts\/5380\/revisions\/5381"}],"wp:featuredmedia":[{"embeddable":true,"href":"https:\/\/noticiasdestaque.com.br\/index.php\/wp-json\/wp\/v2\/media\/5382"}],"wp:attachment":[{"href":"https:\/\/noticiasdestaque.com.br\/index.php\/wp-json\/wp\/v2\/media?parent=5380"}],"wp:term":[{"taxonomy":"category","embeddable":true,"href":"https:\/\/noticiasdestaque.com.br\/index.php\/wp-json\/wp\/v2\/categories?post=5380"},{"taxonomy":"post_tag","embeddable":true,"href":"https:\/\/noticiasdestaque.com.br\/index.php\/wp-json\/wp\/v2\/tags?post=5380"}],"curies":[{"name":"wp","href":"https:\/\/api.w.org\/{rel}","templated":true}]}}