{"id":5377,"date":"2023-03-14T07:00:00","date_gmt":"2023-03-14T07:00:00","guid":{"rendered":"https:\/\/noticiasdestaque.com.br\/index.php\/2023\/03\/14\/prazo-para-declarar-imposto-de-renda-comeca-nesta-quarta-feira\/"},"modified":"2023-03-14T07:00:00","modified_gmt":"2023-03-14T07:00:00","slug":"prazo-para-declarar-imposto-de-renda-comeca-nesta-quarta-feira","status":"publish","type":"post","link":"https:\/\/noticiasdestaque.com.br\/index.php\/2023\/03\/14\/prazo-para-declarar-imposto-de-renda-comeca-nesta-quarta-feira\/","title":{"rendered":"Prazo para declarar Imposto de Renda come\u00e7a nesta quarta-feira (15)"},"content":{"rendered":"<p>Nesta quarta-feira (15) tem in\u00edcio o per\u00edodo para enviar a Declara\u00e7\u00e3o de Imposto de Renda de Pessoa F\u00edsica 2023 \u00e0 Receita Federal.  Uma das novidades deste ano \u00e9 que o contribuinte pode usar a declara\u00e7\u00e3o pr\u00e9-preenchida logo na abertura do prazo de entrega do documento, facilidade dispon\u00edvel tanto pelo Programa Gerador de Declara\u00e7\u00e3o (PGD), via computador, quanto pelo Meu Imposto de Renda, on-line e no aplicativo para iOS e Android.<\/p>\n<p>A medida visa minimizar erros e oferecer mais comodidade ao cidad\u00e3o, j\u00e1 que o sistema da Receita traz de forma autom\u00e1tica v\u00e1rias informa\u00e7\u00f5es que antes precisavam ser preenchidas uma a uma pelo contribuinte, que \u00e9 respons\u00e1vel por confirmar, alterar, incluir ou excluir os dados. A expectativa da Receita Federal \u00e9 receber entre 38,5 milh\u00f5es e 39,5 milh\u00f5es de declara\u00e7\u00f5es dentro do per\u00edodo estipulado. Segundo a institui\u00e7\u00e3o, a declara\u00e7\u00e3o pr\u00e9-preenchida deve alcan\u00e7ar 25% dos contribuintes.<\/p>\n<h2>Quem deve declarar<\/h2>\n<p>O cidad\u00e3o que vive no Brasil e recebeu rendimentos tribut\u00e1veis acima de R$ 28.559,70 no ano, ou cerca de R$ 2.380 por m\u00eas, incluindo sal\u00e1rios, aposentadorias, pens\u00f5es e alugu\u00e9is; tamb\u00e9m quem recebeu rendimento isento, n\u00e3o tribut\u00e1vel ou tributado exclusivamente na fonte acima de R$ 40 mil; e que obteve, em qualquer m\u00eas, ganho de capital na aliena\u00e7\u00e3o de bens ou direitos sujeito \u00e0 incid\u00eancia do Imposto. Tamb\u00e9m deve declarar quem tinha, em 31 de dezembro, a posse ou a propriedade de bens ou direitos, inclusive terra nua, de valor total superior a R$ 300 mil.<\/p>\n<p>Entre quem opera em bolsas de valores, de mercadorias, de futuros e assemelhadas, fica obrigado apenas quem, no ano-calend\u00e1rio, realizou somat\u00f3rio de vendas, inclusive isentas, superior a R$ 40 mil; e opera\u00e7\u00f5es sujeitas \u00e0 incid\u00eancia do imposto. J\u00e1 em rela\u00e7\u00e3o \u00e0 atividade rural, tamb\u00e9m deve declarar o cidad\u00e3o que obteve receita bruta em valor superior a R$ 142.798,50; que pretenda compensar, no ano-calend\u00e1rio de 2022 ou posteriores, preju\u00edzos de anos-calend\u00e1rio anteriores ou do pr\u00f3prio ano-calend\u00e1rio de 2022.<\/p>\n<h2>Novidades<\/h2>\n<p>Neomar Camelo, contador da AgenciaContabil, explica algumas novidades na Declara\u00e7\u00e3o do IR deste ano: \u201cNo ano passado o contribuinte que tivesse movimento qualquer valor em bolsa de valores estava obrigada a entregar a declara\u00e7\u00e3o do Imposto de Renda, j\u00e1 neste ano a obrigatoriedade referente a movimenta\u00e7\u00e3o de bolsa \u00e9 somente para quem movimentou a venda a partir de R$ 40 mil reais, ou quem tem obtido lucro de qualquer valor\u201d, elucidou. \u201cUma outra mudan\u00e7a \u00e9 que neste ano vai ser poss\u00edvel autorizar uma outra pessoa, ou seja, um  terceiro, a fazer sua declara\u00e7\u00e3o pr\u00e9-preenchida no site da Receita Federal e envi\u00e1-la\u201d, destacou.<\/p>\n<p>Outra novidade \u00e9 que o contribuinte que utilizar a declara\u00e7\u00e3o pr\u00e9-preenchida ou optar por receber a restitui\u00e7\u00e3o via Pix , chave CPF &#8211; \u00fanica permitida &#8211; ter\u00e1 prioridade no recebimento da restitui\u00e7\u00e3o, ap\u00f3s as j\u00e1 previstas em lei &#8211; contribuintes idosos com idade igual ou superior a 80 e a 60 anos, deficientes e portadores de mol\u00e9stia grave, contribuintes cuja maior fonte de renda seja o magist\u00e9rio. A  consulta \u00e0 restitui\u00e7\u00e3o pode ser realizada na p\u00e1gina da Receita Federal na internet e nos aplicativos oficiais  da institui\u00e7\u00e3o. O calend\u00e1rio previsto \u00e9 o seguinte:<\/p>\n<ul>\n<li>31\/5 \u2013 Primeiro lote <\/li>\n<li>30\/6 \u2013 Segundo lote <\/li>\n<li>31\/7 \u2013 Terceiro lote <\/li>\n<li>31\/8 \u2013 Quarto lote <\/li>\n<li>29\/9 \u2013 Quinto e \u00faltimo lote <\/li>\n<\/ul>\n<h2>Meu Imposto de Renda<\/h2>\n<p>Para a Declara\u00e7\u00e3o do Imposto de Renda em 2023 foram feitas mudan\u00e7as na plataforma Meu Imposto de Renda. Agora, al\u00e9m do pr\u00f3prio contribuinte, podem usar a declara\u00e7\u00e3o pr\u00e9-preenchida o procurador pessoa f\u00edsica ou jur\u00eddica do  contribuinte, via procura\u00e7\u00e3o eletr\u00f4nica; e a pessoa autorizada pelo contribuinte &#8211; como dependentes e grupos familiares &#8211; por meio da nova funcionalidade \u201cAutoriza\u00e7\u00e3o de acesso\u201d, dispon\u00edvel apenas na  ferramento Meu Imposto de Renda.<\/p>\n<p>Tanto quem autoriza quanto quem faz uso da autoriza\u00e7\u00e3o deve ter conta digital no GOV.BR nos  n\u00edveis  Ouro ou Prata. A autoriza\u00e7\u00e3o vale para um \u00fanico CPF (n\u00e3o sendo v\u00e1lida paara CNPJ), e o mesmo CPF pode ser autorizado por at\u00e9 cinco pessoas. O prazo \u00e9 de no m\u00e1ximo seis meses, sendo definido pelo autorizador.<\/p>\n<h2>Prepara\u00e7\u00e3o para declarar<\/h2>\n<p>Luciene Campos \u00e9 gestora de RH e todo ano se organiza no decorrer dos meses para fazer sua declara\u00e7\u00e3o assim que o per\u00edodo inicia. Para isso, ela vai deixando todos os documentos separados em pastas f\u00edsicas e virtuais, e vai acrescentando os que chegam. \u201cEu gosto de declarar o Imposto de Renda no in\u00edcio, ent\u00e3o eu j\u00e1 vou organizando a documenta\u00e7\u00e3o a partir do final do ano, pegando declara\u00e7\u00e3o de escola, de faculdade, a\u00ed assim que \u00e9 liberado o imposto de renda eu fa\u00e7o logo a declara\u00e7\u00e3o, pois quanto mais cedo voc\u00ea declara, mais cedo voc\u00ea recebe a restitui\u00e7\u00e3o\u201d ponderou.<\/p>\n<p>A declara\u00e7\u00e3o pode ser feita at\u00e9 31 de maio, por diferentes plataformas, s\u00e3o elas o Programa Gerador de Declara\u00e7\u00e3o (PGD), via computador, a solu\u00e7\u00e3o Meu Imposto de Renda, on-line ou em aplicativo para iOS ou Android. <\/p>\n<p> Fonte: Brasil61<\/p>\n<input type=\"hidden\" id=\"baseurl\" value=\"https:\/\/noticiasdestaque.com.br\"><input type=\"hidden\" id=\"audio_nonce\" value=\"581f3017e1\">","protected":false},"excerpt":{"rendered":"<p>Per\u00edodo para enviar a declara\u00e7\u00e3o segue at\u00e9 31 de maio, deve declarar quem recebeu rendimentos tribut\u00e1veis  acima de R$ 28.559,70, ou cerca de R$ 2.380 por m\u00eas, incluindo sal\u00e1rios, aposentadorias, pens\u00f5es e alugu\u00e9is<\/p>\n","protected":false},"author":1,"featured_media":5379,"comment_status":"open","ping_status":"open","sticky":false,"template":"","format":"standard","meta":{"fifu_image_url":"","fifu_image_alt":"","footnotes":""},"categories":[1],"tags":[107],"class_list":["post-5377","post","type-post","status-publish","format-standard","has-post-thumbnail","hentry","category-uncategorized","tag-closer-vendedor-milionario"],"distributor_meta":false,"distributor_terms":false,"distributor_media":false,"distributor_original_site_name":"Noticias em Destaque","distributor_original_site_url":"https:\/\/noticiasdestaque.com.br","push-errors":false,"_links":{"self":[{"href":"https:\/\/noticiasdestaque.com.br\/index.php\/wp-json\/wp\/v2\/posts\/5377","targetHints":{"allow":["GET"]}}],"collection":[{"href":"https:\/\/noticiasdestaque.com.br\/index.php\/wp-json\/wp\/v2\/posts"}],"about":[{"href":"https:\/\/noticiasdestaque.com.br\/index.php\/wp-json\/wp\/v2\/types\/post"}],"author":[{"embeddable":true,"href":"https:\/\/noticiasdestaque.com.br\/index.php\/wp-json\/wp\/v2\/users\/1"}],"replies":[{"embeddable":true,"href":"https:\/\/noticiasdestaque.com.br\/index.php\/wp-json\/wp\/v2\/comments?post=5377"}],"version-history":[{"count":1,"href":"https:\/\/noticiasdestaque.com.br\/index.php\/wp-json\/wp\/v2\/posts\/5377\/revisions"}],"predecessor-version":[{"id":5378,"href":"https:\/\/noticiasdestaque.com.br\/index.php\/wp-json\/wp\/v2\/posts\/5377\/revisions\/5378"}],"wp:featuredmedia":[{"embeddable":true,"href":"https:\/\/noticiasdestaque.com.br\/index.php\/wp-json\/wp\/v2\/media\/5379"}],"wp:attachment":[{"href":"https:\/\/noticiasdestaque.com.br\/index.php\/wp-json\/wp\/v2\/media?parent=5377"}],"wp:term":[{"taxonomy":"category","embeddable":true,"href":"https:\/\/noticiasdestaque.com.br\/index.php\/wp-json\/wp\/v2\/categories?post=5377"},{"taxonomy":"post_tag","embeddable":true,"href":"https:\/\/noticiasdestaque.com.br\/index.php\/wp-json\/wp\/v2\/tags?post=5377"}],"curies":[{"name":"wp","href":"https:\/\/api.w.org\/{rel}","templated":true}]}}