{"id":5374,"date":"2023-03-14T06:30:00","date_gmt":"2023-03-14T06:30:00","guid":{"rendered":"https:\/\/noticiasdestaque.com.br\/index.php\/2023\/03\/14\/previsao-do-tempo-para-a-semana-e-de-chuvas-intensas-do-centro-ao-norte-do-pais\/"},"modified":"2023-03-14T06:30:00","modified_gmt":"2023-03-14T06:30:00","slug":"previsao-do-tempo-para-a-semana-e-de-chuvas-intensas-do-centro-ao-norte-do-pais","status":"publish","type":"post","link":"https:\/\/noticiasdestaque.com.br\/index.php\/2023\/03\/14\/previsao-do-tempo-para-a-semana-e-de-chuvas-intensas-do-centro-ao-norte-do-pais\/","title":{"rendered":"Previs\u00e3o do tempo para a semana \u00e9 de chuvas intensas do centro ao norte do pa\u00eds"},"content":{"rendered":"<p>No decorrer desta semana, algumas regi\u00f5es brasileiras v\u00e3o apresentar chuvas intensas que v\u00e3o predominar do centro para a norte do pa\u00eds. <em>\u201cA gente est\u00e1 ainda no Ver\u00e3o. O calor e a umidade favorecem essa converg\u00eancia e esses sistemas agregam o conceito de ver\u00e3o. Esses fatores influenciam e est\u00e3o proporcionando muita chuva do centro ao Norte do pa\u00eds. Ent\u00e3o, as pessoas t\u00eam que ficar atentas, porque o destaque na semana justamente vai ser essa chuva intensa na nessa\u201d, <\/em>explica a meteorologista do Inmet, Andrea Ramos.<\/p>\n<h2>Norte<\/h2>\n<p>O maior volume de chuvas para esta semana aparece do centro ou norte do pa\u00eds, principalmente no Par\u00e1. As chuvas v\u00e3o ser intensas nessas regi\u00f5es, acompanhadas de trovadas isoladas e em alguns momentos, com rajadas de vento. Roraima e boa parte do estado apresentam temperaturas elevadas. Em Bel\u00e9m a temperatura varia entre 24 e 28\u00ba. <\/p>\n<h2>Nordeste<\/h2>\n<p>No norte do Cear\u00e1, norte do Piau\u00ed, em boa parte do Maranh\u00e3o e tamb\u00e9m do Centro ao Sul do Par\u00e1, est\u00e3o previstos grandes acumulados de chuva para a semana. <\/p>\n<p>O tempo abre no interior e norte da Bahia. J\u00e1 na regi\u00e3o litor\u00e2nea a previs\u00e3o \u00e9 de chuva, principalmente em Salvador. <\/p>\n<p>No oeste de Pernambuco, tamb\u00e9m a previs\u00e3o \u00e9 de pancadas de chuvas no decorrer dos pr\u00f3ximos dias. Em Teresina os term\u00f4metros chegam a 30\u00ba.<\/p>\n<h2>Centro-Oeste<\/h2>\n<p>No Centro-Oeste a previs\u00e3o de chuvas fortes durante toda a semana aparece no Mato Grosso, Goi\u00e1s, Mato Grosso do Sul. Em Mato Grosso a m\u00e1xima tamb\u00e9m pode chegar \u00e0 casa dos 30\u00ba.<\/p>\n<h2>Sudeste<\/h2>\n<p>Durante toda a semana, toda a Regi\u00e3o Sudeste apresenta chuva, principalmente em S\u00e3o Paulo, Sul e Noroeste de Minas Gerais, Rio de Janeiro e tamb\u00e9m no litoral do Esp\u00edrito Santo. Na faixa Leste, o tempo abre no norte de Minas Gerais tamb\u00e9m no interior. Durante a semana, a capital mineira a temperatura varia entre 18 e 30\u00ba. <\/p>\n<h2>Sul<\/h2>\n<p>No Sul do pa\u00eds a previs\u00e3o tamb\u00e9m \u00e9 de chuva, na parte oeste do Rio Grande do Sul. Esse clima chuvoso vai chegar em boa hora, j\u00e1 que a regi\u00e3o est\u00e1 saindo de um per\u00edodo de estiagem e temperaturas que alcan\u00e7aram a casa dos 39\u00ba. A chuva predomina tamb\u00e9m no litoral nordeste de Santa Catarina, Paran\u00e1 e o extremo Sul de S\u00e3o Paulo com grande volume. Em Florian\u00f3polis a temperatura fica entre 17 e 27\u00ba. <\/p>\n<p>As temperaturas m\u00e1ximas v\u00e3o concentrar mais no leste do Rio Grande do Sul, atingindo Porto Alegre. Semana ser\u00e1 quente na capital, alcan\u00e7ando a faixa dos 33\u00ba.<\/p>\n<p> Fonte: Brasil61<\/p>\n<input type=\"hidden\" id=\"baseurl\" value=\"https:\/\/noticiasdestaque.com.br\"><input type=\"hidden\" id=\"audio_nonce\" value=\"581f3017e1\">","protected":false},"excerpt":{"rendered":"<p>Umidade e calor favorecem o ac\u00famulo de chuvas nos estados do PA, MA, MS, SP e MG<\/p>\n","protected":false},"author":1,"featured_media":5376,"comment_status":"open","ping_status":"open","sticky":false,"template":"","format":"standard","meta":{"fifu_image_url":"","fifu_image_alt":"","footnotes":""},"categories":[1],"tags":[],"class_list":["post-5374","post","type-post","status-publish","format-standard","has-post-thumbnail","hentry","category-uncategorized"],"distributor_meta":false,"distributor_terms":false,"distributor_media":false,"distributor_original_site_name":"Noticias em Destaque","distributor_original_site_url":"https:\/\/noticiasdestaque.com.br","push-errors":false,"_links":{"self":[{"href":"https:\/\/noticiasdestaque.com.br\/index.php\/wp-json\/wp\/v2\/posts\/5374","targetHints":{"allow":["GET"]}}],"collection":[{"href":"https:\/\/noticiasdestaque.com.br\/index.php\/wp-json\/wp\/v2\/posts"}],"about":[{"href":"https:\/\/noticiasdestaque.com.br\/index.php\/wp-json\/wp\/v2\/types\/post"}],"author":[{"embeddable":true,"href":"https:\/\/noticiasdestaque.com.br\/index.php\/wp-json\/wp\/v2\/users\/1"}],"replies":[{"embeddable":true,"href":"https:\/\/noticiasdestaque.com.br\/index.php\/wp-json\/wp\/v2\/comments?post=5374"}],"version-history":[{"count":1,"href":"https:\/\/noticiasdestaque.com.br\/index.php\/wp-json\/wp\/v2\/posts\/5374\/revisions"}],"predecessor-version":[{"id":5375,"href":"https:\/\/noticiasdestaque.com.br\/index.php\/wp-json\/wp\/v2\/posts\/5374\/revisions\/5375"}],"wp:featuredmedia":[{"embeddable":true,"href":"https:\/\/noticiasdestaque.com.br\/index.php\/wp-json\/wp\/v2\/media\/5376"}],"wp:attachment":[{"href":"https:\/\/noticiasdestaque.com.br\/index.php\/wp-json\/wp\/v2\/media?parent=5374"}],"wp:term":[{"taxonomy":"category","embeddable":true,"href":"https:\/\/noticiasdestaque.com.br\/index.php\/wp-json\/wp\/v2\/categories?post=5374"},{"taxonomy":"post_tag","embeddable":true,"href":"https:\/\/noticiasdestaque.com.br\/index.php\/wp-json\/wp\/v2\/tags?post=5374"}],"curies":[{"name":"wp","href":"https:\/\/api.w.org\/{rel}","templated":true}]}}