{"id":5371,"date":"2023-03-14T05:30:00","date_gmt":"2023-03-14T05:30:00","guid":{"rendered":"https:\/\/noticiasdestaque.com.br\/index.php\/2023\/03\/14\/covid-mais-de-milhoes-de-doses-de-vacinas-bivalentes-ja-foram-aplicadas\/"},"modified":"2023-03-14T05:30:00","modified_gmt":"2023-03-14T05:30:00","slug":"covid-mais-de-milhoes-de-doses-de-vacinas-bivalentes-ja-foram-aplicadas","status":"publish","type":"post","link":"https:\/\/noticiasdestaque.com.br\/index.php\/2023\/03\/14\/covid-mais-de-milhoes-de-doses-de-vacinas-bivalentes-ja-foram-aplicadas\/","title":{"rendered":"Covid-19: mais de 3 milh\u00f5es de doses de vacinas bivalentes j\u00e1 foram aplicadas"},"content":{"rendered":"<p>Mais de 3 milh\u00f5es de doses de vacinas bivalentes contra a Covid-19 j\u00e1 foram aplicadas em idosos acima de 70 anos, pessoas imunocomprometidas, funcion\u00e1rios e pessoas que vivem em institui\u00e7\u00f5es permanentes, ind\u00edgenas, ribeirinhos e quilombolas, desde o come\u00e7o do Movimento Nacional pela Vacina\u00e7\u00e3o que ocorreu no final de fevereiro.<\/p>\n<p>Julival Ribeiro, infectologista, refor\u00e7a que uma das melhores descobertas para a humanidade foram as vacinas, pois assim o ser humano pode se prevenir de doen\u00e7as imunopreven\u00edveis, como a covid, a influenza, sarampo, t\u00e9tano, entre outras doen\u00e7as. <\/p>\n<p>\u201c\u00c9 muito importante para  o Brasil, portanto, voltar ao que era antes: um dos melhores pa\u00edses do mundo em termos de cobertura vacinal. E tem trabalhos mostrando que a popula\u00e7\u00e3o brasileira gosta de levar seus filhos e serem vacinados. Infelizmente, por causa da covid e tanta fake news, come\u00e7aram as pessoas a ter medo das vacinas\u201d, completa. <\/p>\n<p>O infectologista informa que as vacinas s\u00e3o seguras e devem ser tomadas por todos de acordo com as suas respectivas idades. <\/p>\n<h2>O movimento est\u00e1 dividido em 5 etapas, s\u00e3o elas:<\/h2>\n<p><strong>Etapa 1 &#8211; fevereiro<\/strong><\/p>\n<p>Vacina\u00e7\u00e3o contra Covid-19 (refor\u00e7o com a vacina bivalente)<\/p>\n<p>P\u00fablico-alvo:<\/p>\n<ul>\n<li>Pessoas com maior risco de formas graves de Covid-19;<\/li>\n<li>Pessoas com mais de 60 anos;<\/li>\n<li>Gestantes e pu\u00e9rperas;<\/li>\n<li>Pacientes imunocomprometidos;<\/li>\n<li>Pessoas com defici\u00eancia;<\/li>\n<li>Pessoas vivendo em Institui\u00e7\u00f5es de Longa Perman\u00eancia (ILP);<\/li>\n<li>Povos ind\u00edgenas, ribeirinhos e quilombolas;<\/li>\n<li>Trabalhadores  da sa\u00fade.<\/li>\n<\/ul>\n<p><strong>Etapa 2 &#8211; mar\u00e7o<\/strong><\/p>\n<p>Intensifica\u00e7\u00e3o da vacina\u00e7\u00e3o contra Covid-19<\/p>\n<p>P\u00fablico alvo:<\/p>\n<p>Toda a popula\u00e7\u00e3o com mais de 12 anos.<\/p>\n<p><strong>Etapa 3 \u2013 mar\u00e7o<\/strong><\/p>\n<p>Intensifica\u00e7\u00e3o da vacina\u00e7\u00e3o de Covid-19 entre crian\u00e7as e adolescentes<\/p>\n<p>P\u00fablico alvo:<\/p>\n<p>Crian\u00e7as de 6 meses a 17 anos.<\/p>\n<p><strong>Etapa 4 \u2013 abril<\/strong><\/p>\n<p>Vacina\u00e7\u00e3o de Influenza<\/p>\n<p>P\u00fablico-alvo:<\/p>\n<ul>\n<li>Pessoas com mais de 60 anos;<\/li>\n<li>Adolescentes em medidas socioeducativas;<\/li>\n<li>Caminhoneiros<\/li>\n<li>Crian\u00e7as de 6 meses a 4 anos;<\/li>\n<li>For\u00e7as Armadas;<\/li>\n<li>For\u00e7as de Seguran\u00e7a e Salvamento;<\/li>\n<li>Gestantes e pu\u00e9rperas;<\/li>\n<li>Pessoas com defici\u00eancia;<\/li>\n<li>Pessoas com comorbidades;<\/li>\n<li>Popula\u00e7\u00e3o privada de liberdade;<\/li>\n<li>Povos ind\u00edgenas, ribeirinhos e quilombolas;<\/li>\n<li>Professores;<\/li>\n<li>Profissionais de transporte coletivo;<\/li>\n<li>Profissionais portu\u00e1rios;<\/li>\n<li>Profissionais do Sistema de Priva\u00e7\u00e3o de Liberdade;<\/li>\n<li>Trabalhadores da sa\u00fade.<\/li>\n<\/ul>\n<p><strong>Etapa 5 &#8211; maio<\/strong><\/p>\n<p>Multivacina\u00e7\u00e3o de poliomielite e sarampo nas escolas.<\/p>\n<h2>Import\u00e2ncia da vacina\u00e7\u00e3o<\/h2>\n<p>Chris Gallafrio, infectologista, informa que as vacinas anteriores contra a Covid-19 foram feitas com base nas primeiras variantes do v\u00edrus e que o mesmo tem sofrido diversas muta\u00e7\u00f5es ao longo do tempo. Essa situa\u00e7\u00e3o, segundo ela, faz com que o imunizante das primeiras doses n\u00e3o funcione t\u00e3o bem quanto antes. <\/p>\n<p>\u201cEssa bivalente foi modificada para proteger tamb\u00e9m contra a variante \u00d4micron, e o que a gente tem circulando hoje em dia s\u00e3o as subvariantes dela. Ent\u00e3o, os idosos e os imunodeprimidos, que s\u00e3o os que t\u00eam risco maior de desenvolver a doen\u00e7a grave, quando eles s\u00e3o vacinados com a vacina bivalente, ficam justamente com uma prote\u00e7\u00e3o maior contra a variante que est\u00e1 circulando atualmente\u201d, pontua a especialista.<\/p>\n<p>Elo\u00edsa Fontenele, moradora de Santa Maria &#8211; DF, tem dois filhos pequenos e diz que acha importante estar com os cart\u00f5es de vacina em dia para ajudar com a imunidade das crian\u00e7as. <\/p>\n<p>\u201cEu particularmente acho importante estar com as vacinas em dia, porque as vacinas for\u00e7am o organismo a produzir anticorpos e vai refor\u00e7ando ainda mais a imunidade da crian\u00e7a\u201d, completa.<br \/>\nPara consultar os locais e hor\u00e1rios de vacina\u00e7\u00e3o da sua cidade, entre em contato com a Secretaria de Sa\u00fade do munic\u00edpio.<\/p>\n<p><strong>Veja Mais<\/strong><\/p>\n<\/p>\n<p> Fonte: Brasil61<\/p>\n<input type=\"hidden\" id=\"baseurl\" value=\"https:\/\/noticiasdestaque.com.br\"><input type=\"hidden\" id=\"audio_nonce\" value=\"581f3017e1\">","protected":false},"excerpt":{"rendered":"<p>A infectologista Chris Gallafrio explica que as vacinas anteriores contra a Covid-19 foram produzidas com base nas primeiras variantes do v\u00edrus e como o mesmo tem sofrido diversas muta\u00e7\u00f5es ao longo do tempo, o imunizante das primeiras doses passa a n\u00e3o funcionar t\u00e3o bem quanto antes. <\/p>\n","protected":false},"author":1,"featured_media":5373,"comment_status":"open","ping_status":"open","sticky":false,"template":"","format":"standard","meta":{"fifu_image_url":"","fifu_image_alt":"","footnotes":""},"categories":[1],"tags":[112],"class_list":["post-5371","post","type-post","status-publish","format-standard","has-post-thumbnail","hentry","category-uncategorized","tag-energreener"],"distributor_meta":false,"distributor_terms":false,"distributor_media":false,"distributor_original_site_name":"Noticias em Destaque","distributor_original_site_url":"https:\/\/noticiasdestaque.com.br","push-errors":false,"_links":{"self":[{"href":"https:\/\/noticiasdestaque.com.br\/index.php\/wp-json\/wp\/v2\/posts\/5371","targetHints":{"allow":["GET"]}}],"collection":[{"href":"https:\/\/noticiasdestaque.com.br\/index.php\/wp-json\/wp\/v2\/posts"}],"about":[{"href":"https:\/\/noticiasdestaque.com.br\/index.php\/wp-json\/wp\/v2\/types\/post"}],"author":[{"embeddable":true,"href":"https:\/\/noticiasdestaque.com.br\/index.php\/wp-json\/wp\/v2\/users\/1"}],"replies":[{"embeddable":true,"href":"https:\/\/noticiasdestaque.com.br\/index.php\/wp-json\/wp\/v2\/comments?post=5371"}],"version-history":[{"count":1,"href":"https:\/\/noticiasdestaque.com.br\/index.php\/wp-json\/wp\/v2\/posts\/5371\/revisions"}],"predecessor-version":[{"id":5372,"href":"https:\/\/noticiasdestaque.com.br\/index.php\/wp-json\/wp\/v2\/posts\/5371\/revisions\/5372"}],"wp:featuredmedia":[{"embeddable":true,"href":"https:\/\/noticiasdestaque.com.br\/index.php\/wp-json\/wp\/v2\/media\/5373"}],"wp:attachment":[{"href":"https:\/\/noticiasdestaque.com.br\/index.php\/wp-json\/wp\/v2\/media?parent=5371"}],"wp:term":[{"taxonomy":"category","embeddable":true,"href":"https:\/\/noticiasdestaque.com.br\/index.php\/wp-json\/wp\/v2\/categories?post=5371"},{"taxonomy":"post_tag","embeddable":true,"href":"https:\/\/noticiasdestaque.com.br\/index.php\/wp-json\/wp\/v2\/tags?post=5371"}],"curies":[{"name":"wp","href":"https:\/\/api.w.org\/{rel}","templated":true}]}}