{"id":5347,"date":"2023-03-13T16:45:00","date_gmt":"2023-03-13T16:45:00","guid":{"rendered":"https:\/\/noticiasdestaque.com.br\/index.php\/2023\/03\/13\/bombeiros-de-sao-paulo-receberam-chamados-por-causa-das-chuvas\/"},"modified":"2023-03-13T16:45:00","modified_gmt":"2023-03-13T16:45:00","slug":"bombeiros-de-sao-paulo-receberam-chamados-por-causa-das-chuvas","status":"publish","type":"post","link":"https:\/\/noticiasdestaque.com.br\/index.php\/2023\/03\/13\/bombeiros-de-sao-paulo-receberam-chamados-por-causa-das-chuvas\/","title":{"rendered":"Bombeiros de S\u00e3o Paulo receberam 142 chamados por causa das chuvas"},"content":{"rendered":"<style> bloco.meta {font-style: italic; color: #666;font-weight: 600;font-size: .8em; \/* line-height: .3em; *\/}  text h2 { font-weight: 700 !important;  color: #062f46 !important;} text img { width: none; left: none;}<\/style>\n<\/p>\n<p>As chuvas que atingiram a capital paulista e a regi\u00e3o metropolitana de S\u00e3o Paulo no final de semana resultaram em 63 chamados para quedas de \u00e1rvores, 58 para enchentes e alagamentos e 21 para desmoronamento e desabamento. Segundo o balan\u00e7o divulgado pelo Corpo de Bombeiros, nesta segunda-feira (13), nenhuma pessoa ficou ferida.<\/p>\n<p>De acordo com o Centro de Gerenciamento de Emerg\u00eancias (CGE) da cidade de S\u00e3o Paulo, a manh\u00e3 desta segunda-feira terminou com c\u00e9u nublado e temperaturas em eleva\u00e7\u00e3o, com os term\u00f4metros marcando 25\u00b0C em m\u00e9dia. A estimativa \u00e9 a de que a m\u00e1xima chegue a 27\u00b0C. A umidade relativa do ar oscila em torno de 80% e pode marcar at\u00e9 55%. Dados do CGE da Prefeitura de S\u00e3o Paulo mostram que mar\u00e7o acumulou, at\u00e9 o momento, 130,8 mm, o que representa aproximadamente 73,6% dos 177,6 mm esperados para o m\u00eas.<\/p>\n<p>\u201cImagens do radar meteorol\u00f3gico da Prefeitura de S\u00e3o Paulo n\u00e3o mostram chuvas na cidade, por\u00e9m, entre o meio da tarde e o in\u00edcio da noite, a propaga\u00e7\u00e3o de \u00e1reas de instabilidade provoca chuvas na forma de pancadas. H\u00e1 condi\u00e7\u00f5es para pontos de moderada a forte intensidade com raios e rajadas de vento, o que em conjunto com o solo que j\u00e1 se encontra encharcado eleva o potencial para forma\u00e7\u00e3o de alagamentos, inunda\u00e7\u00f5es, queda de \u00e1rvores e deslizamentos de terra\u201d, diz a previs\u00e3o do CGE.<\/p>\n<p>A tend\u00eancia para os pr\u00f3ximos dias s\u00e3o de sol entre nuvens e temperaturas em eleva\u00e7\u00e3o no decorrer da ter\u00e7a-feira (14), com temperatura variando entre 18\u00b0C e 28\u00b0C. As \u00e1reas de instabilidade ganham for\u00e7a no per\u00edodo da tarde, o que favorece o retorno das pancadas de chuva variando de moderada a forte intensidade com raios e rajadas de vento.<\/p>\n<p>Na quarta-feira (15), o sol aparece entre nuvens e favorece a eleva\u00e7\u00e3o das temperaturas, com m\u00ednima de 18\u00b0C e m\u00e1xima de 29\u00b0C. No final da tarde a chegada da brisa mar\u00edtima aumenta a nebulosidade, o que favorece a ocorr\u00eancia de chuvas na forma de pancadas isoladas.<\/p>\n<p class=\"alt-font font-italic my-2 small text-info\">\n                                                Edi\u00e7\u00e3o:   Fernando Fraga                    <\/p>\n<p>            <!-- blog End --><\/p>\n<p>            <!-- tag and share --><\/p>\n<p> Fonte: EBC <\/p>\n<input type=\"hidden\" id=\"baseurl\" value=\"https:\/\/noticiasdestaque.com.br\"><input type=\"hidden\" id=\"audio_nonce\" value=\"581f3017e1\">","protected":false},"excerpt":{"rendered":"<p>H\u00e1 previs\u00e3o de pancadas de chuva hoje<\/p>\n","protected":false},"author":1,"featured_media":5349,"comment_status":"open","ping_status":"open","sticky":false,"template":"","format":"standard","meta":{"fifu_image_url":"","fifu_image_alt":"","footnotes":""},"categories":[1],"tags":[106],"class_list":["post-5347","post","type-post","status-publish","format-standard","has-post-thumbnail","hentry","category-uncategorized","tag-brunna-pareja"],"distributor_meta":false,"distributor_terms":false,"distributor_media":false,"distributor_original_site_name":"Noticias em Destaque","distributor_original_site_url":"https:\/\/noticiasdestaque.com.br","push-errors":false,"_links":{"self":[{"href":"https:\/\/noticiasdestaque.com.br\/index.php\/wp-json\/wp\/v2\/posts\/5347","targetHints":{"allow":["GET"]}}],"collection":[{"href":"https:\/\/noticiasdestaque.com.br\/index.php\/wp-json\/wp\/v2\/posts"}],"about":[{"href":"https:\/\/noticiasdestaque.com.br\/index.php\/wp-json\/wp\/v2\/types\/post"}],"author":[{"embeddable":true,"href":"https:\/\/noticiasdestaque.com.br\/index.php\/wp-json\/wp\/v2\/users\/1"}],"replies":[{"embeddable":true,"href":"https:\/\/noticiasdestaque.com.br\/index.php\/wp-json\/wp\/v2\/comments?post=5347"}],"version-history":[{"count":1,"href":"https:\/\/noticiasdestaque.com.br\/index.php\/wp-json\/wp\/v2\/posts\/5347\/revisions"}],"predecessor-version":[{"id":5348,"href":"https:\/\/noticiasdestaque.com.br\/index.php\/wp-json\/wp\/v2\/posts\/5347\/revisions\/5348"}],"wp:featuredmedia":[{"embeddable":true,"href":"https:\/\/noticiasdestaque.com.br\/index.php\/wp-json\/wp\/v2\/media\/5349"}],"wp:attachment":[{"href":"https:\/\/noticiasdestaque.com.br\/index.php\/wp-json\/wp\/v2\/media?parent=5347"}],"wp:term":[{"taxonomy":"category","embeddable":true,"href":"https:\/\/noticiasdestaque.com.br\/index.php\/wp-json\/wp\/v2\/categories?post=5347"},{"taxonomy":"post_tag","embeddable":true,"href":"https:\/\/noticiasdestaque.com.br\/index.php\/wp-json\/wp\/v2\/tags?post=5347"}],"curies":[{"name":"wp","href":"https:\/\/api.w.org\/{rel}","templated":true}]}}