{"id":5341,"date":"2023-03-13T08:48:00","date_gmt":"2023-03-13T08:48:00","guid":{"rendered":"https:\/\/noticiasdestaque.com.br\/index.php\/2023\/03\/13\/nove-em-dez-mortes-em-acoes-policiais-na-mare-tem-indicios-de-execucao\/"},"modified":"2023-03-13T08:48:00","modified_gmt":"2023-03-13T08:48:00","slug":"nove-em-dez-mortes-em-acoes-policiais-na-mare-tem-indicios-de-execucao","status":"publish","type":"post","link":"https:\/\/noticiasdestaque.com.br\/index.php\/2023\/03\/13\/nove-em-dez-mortes-em-acoes-policiais-na-mare-tem-indicios-de-execucao\/","title":{"rendered":"Nove em dez mortes em a\u00e7\u00f5es policiais na Mar\u00e9 t\u00eam ind\u00edcios de execu\u00e7\u00e3o"},"content":{"rendered":"<style> bloco.meta {font-style: italic; color: #666;font-weight: 600;font-size: .8em; \/* line-height: .3em; *\/}  text h2 { font-weight: 700 !important;  color: #062f46 !important;} text img { width: none; left: none;}<\/style>\n<\/p>\n<p>Levantamento feito pela organiza\u00e7\u00e3o n\u00e3o governamental (ONG) Redes da Mar\u00e9 mostra que nove em dez mortes (89%), ocorridas durante opera\u00e7\u00f5es policiais no Complexo da Mar\u00e9 em 2022, t\u00eam ind\u00edcios de execu\u00e7\u00e3o extrajudicial. A 7\u00aa edi\u00e7\u00e3o do <em>Boletim Direito \u00e0 Seguran\u00e7a P\u00fablica na Mar\u00e9<\/em>, que traz esse e outros dados sobre viol\u00eancia no conjunto de favelas da zona norte do Rio, foi publicado <span id=\"OBJ_PREFIX_DWT281_com_zimbra_date\" role=\"link\">hoje<\/span> (13).<\/p>\n<p>As execu\u00e7\u00f5es s\u00e3o assassinatos cometidos de forma intencional, em que a v\u00edtima n\u00e3o tem direito de defesa (como tiros \u00e0 queima-roupa ou tiros nas costas da v\u00edtima), e, portanto, s\u00e3o ilegais.<\/p>\n<p>O percentual de supostas execu\u00e7\u00f5es cometidas pelos policiais \u00e9 parecido com aquelas cometidas pelos grupos armados ilegais no territ\u00f3rio (92%).<\/p>\n<p>Segundo a coordenadora do estudo, Camila Barros, os dados foram compilados com base em v\u00e1rias fontes, como a observa\u00e7\u00e3o direta de colaboradores da ONG (que ficam de plant\u00e3o durante os confrontos armados), relatos de testemunhas, evid\u00eancias f\u00edsicas dos locais dos crimes e laudos do Instituto M\u00e9dico-Legal (IML).<\/p>\n<p>\u201cTeve uma opera\u00e7\u00e3o que aconteceu em setembro, na Baixa do Sapateiro, em que 19 pessoas foram mantidas em c\u00e1rcere privado [por policiais], numa casa. Houve uma mobiliza\u00e7\u00e3o muito grande dos moradores e das lideran\u00e7as locais. Se n\u00e3o tivesse toda essa mobiliza\u00e7\u00e3o, possivelmente teria mais uma chacina naquela ocasi\u00e3o. Mesmo assim, duas pessoas foram executadas. O relato que a gente tem \u00e9 que foram escolhidos a dedo e executados com um tiro na cabe\u00e7a\u201d, conta a pesquisadora.<\/p>\n<p>O estudo revela que as a\u00e7\u00f5es da pol\u00edcia mataram duas vezes mais do que as atua\u00e7\u00f5es dos grupos armados ilegais, o que tamb\u00e9m faz com que o n\u00famero de poss\u00edveis execu\u00e7\u00f5es praticadas por agentes seja o dobro daquelas cometidas por bandidos.<\/p>\n<p>Segundo Camila Barros, as mortes em a\u00e7\u00f5es policiais haviam diminu\u00eddo e chegado a cinco em 2020, por causa da ADPF (Argui\u00e7\u00e3o de Descumprimento de Preceito Fundamental 365) das Favelas, do Supremo Tribunal Federal (STF), que restringiu essas opera\u00e7\u00f5es. Elas cresceram em 2021 (para 11) e subiram ainda mais no ano passado.<\/p>\n<p>De acordo com o levantamento, as opera\u00e7\u00f5es policiais deixaram 27 mortos no conjunto de favelas em 2022, 145% a mais do que no ano anterior. As a\u00e7\u00f5es de grupos armados ilegais resultaram em 12 mortes no ano passado.<\/p>\n<p>O estudo constatou ainda 259 ocorr\u00eancias de viola\u00e7\u00f5es de direitos cometidas por policiais no Complexo da Mar\u00e9, como invas\u00e3o a domic\u00edlio, dano ao patrim\u00f4nio, furtos, ass\u00e9dio sexual, amea\u00e7a, c\u00e1rcere privado e tortura. Al\u00e9m disso, os tiroteios envolvendo policiais e conflitos entre grupos criminosos rivais deixaram as crian\u00e7as sem aula durante 15 dias no ano.<\/p>\n<p>A ONG Redes da Mar\u00e9 analisou 27 opera\u00e7\u00f5es policiais ocorridas em 2022, das quais 19 eram da Pol\u00edcia Militar, duas da Pol\u00edcia Civil e seis eram a\u00e7\u00f5es conjuntas entre as duas for\u00e7as.<\/p>\n<p>Por meio de sua assessoria de imprensa, a Secretaria de Estado de Pol\u00edcia Militar do Rio<span id=\"OBJ_PREFIX_DWT282_com_zimbra_date\" role=\"link\"> de Janeiro<\/span> informou que suas a\u00e7\u00f5es \u201cs\u00e3o precedidas de planejamento pr\u00e9vio, sendo desencadeadas dentro de protocolos t\u00e9cnicos e do previsto na legisla\u00e7\u00e3o vigente\u201d.<\/p>\n<p>Tamb\u00e9m ressaltou que n\u00e3o tolera cometimentos de abusos por parte de seus agentes e que apura \u201ccom rigor\u201d as ilegalidades. \u201cA Corregedoria da corpora\u00e7\u00e3o est\u00e1 ao dispor do cidad\u00e3o para a formaliza\u00e7\u00e3o dessas den\u00fancias por meio do telefone <span id=\"OBJ_PREFIX_DWT283_com_zimbra_phone\" role=\"link\"><a href=\"callto:(21) 2725-9098\" onclick=\"window.top.Com_Zimbra_Phone.unsetOnbeforeunload()\">(21) 2725-9098<\/a><\/span> ou ainda pelo e-mail <span id=\"OBJ_PREFIX_DWT284_ZmEmailObjectHandler\" role=\"link\"><a href=\"mailto:denuncia@cintpm.rj.gov.br\" target=\"_blank\">denuncia@cintpm.rj.gov.br<\/a><\/span>. O anonimato \u00e9 garantido\u201d, informa a nota.<\/p>\n<p>A <strong>Ag\u00eancia Brasil<\/strong> tamb\u00e9m entrou em contato com a Secretaria de Estado de Pol\u00edcia Civil, que informou que o posicionamento seria dado pelo governo do estado.<\/p>\n<p>A assessoria de imprensa do governo fluminense, no entanto, n\u00e3o respondeu aos questionamentos da reportagem.<\/p>\n<p class=\"alt-font font-italic my-2 small text-info\">\n                                                Edi\u00e7\u00e3o:   Gra\u00e7a Adjuto                    <\/p>\n<p>            <!-- blog End --><\/p>\n<p>            <!-- tag and share --><\/p>\n<p> Fonte: EBC <\/p>\n<input type=\"hidden\" id=\"baseurl\" value=\"https:\/\/noticiasdestaque.com.br\"><input type=\"hidden\" id=\"audio_nonce\" value=\"581f3017e1\">","protected":false},"excerpt":{"rendered":"<p>Constata\u00e7\u00e3o \u00e9 de levantamento publicado pela ONG Redes da Mar\u00e9<\/p>\n","protected":false},"author":1,"featured_media":5343,"comment_status":"open","ping_status":"open","sticky":false,"template":"","format":"standard","meta":{"fifu_image_url":"","fifu_image_alt":"","footnotes":""},"categories":[1],"tags":[106],"class_list":["post-5341","post","type-post","status-publish","format-standard","has-post-thumbnail","hentry","category-uncategorized","tag-brunna-pareja"],"distributor_meta":false,"distributor_terms":false,"distributor_media":false,"distributor_original_site_name":"Noticias em Destaque","distributor_original_site_url":"https:\/\/noticiasdestaque.com.br","push-errors":false,"_links":{"self":[{"href":"https:\/\/noticiasdestaque.com.br\/index.php\/wp-json\/wp\/v2\/posts\/5341","targetHints":{"allow":["GET"]}}],"collection":[{"href":"https:\/\/noticiasdestaque.com.br\/index.php\/wp-json\/wp\/v2\/posts"}],"about":[{"href":"https:\/\/noticiasdestaque.com.br\/index.php\/wp-json\/wp\/v2\/types\/post"}],"author":[{"embeddable":true,"href":"https:\/\/noticiasdestaque.com.br\/index.php\/wp-json\/wp\/v2\/users\/1"}],"replies":[{"embeddable":true,"href":"https:\/\/noticiasdestaque.com.br\/index.php\/wp-json\/wp\/v2\/comments?post=5341"}],"version-history":[{"count":1,"href":"https:\/\/noticiasdestaque.com.br\/index.php\/wp-json\/wp\/v2\/posts\/5341\/revisions"}],"predecessor-version":[{"id":5342,"href":"https:\/\/noticiasdestaque.com.br\/index.php\/wp-json\/wp\/v2\/posts\/5341\/revisions\/5342"}],"wp:featuredmedia":[{"embeddable":true,"href":"https:\/\/noticiasdestaque.com.br\/index.php\/wp-json\/wp\/v2\/media\/5343"}],"wp:attachment":[{"href":"https:\/\/noticiasdestaque.com.br\/index.php\/wp-json\/wp\/v2\/media?parent=5341"}],"wp:term":[{"taxonomy":"category","embeddable":true,"href":"https:\/\/noticiasdestaque.com.br\/index.php\/wp-json\/wp\/v2\/categories?post=5341"},{"taxonomy":"post_tag","embeddable":true,"href":"https:\/\/noticiasdestaque.com.br\/index.php\/wp-json\/wp\/v2\/tags?post=5341"}],"curies":[{"name":"wp","href":"https:\/\/api.w.org\/{rel}","templated":true}]}}