{"id":53359,"date":"2026-06-26T18:00:00","date_gmt":"2026-06-26T21:00:00","guid":{"rendered":"https:\/\/noticiasdestaque.com.br\/index.php\/2026\/06\/26\/ministerio-da-saude-inclui-segunda-dose-de-reforco-contra-poliomielite-no-calendario-nacional-de-vacinacao\/"},"modified":"2026-06-26T18:00:00","modified_gmt":"2026-06-26T21:00:00","slug":"ministerio-da-saude-inclui-segunda-dose-de-reforco-contra-poliomielite-no-calendario-nacional-de-vacinacao","status":"publish","type":"post","link":"https:\/\/noticiasdestaque.com.br\/index.php\/2026\/06\/26\/ministerio-da-saude-inclui-segunda-dose-de-reforco-contra-poliomielite-no-calendario-nacional-de-vacinacao\/","title":{"rendered":"Minist\u00e9rio da Sa\u00fade inclui segunda dose de refor\u00e7o contra poliomielite no Calend\u00e1rio Nacional de Vacina\u00e7\u00e3o"},"content":{"rendered":"<p>\t\t\t\t\t\t\t\t\t\t\t<audio controls class=\"b61_audio_player\" data-noticia=\"90267\" src=\"https:\/\/brasil61.com\/rails\/active_storage\/blobs\/eyJfcmFpbHMiOnsibWVzc2FnZSI6IkJBaHBBeWsrQkE9PSIsImV4cCI6bnVsbCwicHVyIjoiYmxvYl9pZCJ9fQ==--f54ddb27a95427ebdeabd2f99f64c821ffb161c1\/PDMS262974A\"><\/audio><\/p>\n<p>O <a href=\"https:\/\/www.gov.br\/saude\/pt-br\">Minist\u00e9rio da Sa\u00fade<\/a> anunciou a inclus\u00e3o da segunda dose de refor\u00e7o contra a poliomielite no <a href=\"https:\/\/www.gov.br\/saude\/pt-br\/vacinacao\/calendario\"><strong>Calend\u00e1rio Nacional de Vacina\u00e7\u00e3o<\/strong><\/a>. A mudan\u00e7a entra em vigor no dia <strong>3 de agosto <\/strong>e amplia a prote\u00e7\u00e3o das crian\u00e7as brasileiras contra a doen\u00e7a, refor\u00e7ando as estrat\u00e9gias para manter o pa\u00eds livre da circula\u00e7\u00e3o do poliov\u00edrus.<br \/>\nCom a atualiza\u00e7\u00e3o, as crian\u00e7as passar\u00e3o a receber uma segunda dose de refor\u00e7o da vacina inativada <strong>poliomielite (VIP)<\/strong> aos quatro anos de idade. Essa dose ser\u00e1 aplicada ap\u00f3s o esquema j\u00e1 previsto, composto por tr\u00eas aplica\u00e7\u00f5es aos dois, quatro e seis meses de vida e pelo primeiro refor\u00e7o aos 15 meses. Assim, o calend\u00e1rio infantil passa a contar com cinco doses, todas administradas por via injet\u00e1vel.<br \/>\nSegundo o <a href=\"https:\/\/www.gov.br\/saude\/pt-br\">Minist\u00e9rio da Sa\u00fade<\/a>, as doses de refor\u00e7o s\u00e3o fundamentais para induzir e manter a resposta imunol\u00f3gica ao longo da inf\u00e2ncia, garantindo prote\u00e7\u00e3o por mais tempo e fortalecendo a imunidade coletiva contra o v\u00edrus da poliomielite. A medida tamb\u00e9m contribui para reduzir o risco de reintrodu\u00e7\u00e3o da doen\u00e7a no pa\u00eds.<br \/>\nA pasta destaca que o Brasil<strong> <\/strong>permanece sem registro de casos de poliomielite causada pelo poliov\u00edrus selvagem h\u00e1 mais de tr\u00eas d\u00e9cadas, mas a manuten\u00e7\u00e3o de altas coberturas vacinais \u00e9 essencial para preservar esse cen\u00e1rio. A recomenda\u00e7\u00e3o \u00e9 que pais e respons\u00e1veis mantenham a caderneta de vacina\u00e7\u00e3o das crian\u00e7as atualizada e procurem uma unidade de sa\u00fade sempre que houver doses em atraso.<br \/>\nA atualiza\u00e7\u00e3o faz parte das a\u00e7\u00f5es cont\u00ednuas do Programa Nacional de Imuniza\u00e7\u00f5es para fortalecer a prote\u00e7\u00e3o da popula\u00e7\u00e3o infantil e manter o pa\u00eds preparado diante do risco de circula\u00e7\u00e3o do v\u00edrus em outras regi\u00f5es do mundo.<br \/>\n\u00a0<\/p>\n<p>\t\t\t\t\t\t\t\t\t\t<img loading=\"lazy\" decoding=\"async\" src=\"https:\/\/brasil61.com\/api\/v1\/serve_pixel\/17677\/90267\" alt=\"Pixel Brasil 61\" class=\"b61_pixel\" width=\"0\" height=\"0\"><\/p>\n<input type=\"hidden\" id=\"baseurl\" value=\"https:\/\/noticiasdestaque.com.br\"><input type=\"hidden\" id=\"audio_nonce\" value=\"5e107ffbaa\">","protected":false},"excerpt":{"rendered":"<p>Nova estrat\u00e9gia entra em vigor em agosto e amplia a prote\u00e7\u00e3o das crian\u00e7as com cinco doses da vacina inativada contra a p\u00f3lio. <\/p>\n","protected":false},"author":1,"featured_media":53360,"comment_status":"open","ping_status":"open","sticky":false,"template":"","format":"standard","meta":{"fifu_image_url":"","fifu_image_alt":"","footnotes":""},"categories":[51],"tags":[],"class_list":["post-53359","post","type-post","status-publish","format-standard","has-post-thumbnail","hentry","category-saude"],"distributor_meta":false,"distributor_terms":false,"distributor_media":false,"distributor_original_site_name":"Noticias em Destaque","distributor_original_site_url":"https:\/\/noticiasdestaque.com.br","push-errors":false,"_links":{"self":[{"href":"https:\/\/noticiasdestaque.com.br\/index.php\/wp-json\/wp\/v2\/posts\/53359","targetHints":{"allow":["GET"]}}],"collection":[{"href":"https:\/\/noticiasdestaque.com.br\/index.php\/wp-json\/wp\/v2\/posts"}],"about":[{"href":"https:\/\/noticiasdestaque.com.br\/index.php\/wp-json\/wp\/v2\/types\/post"}],"author":[{"embeddable":true,"href":"https:\/\/noticiasdestaque.com.br\/index.php\/wp-json\/wp\/v2\/users\/1"}],"replies":[{"embeddable":true,"href":"https:\/\/noticiasdestaque.com.br\/index.php\/wp-json\/wp\/v2\/comments?post=53359"}],"version-history":[{"count":0,"href":"https:\/\/noticiasdestaque.com.br\/index.php\/wp-json\/wp\/v2\/posts\/53359\/revisions"}],"wp:featuredmedia":[{"embeddable":true,"href":"https:\/\/noticiasdestaque.com.br\/index.php\/wp-json\/wp\/v2\/media\/53360"}],"wp:attachment":[{"href":"https:\/\/noticiasdestaque.com.br\/index.php\/wp-json\/wp\/v2\/media?parent=53359"}],"wp:term":[{"taxonomy":"category","embeddable":true,"href":"https:\/\/noticiasdestaque.com.br\/index.php\/wp-json\/wp\/v2\/categories?post=53359"},{"taxonomy":"post_tag","embeddable":true,"href":"https:\/\/noticiasdestaque.com.br\/index.php\/wp-json\/wp\/v2\/tags?post=53359"}],"curies":[{"name":"wp","href":"https:\/\/api.w.org\/{rel}","templated":true}]}}