{"id":53353,"date":"2026-06-26T18:00:00","date_gmt":"2026-06-26T21:00:00","guid":{"rendered":"https:\/\/noticiasdestaque.com.br\/index.php\/2026\/06\/26\/o-tempo-e-a-temperatura-litoral-nordestino-segue-com-chuva-neste-sabado-27\/"},"modified":"2026-06-26T18:00:00","modified_gmt":"2026-06-26T21:00:00","slug":"o-tempo-e-a-temperatura-litoral-nordestino-segue-com-chuva-neste-sabado-27","status":"publish","type":"post","link":"https:\/\/noticiasdestaque.com.br\/index.php\/2026\/06\/26\/o-tempo-e-a-temperatura-litoral-nordestino-segue-com-chuva-neste-sabado-27\/","title":{"rendered":"O TEMPO E A TEMPERATURA: litoral nordestino segue com chuva neste s\u00e1bado (27)"},"content":{"rendered":"<p>\t\t\t\t\t\t\t\t\t\t\t<audio controls class=\"b61_audio_player\" data-noticia=\"90244\" src=\"https:\/\/brasil61.com\/rails\/active_storage\/blobs\/eyJfcmFpbHMiOnsibWVzc2FnZSI6IkJBaHBBMHM5QkE9PSIsImV4cCI6bnVsbCwicHVyIjoiYmxvYl9pZCJ9fQ==--dbb44bb2ff5f59d90351f11a571e6b7a452d856f\/PTND265090A\"><\/audio><\/p>\n<p>O <strong>s\u00e1bado (27)<\/strong> ser\u00e1 marcado por chuva em diversos pontos da faixa litor\u00e2nea da <strong>Regi\u00e3o Nordeste<\/strong>, de acordo com a previs\u00e3o do<a href=\"https:\/\/portal.inmet.gov.br\/\"> Instituto Nacional de Meteorologia (INMET)<\/a>.<br \/>\nNo<strong> Maranh\u00e3o<\/strong>, a previs\u00e3o \u00e9 de muitas nuvens com pancadas de chuva e trovoadas isoladas. Em <strong>S\u00e3o Lu\u00eds<\/strong>, os term\u00f4metros variam entre <strong>26\u00b0C<\/strong> e <strong>32\u00b0C<\/strong>.<br \/>\nNo <strong>Cear\u00e1<\/strong>, tamb\u00e9m h\u00e1 previs\u00e3o de pancadas de chuva isoladas. <strong>Fortaleza<\/strong> ter\u00e1 temperaturas entre <strong>24\u00b0C<\/strong> e <strong>30\u00b0C<\/strong>.<br \/>\nNo litoral da <strong>Para\u00edba<\/strong>, <strong>Pernambuco<\/strong> e <strong>Rio Grande do Norte<\/strong>, cidades como <strong>Jo\u00e3o Pessoa<\/strong>, <strong>Recife <\/strong>e <strong>Natal<\/strong> ter\u00e3o muitas nuvens com pancadas de chuva isoladas. As m\u00e1ximas variam entre <strong>28\u00b0C<\/strong> e <strong>29\u00b0C<\/strong>.<br \/>\nEm <strong>Macei\u00f3<\/strong> e <strong>Aracaju<\/strong>, a previs\u00e3o tamb\u00e9m indica chuva isolada. J\u00e1 em<strong> Salvador<\/strong>, o c\u00e9u permanece com muitas nuvens e possibilidade de chuva ao longo do dia, com temperaturas entre <strong>22\u00b0C <\/strong>e <strong>28\u00b0C<\/strong>.<br \/>\nNo interior nordestino, o tempo segue mais est\u00e1vel. Em <strong>Teresina<\/strong>, a temperatura varia entre <strong>25\u00b0C<\/strong> e <strong>32\u00b0C<\/strong>, com muitas nuvens e possibilidade de chuva isolada.<br \/>\n\u00a0A umidade relativa do ar na regi\u00e3o deve variar entre <strong>45%<\/strong> e <strong>95% <\/strong>ao longo do dia.<\/p>\n<h2><b>5 motivos para acompanhar as previs\u00f5es do tempo<\/b><\/h2>\n<ul>\n<li>Agricultura: garantia de uma boa colheita;<\/li>\n<li>Marinha: prote\u00e7\u00e3o de marinheiros, navios e passageiros;<\/li>\n<li>Aeron\u00e1utica: seguran\u00e7a de pilotos, aeronaves e passageiros;<\/li>\n<li>Pesca: condi\u00e7\u00f5es favor\u00e1veis e seguras para a atividade;<\/li>\n<li>Turismo: garantia de passeios e viagens tranquilas e agrad\u00e1veis.<\/li>\n<\/ul>\n<h2><b>Import\u00e2ncia das observa\u00e7\u00f5es meteorol\u00f3gicas no INMET<\/b><\/h2>\n<p>As observa\u00e7\u00f5es meteorol\u00f3gicas do INMET s\u00e3o essenciais para previs\u00f5es em tempo real, estat\u00edsticas clim\u00e1ticas e coopera\u00e7\u00e3o internacional. Esses dados precisos ajudam a estudar o clima passado e a produzir Normais Climatol\u00f3gicas conforme a Organiza\u00e7\u00e3o Meteorol\u00f3gica Mundial (<a href=\"https:\/\/worldweather.wmo.int\/pt\/home.html\">OMM<\/a>).<\/p>\n<p data-end=\"305\" data-start=\"0\"><strong>As informa\u00e7\u00f5es s\u00e3o do Instituto Nacional de Meteorologia (<a href=\"https:\/\/portal.inmet.gov.br\/\">Inmet<\/a>).<\/strong><\/p>\n<p>\t\t\t\t\t\t\t\t\t\t<img loading=\"lazy\" decoding=\"async\" src=\"https:\/\/brasil61.com\/api\/v1\/serve_pixel\/17677\/90244\" alt=\"Pixel Brasil 61\" class=\"b61_pixel\" width=\"0\" height=\"0\"><\/p>\n<input type=\"hidden\" id=\"baseurl\" value=\"https:\/\/noticiasdestaque.com.br\"><input type=\"hidden\" id=\"audio_nonce\" value=\"5e107ffbaa\">","protected":false},"excerpt":{"rendered":"<p>Instabilidades atingem \u00e1reas entre o Maranh\u00e3o e a Bahia; interior registra temperaturas elevadas. <\/p>\n","protected":false},"author":1,"featured_media":53354,"comment_status":"open","ping_status":"open","sticky":false,"template":"","format":"standard","meta":{"fifu_image_url":"","fifu_image_alt":"","footnotes":""},"categories":[58],"tags":[],"class_list":["post-53353","post","type-post","status-publish","format-standard","has-post-thumbnail","hentry","category-cotidiano"],"distributor_meta":false,"distributor_terms":false,"distributor_media":false,"distributor_original_site_name":"Noticias em Destaque","distributor_original_site_url":"https:\/\/noticiasdestaque.com.br","push-errors":false,"_links":{"self":[{"href":"https:\/\/noticiasdestaque.com.br\/index.php\/wp-json\/wp\/v2\/posts\/53353","targetHints":{"allow":["GET"]}}],"collection":[{"href":"https:\/\/noticiasdestaque.com.br\/index.php\/wp-json\/wp\/v2\/posts"}],"about":[{"href":"https:\/\/noticiasdestaque.com.br\/index.php\/wp-json\/wp\/v2\/types\/post"}],"author":[{"embeddable":true,"href":"https:\/\/noticiasdestaque.com.br\/index.php\/wp-json\/wp\/v2\/users\/1"}],"replies":[{"embeddable":true,"href":"https:\/\/noticiasdestaque.com.br\/index.php\/wp-json\/wp\/v2\/comments?post=53353"}],"version-history":[{"count":0,"href":"https:\/\/noticiasdestaque.com.br\/index.php\/wp-json\/wp\/v2\/posts\/53353\/revisions"}],"wp:featuredmedia":[{"embeddable":true,"href":"https:\/\/noticiasdestaque.com.br\/index.php\/wp-json\/wp\/v2\/media\/53354"}],"wp:attachment":[{"href":"https:\/\/noticiasdestaque.com.br\/index.php\/wp-json\/wp\/v2\/media?parent=53353"}],"wp:term":[{"taxonomy":"category","embeddable":true,"href":"https:\/\/noticiasdestaque.com.br\/index.php\/wp-json\/wp\/v2\/categories?post=53353"},{"taxonomy":"post_tag","embeddable":true,"href":"https:\/\/noticiasdestaque.com.br\/index.php\/wp-json\/wp\/v2\/tags?post=53353"}],"curies":[{"name":"wp","href":"https:\/\/api.w.org\/{rel}","templated":true}]}}