{"id":5335,"date":"2023-03-13T11:18:00","date_gmt":"2023-03-13T11:18:00","guid":{"rendered":"https:\/\/noticiasdestaque.com.br\/index.php\/2023\/03\/13\/cronicas-do-agro-o-bom-exemplo-das-feiras-do-pais-do-agro\/"},"modified":"2023-03-13T11:18:00","modified_gmt":"2023-03-13T11:18:00","slug":"cronicas-do-agro-o-bom-exemplo-das-feiras-do-pais-do-agro","status":"publish","type":"post","link":"https:\/\/noticiasdestaque.com.br\/index.php\/2023\/03\/13\/cronicas-do-agro-o-bom-exemplo-das-feiras-do-pais-do-agro\/","title":{"rendered":"Cr\u00f4nicas do Agro: O bom exemplo das feiras do Pa\u00eds do agro"},"content":{"rendered":"<p>Em 2023, as feiras especializadas do agroneg\u00f3cio j\u00e1 iniciaram o ano demonstrando a for\u00e7a e a pujan\u00e7a do setor. O calend\u00e1rio \u00e9 muito extenso de norte a sul do pa\u00eds. Algumas j\u00e1 s\u00e3o feiras consagradas, outras nem tanto, mas em todas elas o n\u00famero de visitantes, e a quantidade de m\u00e1quinas e equipamentos comercializados aumenta ano a ano.<\/p>\n<p>\u00c9 interessante observar que est\u00e1 cada vez mais comum as feiras t\u00e9cnicas, aquelas sem festa, sem shows, sem churrascada, mas com muitas palestras, experimentos, lan\u00e7amentos de cultivares de culturas diversas, exposi\u00e7\u00e3o de animais, torneios leiteiros e at\u00e9 leil\u00f5es. <\/p>\n<p>Tecnologia \u00e9 a palavra do momento. As m\u00e1quinas em exposi\u00e7\u00e3o s\u00e3o recheadas de novidades tecnol\u00f3gicas que, al\u00e9m de oferecer conforto aos operadores, ajudam a melhorar os \u00edndices de produtividade. Outro fato cada vez mais comum s\u00e3o os estandes das start-ups, que trazem todo tipo de aplicativos e solu\u00e7\u00f5es para problemas muitas vezes desconhecidos pelos produtores. <\/p>\n<p>Enfim, o setor vive e n\u00e3o para de evoluir e de se transformar. As ind\u00fastrias de m\u00e1quinas e as concession\u00e1rias buscam trazer o cliente cada vez mais para perto e querem criar fidelidade. Os equipamentos tem tanta tecnologia embarcada que j\u00e1 se consegue analisar cada planta de uma lavoura inteira, muitas vezes direto do celular. Claro, que tudo tem o seu pre\u00e7o e o produtor rural tem que calcular os custos, mas n\u00e3o deve deixar de investir e se tecnificar mais e mais. <\/p>\n<p>Inicialmente, as principais feiras do agroneg\u00f3cio brasileiro se inspiraram nas feiras norte-americanas e hoje n\u00e3o deixam em nada a desejar \u00e0quelas que no passado eram a nossa refer\u00eancia. Recentemente, estive na Show Rural Coopavel e vi a preocupa\u00e7\u00e3o da organiza\u00e7\u00e3o da feira em trazer as pessoas da cidade para conhecerem as novidades do agro. <\/p>\n<p>Houve uma abertura inusitada no domingo, antes do in\u00edcio da feira, para que os cidad\u00e3os urbanos pudessem levar as crian\u00e7as para conhecerem as nossas m\u00e1quinas gigantes. Pais de fam\u00edlia se encantavam com tanta coisa bonita e tecnol\u00f3gica. Essa, de certa maneira, \u00e9 uma forma de aproximar a cidade do campo, de mostrar o que realmente \u00e9 o nosso agro. Um jeito de desmistificar o setor t\u00e3o importante para a na\u00e7\u00e3o, mas t\u00e3o pouco conhecido pelo p\u00fablico em geral. <\/p>\n<p>As feiras se tornaram um local de encontro do que existe de melhor no agro brasileiro. E participar virou uma necessidade t\u00e3o primordial como ir a um dia de campo. O nosso produtor est\u00e1 de parab\u00e9ns por ter um setor t\u00e3o forte, organizado e que sabe fazer a hora e n\u00e3o espera acontecer, como dizia o poeta. Avante agro brasileiro, o mundo precisa de alimento e n\u00f3s precisamos de aliment\u00e1-lo.<\/p>\n<p><iframe loading=\"lazy\" src=\"https:\/\/omny.fm\/shows\/academia-do-agro\/o-bom-exemplo-das-feiras-do-pa-s-do-agro\/embed?in_playlist=podcast\" width=\"100%\" height=\"180\" allow=\"autoplay; clipboard-write\" frameborder=\"0\" title=\"O Bom Exemplo das Feiras do Pa\u00eds do Agro\"><\/iframe><\/p>\n<p>Esse \u00e9 um artigo de opini\u00e3o, que n\u00e3o necessariamente expressa as opini\u00f5es, ideias e an\u00e1lises do Brasil 61 ou de seus editores.  <\/p>\n<p><strong>SOBRE O AUTOR<\/strong><\/p>\n<p>Divino Onaldo Silva, Locutor de R\u00e1dio e Televis\u00e3o | Programa Morada no Campo | R\u00e1dio Morada do Sol FM | Podcast Minha Hist\u00f3ria com o Agro | Podcast Agro e Prosa. Artigo produzido pelo colunista ao podcast Cr\u00f4nicas do Agro e Academia do Agro.<\/p>\n<p> Fonte: Brasil61<\/p>\n<input type=\"hidden\" id=\"baseurl\" value=\"https:\/\/noticiasdestaque.com.br\"><input type=\"hidden\" id=\"audio_nonce\" value=\"581f3017e1\">","protected":false},"excerpt":{"rendered":"<p>O colunista Divino Onaldo Silva, do podcast &#8220;Academia do Agro&#8221;, comenta a import\u00e2ncia das feiras de agroneg\u00f3cio para o Brasil <\/p>\n","protected":false},"author":1,"featured_media":5337,"comment_status":"open","ping_status":"open","sticky":false,"template":"","format":"standard","meta":{"fifu_image_url":"","fifu_image_alt":"","footnotes":""},"categories":[1],"tags":[107],"class_list":["post-5335","post","type-post","status-publish","format-standard","has-post-thumbnail","hentry","category-uncategorized","tag-closer-vendedor-milionario"],"distributor_meta":false,"distributor_terms":false,"distributor_media":false,"distributor_original_site_name":"Noticias em Destaque","distributor_original_site_url":"https:\/\/noticiasdestaque.com.br","push-errors":false,"_links":{"self":[{"href":"https:\/\/noticiasdestaque.com.br\/index.php\/wp-json\/wp\/v2\/posts\/5335","targetHints":{"allow":["GET"]}}],"collection":[{"href":"https:\/\/noticiasdestaque.com.br\/index.php\/wp-json\/wp\/v2\/posts"}],"about":[{"href":"https:\/\/noticiasdestaque.com.br\/index.php\/wp-json\/wp\/v2\/types\/post"}],"author":[{"embeddable":true,"href":"https:\/\/noticiasdestaque.com.br\/index.php\/wp-json\/wp\/v2\/users\/1"}],"replies":[{"embeddable":true,"href":"https:\/\/noticiasdestaque.com.br\/index.php\/wp-json\/wp\/v2\/comments?post=5335"}],"version-history":[{"count":1,"href":"https:\/\/noticiasdestaque.com.br\/index.php\/wp-json\/wp\/v2\/posts\/5335\/revisions"}],"predecessor-version":[{"id":5336,"href":"https:\/\/noticiasdestaque.com.br\/index.php\/wp-json\/wp\/v2\/posts\/5335\/revisions\/5336"}],"wp:featuredmedia":[{"embeddable":true,"href":"https:\/\/noticiasdestaque.com.br\/index.php\/wp-json\/wp\/v2\/media\/5337"}],"wp:attachment":[{"href":"https:\/\/noticiasdestaque.com.br\/index.php\/wp-json\/wp\/v2\/media?parent=5335"}],"wp:term":[{"taxonomy":"category","embeddable":true,"href":"https:\/\/noticiasdestaque.com.br\/index.php\/wp-json\/wp\/v2\/categories?post=5335"},{"taxonomy":"post_tag","embeddable":true,"href":"https:\/\/noticiasdestaque.com.br\/index.php\/wp-json\/wp\/v2\/tags?post=5335"}],"curies":[{"name":"wp","href":"https:\/\/api.w.org\/{rel}","templated":true}]}}