{"id":5329,"date":"2023-03-13T08:48:00","date_gmt":"2023-03-13T08:48:00","guid":{"rendered":"https:\/\/noticiasdestaque.com.br\/index.php\/2023\/03\/13\/parceria-cni-sebrae-vai-oferecer-r-mil-para-aperfeicoar-ambientes-de-inovacao\/"},"modified":"2023-03-13T08:48:00","modified_gmt":"2023-03-13T08:48:00","slug":"parceria-cni-sebrae-vai-oferecer-r-mil-para-aperfeicoar-ambientes-de-inovacao","status":"publish","type":"post","link":"https:\/\/noticiasdestaque.com.br\/index.php\/2023\/03\/13\/parceria-cni-sebrae-vai-oferecer-r-mil-para-aperfeicoar-ambientes-de-inovacao\/","title":{"rendered":"Parceria CNI-Sebrae vai oferecer R$ 50 mil para aperfei\u00e7oar ambientes de inova\u00e7\u00e3o"},"content":{"rendered":"<p>Qualificar dez espa\u00e7os prop\u00edcios \u00e0 inova\u00e7\u00e3o e ao empreendedorismo, que constituem ambientes caracter\u00edsticos da economia baseada no conhecimento. Esse \u00e9 o objetivo da chamada p\u00fablica feita a partir da parceria entre a Confedera\u00e7\u00e3o Nacional da Ind\u00fastria (CNI) e o Servi\u00e7o Brasileiro de Apoio \u00e0s Micro e Pequenas Empresas (Sebrae), lan\u00e7ada no \u00e2mbito do Programa de Internacionaliza\u00e7\u00e3o CNI-Sebrae. <\/p>\n<p>Cada projeto selecionado receber\u00e1 apoio financeiro de R$ 50 mil. Os interessados podem se inscrever gratuitamente at\u00e9 o dia 31 de mar\u00e7o pelo site do programa. <\/p>\n<p>\u201cA gente pretende promover a gera\u00e7\u00e3o de neg\u00f3cios e networking com parceiros e potenciais investidores estrangeiros para as startups e tecnologias mapeadas. A gente pretende criar um mapa de startups e tecnologias brasileiras inovadoras que esteja cadastrado nessa plataforma internacional de gest\u00e3o da inova\u00e7\u00e3o e que esteja aberto para que os parceiros internacionais acessem essas tecnologias e, claro, promover a inser\u00e7\u00e3o e a visibilidade de um Brasil inovador\u201d, afirmou Rafaela Paladini, analista de Desenvolvimento Industrial da CNI.<\/p>\n<p>Os ambientes s\u00e3o respons\u00e1veis por realizar a articula\u00e7\u00e3o entre empresas, diferentes n\u00edveis de governo, institui\u00e7\u00f5es cient\u00edficas, tecnol\u00f3gicas e de inova\u00e7\u00e3o, ag\u00eancias de fomento ou organiza\u00e7\u00f5es da sociedade civil.<\/p>\n<p>Pelas regras previstas no edital, os ambientes de inova\u00e7\u00e3o precisam ter sede no Brasil e dever\u00e3o mapear e cadastrar tecnologias por meio do atendimento a startups e Institui\u00e7\u00f5es de Ci\u00eancia e Tecnologia (ICTs), p\u00fablicas ou privadas. Tudo isso com objetivo de consolidar o que h\u00e1 de mais disruptivo no pa\u00eds e promover sua inser\u00e7\u00e3o em plataforma internacional de gest\u00e3o da inova\u00e7\u00e3o.<\/p>\n<p>Como contrapartida, cada ambiente vai ter que selecionar, no m\u00ednimo, 30 companhias que v\u00e3o colaborar num centro internacional de inova\u00e7\u00e3o. \u201cAli dentro vai ser promovida uma gera\u00e7\u00e3o em volume consider\u00e1vel de neg\u00f3cios para essas 300 startups brasileiras, e \u00e9 da\u00ed que a gente busca ent\u00e3o o impacto de suportar o crescimento dessas empresas e gera\u00e7\u00e3o de emprego aqui no Brasil. Existe, obviamente, o requisito das startups serem brasileiras e terem sede aqui, ent\u00e3o a gente quer abrir mercado e que essas empresas ganhem corpo agora a partir de demandas internacionais vindas de grandes corpora\u00e7\u00f5es de todos os lugares do mundo\u201d, comenta o analista de Inova\u00e7\u00e3o do Sebrae, Rodrigo Rodrigues.<\/p>\n<p>S\u00e3o previstos dois tipos de ambientes: \u201cecossistemas de inova\u00e7\u00e3o\u201d e \u201cmecanismos de gera\u00e7\u00e3o de empreendimentos\u201d. O primeiro se refere a agregar infraestrutura e arranjos institucionais e culturais que atraem empreendedores e recursos financeiros. J\u00e1 o segundo busca promover empreendimentos inovadores e de apoio ao desenvolvimento de empresas nascentes de base tecnol\u00f3gica, que envolvem neg\u00f3cios inovadores, baseados em diferenciais tecnol\u00f3gicos e buscam a solu\u00e7\u00e3o de problemas ou desafios sociais e ambientais.<\/p>\n<p> Fonte: Brasil61<\/p>\n<input type=\"hidden\" id=\"baseurl\" value=\"https:\/\/noticiasdestaque.com.br\"><input type=\"hidden\" id=\"audio_nonce\" value=\"581f3017e1\">","protected":false},"excerpt":{"rendered":"<p>Ser\u00e3o selecionados at\u00e9 dez espa\u00e7os prop\u00edcios ao empreendedorismo. Inscri\u00e7\u00f5es v\u00e3o at\u00e9 o fim de mar\u00e7o<\/p>\n","protected":false},"author":1,"featured_media":5331,"comment_status":"open","ping_status":"open","sticky":false,"template":"","format":"standard","meta":{"fifu_image_url":"","fifu_image_alt":"","footnotes":""},"categories":[1],"tags":[174],"class_list":["post-5329","post","type-post","status-publish","format-standard","has-post-thumbnail","hentry","category-uncategorized","tag-internacao-para-alcoolatras"],"distributor_meta":false,"distributor_terms":false,"distributor_media":false,"distributor_original_site_name":"Noticias em Destaque","distributor_original_site_url":"https:\/\/noticiasdestaque.com.br","push-errors":false,"_links":{"self":[{"href":"https:\/\/noticiasdestaque.com.br\/index.php\/wp-json\/wp\/v2\/posts\/5329","targetHints":{"allow":["GET"]}}],"collection":[{"href":"https:\/\/noticiasdestaque.com.br\/index.php\/wp-json\/wp\/v2\/posts"}],"about":[{"href":"https:\/\/noticiasdestaque.com.br\/index.php\/wp-json\/wp\/v2\/types\/post"}],"author":[{"embeddable":true,"href":"https:\/\/noticiasdestaque.com.br\/index.php\/wp-json\/wp\/v2\/users\/1"}],"replies":[{"embeddable":true,"href":"https:\/\/noticiasdestaque.com.br\/index.php\/wp-json\/wp\/v2\/comments?post=5329"}],"version-history":[{"count":1,"href":"https:\/\/noticiasdestaque.com.br\/index.php\/wp-json\/wp\/v2\/posts\/5329\/revisions"}],"predecessor-version":[{"id":5330,"href":"https:\/\/noticiasdestaque.com.br\/index.php\/wp-json\/wp\/v2\/posts\/5329\/revisions\/5330"}],"wp:featuredmedia":[{"embeddable":true,"href":"https:\/\/noticiasdestaque.com.br\/index.php\/wp-json\/wp\/v2\/media\/5331"}],"wp:attachment":[{"href":"https:\/\/noticiasdestaque.com.br\/index.php\/wp-json\/wp\/v2\/media?parent=5329"}],"wp:term":[{"taxonomy":"category","embeddable":true,"href":"https:\/\/noticiasdestaque.com.br\/index.php\/wp-json\/wp\/v2\/categories?post=5329"},{"taxonomy":"post_tag","embeddable":true,"href":"https:\/\/noticiasdestaque.com.br\/index.php\/wp-json\/wp\/v2\/tags?post=5329"}],"curies":[{"name":"wp","href":"https:\/\/api.w.org\/{rel}","templated":true}]}}