{"id":53261,"date":"2026-06-23T18:20:00","date_gmt":"2026-06-23T21:20:00","guid":{"rendered":"https:\/\/noticiasdestaque.com.br\/index.php\/2026\/06\/23\/o-tempo-e-a-temperatura-quarta-feira-24-tera-chuva-em-areas-de-sao-paulo-e-do-rio-de-janeiro\/"},"modified":"2026-06-23T18:20:00","modified_gmt":"2026-06-23T21:20:00","slug":"o-tempo-e-a-temperatura-quarta-feira-24-tera-chuva-em-areas-de-sao-paulo-e-do-rio-de-janeiro","status":"publish","type":"post","link":"https:\/\/noticiasdestaque.com.br\/index.php\/2026\/06\/23\/o-tempo-e-a-temperatura-quarta-feira-24-tera-chuva-em-areas-de-sao-paulo-e-do-rio-de-janeiro\/","title":{"rendered":"O TEMPO E A TEMPERATURA: quarta-feira (24) ter\u00e1 chuva em \u00e1reas de S\u00e3o Paulo e do Rio de Janeiro"},"content":{"rendered":"<p>\t\t\t\t\t\t\t\t\t\t\t<audio controls class=\"b61_audio_player\" data-noticia=\"90182\" src=\"https:\/\/brasil61.com\/rails\/active_storage\/blobs\/eyJfcmFpbHMiOnsibWVzc2FnZSI6IkJBaHBBMUE2QkE9PSIsImV4cCI6bnVsbCwicHVyIjoiYmxvYl9pZCJ9fQ==--6533528d0487b69b244f2c39d75ebaef3e97c471\/PTSD264476A\"><\/audio><\/p>\n<p>A previs\u00e3o do tempo para a <strong>Regi\u00e3o Sudeste nesta quarta-feira (24)<\/strong>, de acordo com o<a href=\"https:\/\/portal.inmet.gov.br\/\"> Instituto Nacional de Meteorologia (Inmet)<\/a>, indica condi\u00e7\u00f5es de instabilidade em \u00e1reas de <strong>S\u00e3o Paulo<\/strong> e do<strong> Rio de Janeiro<\/strong>, enquanto <strong>Minas Gerais<\/strong> e <strong>Esp\u00edrito Santo<\/strong> devem registrar predom\u00ednio de muitas nuvens ao longo do dia.<br \/>\nNo estado paulista, a previs\u00e3o \u00e9 de muitas nuvens com pancadas de chuva. Na capital <strong>S\u00e3o Paulo<\/strong>, as temperaturas variam entre <strong>12\u00b0C<\/strong> e <strong>14\u00b0C<\/strong>, cen\u00e1rio que refor\u00e7a a sensa\u00e7\u00e3o de frio em boa parte do estado.<br \/>\nNo estado do <strong>Rio de Janeiro<\/strong>, o dia ser\u00e1 de muitas nuvens com pancadas de chuva e trovoadas isoladas. As precipita\u00e7\u00f5es podem ocorrer em diferentes momentos do dia, acompanhadas por aumento da nebulosidade. Na capital fluminense, os term\u00f4metros devem oscilar entre <strong>19\u00b0C<\/strong> e <strong>26\u00b0C<\/strong>.<br \/>\nJ\u00e1 em <strong>Minas Gerais<\/strong>, o tempo permanece com muitas nuvens, mas sem previs\u00e3o de chuva significativa na maior parte do estado. Em <strong>Belo Horizonte<\/strong>, a m\u00ednima prevista \u00e9 de <strong>14\u00b0C<\/strong> e a m\u00e1xima de <strong>28\u00b0C<\/strong>.<br \/>\nNo <strong>Esp\u00edrito Santo<\/strong>, o cen\u00e1rio tamb\u00e9m \u00e9 de muitas nuvens. Em <strong>Vit\u00f3ria<\/strong>, a temperatura varia entre <strong>18\u00b0C<\/strong> e<strong> 30\u00b0C<\/strong>, uma das maiores m\u00e1ximas previstas entre as capitais da regi\u00e3o.<br \/>\nEntre as capitais, a menor temperatura prevista \u00e9 de <strong>12\u00b0C<\/strong> em <strong>S\u00e3o Paulo<\/strong>, enquanto a m\u00e1xima pode chegar a <strong>30\u00b0C<\/strong> em <strong>Vit\u00f3ria<\/strong>. A umidade relativa do ar varia entre <strong>30%<\/strong> e <strong>100%<\/strong> na regi\u00e3o. Os menores \u00edndices s\u00e3o esperados em <strong>Belo Horizonte<\/strong>, com m\u00ednima de <strong>30%<\/strong>, enquanto os maiores valores podem atingir <strong>100%<\/strong> no <strong>Rio de Janeiro<\/strong>.<\/p>\n<h2><b>5 motivos para acompanhar as previs\u00f5es do tempo<\/b><\/h2>\n<ul>\n<li>Agricultura: garantia de uma boa colheita;<\/li>\n<li>Marinha: prote\u00e7\u00e3o de marinheiros, navios e passageiros;<\/li>\n<li>Aeron\u00e1utica: seguran\u00e7a de pilotos, aeronaves e passageiros;<\/li>\n<li>Pesca: condi\u00e7\u00f5es favor\u00e1veis e seguras para a atividade;<\/li>\n<li>Turismo: garantia de passeios e viagens tranquilas e agrad\u00e1veis.<\/li>\n<\/ul>\n<h2><b>Import\u00e2ncia das observa\u00e7\u00f5es meteorol\u00f3gicas no INMET<\/b><\/h2>\n<p>As observa\u00e7\u00f5es meteorol\u00f3gicas do INMET s\u00e3o essenciais para previs\u00f5es em tempo real, estat\u00edsticas clim\u00e1ticas e coopera\u00e7\u00e3o internacional. Esses dados precisos ajudam a estudar o clima passado e a produzir Normais Climatol\u00f3gicas conforme a Organiza\u00e7\u00e3o Meteorol\u00f3gica Mundial (<a href=\"https:\/\/worldweather.wmo.int\/pt\/home.html\">OMM<\/a>).<\/p>\n<p data-end=\"305\" data-start=\"0\"><strong>As informa\u00e7\u00f5es s\u00e3o do Instituto Nacional de Meteorologia (<a href=\"https:\/\/portal.inmet.gov.br\/\">Inmet<\/a>).<\/strong><\/p>\n<p>\t\t\t\t\t\t\t\t\t\t<img loading=\"lazy\" decoding=\"async\" src=\"https:\/\/brasil61.com\/api\/v1\/serve_pixel\/17677\/90182\" alt=\"Pixel Brasil 61\" class=\"b61_pixel\" width=\"0\" height=\"0\"><\/p>\n<input type=\"hidden\" id=\"baseurl\" value=\"https:\/\/noticiasdestaque.com.br\"><input type=\"hidden\" id=\"audio_nonce\" value=\"0361f70337\">","protected":false},"excerpt":{"rendered":"<p>Instabilidades mant\u00eam o tempo fechado em parte do Sudeste; Minas Gerais e Esp\u00edrito Santo seguem com muitas nuvens e temperaturas elevadas. <\/p>\n","protected":false},"author":1,"featured_media":53262,"comment_status":"open","ping_status":"open","sticky":false,"template":"","format":"standard","meta":{"fifu_image_url":"","fifu_image_alt":"","footnotes":""},"categories":[58],"tags":[],"class_list":["post-53261","post","type-post","status-publish","format-standard","has-post-thumbnail","hentry","category-cotidiano"],"distributor_meta":false,"distributor_terms":false,"distributor_media":false,"distributor_original_site_name":"Noticias em Destaque","distributor_original_site_url":"https:\/\/noticiasdestaque.com.br","push-errors":false,"_links":{"self":[{"href":"https:\/\/noticiasdestaque.com.br\/index.php\/wp-json\/wp\/v2\/posts\/53261","targetHints":{"allow":["GET"]}}],"collection":[{"href":"https:\/\/noticiasdestaque.com.br\/index.php\/wp-json\/wp\/v2\/posts"}],"about":[{"href":"https:\/\/noticiasdestaque.com.br\/index.php\/wp-json\/wp\/v2\/types\/post"}],"author":[{"embeddable":true,"href":"https:\/\/noticiasdestaque.com.br\/index.php\/wp-json\/wp\/v2\/users\/1"}],"replies":[{"embeddable":true,"href":"https:\/\/noticiasdestaque.com.br\/index.php\/wp-json\/wp\/v2\/comments?post=53261"}],"version-history":[{"count":0,"href":"https:\/\/noticiasdestaque.com.br\/index.php\/wp-json\/wp\/v2\/posts\/53261\/revisions"}],"wp:featuredmedia":[{"embeddable":true,"href":"https:\/\/noticiasdestaque.com.br\/index.php\/wp-json\/wp\/v2\/media\/53262"}],"wp:attachment":[{"href":"https:\/\/noticiasdestaque.com.br\/index.php\/wp-json\/wp\/v2\/media?parent=53261"}],"wp:term":[{"taxonomy":"category","embeddable":true,"href":"https:\/\/noticiasdestaque.com.br\/index.php\/wp-json\/wp\/v2\/categories?post=53261"},{"taxonomy":"post_tag","embeddable":true,"href":"https:\/\/noticiasdestaque.com.br\/index.php\/wp-json\/wp\/v2\/tags?post=53261"}],"curies":[{"name":"wp","href":"https:\/\/api.w.org\/{rel}","templated":true}]}}