{"id":53230,"date":"2026-06-22T19:25:00","date_gmt":"2026-06-22T22:25:00","guid":{"rendered":"https:\/\/noticiasdestaque.com.br\/index.php\/2026\/06\/22\/reducao-de-impostos-lidera-prioridades-da-industria-para-o-proximo-presidente-aponta-cni\/"},"modified":"2026-06-23T23:07:38","modified_gmt":"2026-06-24T02:07:38","slug":"reducao-de-impostos-lidera-prioridades-da-industria-para-o-proximo-presidente-aponta-cni","status":"publish","type":"post","link":"https:\/\/noticiasdestaque.com.br\/index.php\/2026\/06\/22\/reducao-de-impostos-lidera-prioridades-da-industria-para-o-proximo-presidente-aponta-cni\/","title":{"rendered":"Redu\u00e7\u00e3o de impostos lidera prioridades da ind\u00fastria para o pr\u00f3ximo presidente, aponta CNI"},"content":{"rendered":"<p>\t\t\t\t\t\t\t\t\t\t<audio controls class=\"b61_audio_player\" data-noticia=\"90177\" src=\"https:\/\/brasil61.com\/rails\/active_storage\/blobs\/eyJfcmFpbHMiOnsibWVzc2FnZSI6IkJBaHBBdzA2QkE9PSIsImV4cCI6bnVsbCwicHVyIjoiYmxvYl9pZCJ9fQ==--f1859186ef441bbad1562df7e09f86a0feb4ec71\/PIND264770A\"><\/audio><\/p>\n<p>\u00c0s v\u00e9speras da <strong>corrida presidencial<\/strong>, a <strong>redu\u00e7\u00e3o dos impostos e a consolida\u00e7\u00e3o da reforma tribut\u00e1ria <\/strong>despontam como as<strong> principais demandas da ind\u00fastria para o pr\u00f3ximo presidente eleito<\/strong>. Pesquisa da <a href=\"https:\/\/cni.portaldaindustria.com.br\/home\" target=\"_blank\">Confedera\u00e7\u00e3o Nacional da Ind\u00fastria (CNI)<\/a>, divulgada nesta segunda-feira (22), mostra que<strong> 29% dos empres\u00e1rios apontam essa agenda como prioridade para os pr\u00f3ximos quatro anos<\/strong>.\u00a0<\/p>\n<p>Na sequ\u00eancia, aparecem o<strong> equil\u00edbrio fiscal<\/strong> e a <strong>melhoria da gest\u00e3o p\u00fablica<\/strong>, apontados por <strong>22% dos entrevistados<\/strong>. Medidas de<strong> incentivo \u00e0 ind\u00fastria e \u00e0 produ\u00e7\u00e3o<\/strong> ocupam a terceira posi\u00e7\u00e3o, sendo consideradas priorit\u00e1rias por <strong>21% dos empres\u00e1rios<\/strong>.\u00a0<\/p>\n<p>Para o presidente da CNI, <strong>Ricardo Alban<\/strong>, o d<strong>esenvolvimento produtivo depende de maior alinhamento entre as pol\u00edticas fiscal e monet\u00e1ria<\/strong>.\u00a0<\/p>\n<p>\u201c<strong>A ind\u00fastria est\u00e1 pronta para fazer sua parte<\/strong>, mas precisamos de um <strong>Estado <\/strong>que escolha induzir o<strong> investimento produtivo, planeje o desenvolvimento, fortale\u00e7a a produ\u00e7\u00e3o<\/strong> e abra caminho para um Brasil mais pr\u00f3spero, inovador e de renda mais alta\u201d, afirma.\u00a0<\/p>\n<h2>Prioridades para diferentes \u00e1reas do governo<\/h2>\n<p>A pesquisa tamb\u00e9m investigou quais devem ser as<strong> principais prioridades do poder p\u00fablico em diferentes \u00e1reas de atua\u00e7\u00e3o<\/strong>. Considerando a soma da primeira e da segunda op\u00e7\u00e3o dos entrevistados, os resultados foram:\u00a0<\/p>\n<ul>\n<li><strong>Empregos<\/strong>: 71% defendem a redu\u00e7\u00e3o dos impostos sobre a folha de pagamento;<\/li>\n<li><strong>Sa\u00fade<\/strong>: 48% apontam o combate \u00e0 corrup\u00e7\u00e3o e ao desvio de verbas do Sistema \u00danico de Sa\u00fade (SUS);<\/li>\n<li><strong>Seguran\u00e7a<\/strong>: 45% citam o combate ao tr\u00e1fico de drogas e ao crime organizado;<\/li>\n<li><strong>Economia<\/strong>: 42% mencionam o controle dos gastos p\u00fablicos e a redu\u00e7\u00e3o de impostos;<\/li>\n<li><strong>Educa\u00e7\u00e3o<\/strong>: 38% destacam a necessidade de melhorar a capacita\u00e7\u00e3o dos professores.<\/li>\n<\/ul>\n<h2>Ambiente de neg\u00f3cios e Custo Brasil<\/h2>\n<p>O \u00a0superintendente de Economia da CNI, <strong>M\u00e1rcio Guerra<\/strong>, destaca que, entre as <strong>prioridades para a melhoria do ambiente de neg\u00f3cios e para as pr\u00f3prias empresas<\/strong>, predominam fatores associados ao chamado <strong>Custo Brasil <\/strong>\u2014 conjunto de <strong>entraves estruturais, burocr\u00e1ticos e econ\u00f4micos que elevam os custos de produ\u00e7\u00e3o no pa\u00eds<\/strong>.\u00a0<\/p>\n<p>\u201cH\u00e1 preocupa\u00e7\u00f5es relacionadas a <strong>emprego, seguran\u00e7a, gastos p\u00fablicos, juros, cr\u00e9dito<\/strong>, e como isso tem impactado a din\u00e2mica dos neg\u00f3cios. Em outras palavras, trata-se do <strong>Custo Brasil <\/strong>e de fatores relacionados ao ambiente de neg\u00f3cios\u201d, afirma.\u00a0<\/p>\n<p>Nesse contexto, a<strong> redu\u00e7\u00e3o dos impostos<\/strong> e a <strong>consolida\u00e7\u00e3o da reforma tribut\u00e1ria <\/strong>aparecem no topo das demandas do setor empresarial para o pr\u00f3ximo presidente. O ranking elaborado pela CNI mostra ainda a preocupa\u00e7\u00e3o dos industriais com o <strong>custo do cr\u00e9dito<\/strong>, os <strong>est\u00edmulos \u00e0 produ\u00e7\u00e3o<\/strong> e a <strong>disponibilidade de m\u00e3o de obra<\/strong>:\u00a0<\/p>\n<ul>\n<li>Redu\u00e7\u00e3o dos impostos e a consolida\u00e7\u00e3o da reforma tribut\u00e1ria: 45%;<\/li>\n<li>Redu\u00e7\u00e3o de juros e amplia\u00e7\u00e3o da oferta de cr\u00e9dito: 26%;<\/li>\n<li>Incentivo \u00e0 ind\u00fastria e \u00e0 produ\u00e7\u00e3o: 21%<\/li>\n<li>Legisla\u00e7\u00e3o trabalhista e emprego: 11%<\/li>\n<li>Qualifica\u00e7\u00e3o de m\u00e3o de obra: 9%<\/li>\n<\/ul>\n<h2>Fatores que mais prejudicaram a ind\u00fastria\u00a0<\/h2>\n<p>Ao avaliarem os \u00faltimos 12 meses, os empres\u00e1rios apontaram a <strong>elevada carga tribut\u00e1ria, a escassez de m\u00e3o de obra, os juros altos e a instabilidade pol\u00edtica<\/strong> como os fatores que <strong>mais impactaram negativamente seus neg\u00f3cios<\/strong>.\u00a0<\/p>\n<p>Em uma escala de 1 a 5, em que 1 significa <strong>\u201cn\u00e3o afetou\u201d <\/strong>e 5 <strong>\u201cafetou muito\u201d<\/strong>, os fatores receberam as seguintes notas m\u00e9dias:\u00a0<\/p>\n<ul>\n<li>Alta carga tribut\u00e1ria: <strong>4.4<\/strong><\/li>\n<li>indisponibilidade de m\u00e3o de obra: <strong>4.1<\/strong><\/li>\n<li>Taxa de juros elevada: <strong>4.1<\/strong><\/li>\n<li>Instabilidade pol\u00edtica: <strong>4.0<\/strong><\/li>\n<\/ul>\n<h2>Juros e investimento\u00a0<\/h2>\n<p>A pesquisa tamb\u00e9m revela a preocupa\u00e7\u00e3o do setor com a <strong>taxa de juros<\/strong>. Para<strong> 72% dos industriais<\/strong>, a principal medida para permitir uma <strong>redu\u00e7\u00e3o sustent\u00e1vel das taxas de juros<\/strong> no pa\u00eds \u00e9 o<strong> corte de gastos para reduzir a d\u00edvida p\u00fablica<\/strong>. A<strong> autonomia do Banco Central <\/strong>foi apontada por <strong>11% <\/strong>dos entrevistados, enquanto<strong> 6% defenderam maior concorr\u00eancia entre as institui\u00e7\u00f5es financeiras<\/strong>.\u00a0<\/p>\n<p>\u201cA sociedade brasileira espera respostas para termos um <strong>pa\u00eds mais justo, com mais oportunidades e menos desigualdade<\/strong>, mas, ao mesmo tempo, n\u00e3o pode conviver com riscos de <strong>manuten\u00e7\u00e3o de juros estratosf\u00e9ricos e excessos de gastos p\u00fablicos<\/strong>. Se n\u00e3o houver corre\u00e7\u00e3o de rumo, cada vez mais vai aumentar a dist\u00e2ncia do pa\u00eds rumo ao desenvolvimento sustent\u00e1vel, resultando em <strong>perdas para o empresariado, para a economia brasileira e para a popula\u00e7\u00e3o<\/strong>\u201d, destaca Ricardo Alban.<\/p>\n<p>Em rela\u00e7\u00e3o aos<strong> investimentos nos pr\u00f3ximos quatro anos<\/strong>, <strong>41%<\/strong> dos empres\u00e1rios pretendem<strong> manter o n\u00edvel atual de aportes<\/strong>, enquanto<strong> 28%<\/strong> afirmam que pretendem <strong>ampliar os investimentos<\/strong>. Outros <strong>9%<\/strong> projetam <strong>redu\u00e7\u00e3o<\/strong>, e <strong>20% <\/strong>disseram que <strong>n\u00e3o pretendem investir<\/strong> no per\u00edodo.\u00a0<\/p>\n<h2>A Ind\u00fastria na Agenda dos Presidenci\u00e1veis<\/h2>\n<p>Os resultados da pesquisa refor\u00e7am as <strong>propostas que a CNI apresentou nesta segunda-feira (22) a pr\u00e9-candidatos \u00e0 Presid\u00eancia da Rep\u00fablica e lideran\u00e7as empresariais<\/strong> durante o evento<strong> A Ind\u00fastria na Agenda dos Presidenci\u00e1veis<\/strong>, no Centro de Conven\u00e7\u00f5es Ulysses Guimar\u00e3es, em Bras\u00edlia.<\/p>\n<p>Segundo M\u00e1rcio Guerra, o encontro permite <strong>aproximar os pr\u00e9-candidatos das demandas do setor industrial<\/strong> e apresentar as prioridades consideradas fundamentais para a constru\u00e7\u00e3o de um pa\u00eds mais competitivo e desenvolvido nas pr\u00f3ximas d\u00e9cadas.\u00a0<\/p>\n<p>\u201cEssa pesquisa tem como objetivo dar <strong>voz ao empres\u00e1rio industrial<\/strong>. Ali tem uma fotografia muito importante para que os pr\u00e9-candidatos leiam <strong>o que o empres\u00e1rio industrial espera deles nesse pr\u00f3ximo mandato<\/strong>\u201d, ressalta.\u00a0<\/p>\n<p>As sugest\u00f5es integram o documento <strong><a href=\"https:\/\/cni.portaldaindustria.com.br\/institucional\/propostas-da-industria-para-as-eleicoes-2026\" target=\"_blank\">Construindo o Brasil 2050<\/a><\/strong>, que re\u00fane <strong>recomenda\u00e7\u00f5es para \u00e1reas estrat\u00e9gicas<\/strong>, como<strong> agenda macroecon\u00f4mica, pol\u00edtica industrial, inova\u00e7\u00e3o, coopera\u00e7\u00e3o internacional, energia, infraestrutura de transportes, sustentabilidade, sistema tribut\u00e1rio, seguran\u00e7a jur\u00eddica<\/strong>, entre outros temas essenciais para o fortalecimento da economia e a competitividade do Brasil.<\/p>\n<p><strong>VEJA MAIS:<\/strong><\/p>\n<ul>\n<li><a href=\"https:\/\/brasil61.com\/n\/quase-metade-dos-industriais-preve-aumento-do-endividamento-nos-proximos-tres-meses-aponta-cni-pind264769\" target=\"_blank\">Quase metade dos industriais prev\u00ea aumento do endividamento nos pr\u00f3ximos tr\u00eas meses, aponta CNI<\/a><\/li>\n<li><a href=\"https:\/\/brasil61.com\/n\/presidente-da-cni-defende-pec-do-trabalho-flexivel-e-diz-que-proposta-preserva-direitos-pind264765\" target=\"_blank\">Presidente da CNI defende PEC do Trabalho Flex\u00edvel e diz que proposta preserva direitos<\/a><\/li>\n<\/ul>\n<p>\t\t\t\t\t\t\t\t\t<img loading=\"lazy\" decoding=\"async\" src=\"https:\/\/brasil61.com\/api\/v1\/serve_pixel\/17677\/90177\" alt=\"Pixel Brasil 61\" class=\"b61_pixel\" width=\"0\" height=\"0\"><\/p>\n<input type=\"hidden\" id=\"baseurl\" value=\"https:\/\/noticiasdestaque.com.br\"><input type=\"hidden\" id=\"audio_nonce\" value=\"2e6eb2c1c8\">","protected":false},"excerpt":{"rendered":"<p>Pesquisa mostra preocupa\u00e7\u00e3o com o Custo Brasil e aponta carga tribut\u00e1ria, juros e cr\u00e9dito como entraves \u00e0 competitividade<\/p>\n","protected":false},"author":1,"featured_media":53278,"comment_status":"open","ping_status":"open","sticky":false,"template":"","format":"standard","meta":{"fifu_image_url":"","fifu_image_alt":"","footnotes":""},"categories":[59],"tags":[],"class_list":["post-53230","post","type-post","status-publish","format-standard","has-post-thumbnail","hentry","category-economia"],"distributor_meta":false,"distributor_terms":false,"distributor_media":false,"distributor_original_site_name":"Noticias em Destaque","distributor_original_site_url":"https:\/\/noticiasdestaque.com.br","push-errors":false,"_links":{"self":[{"href":"https:\/\/noticiasdestaque.com.br\/index.php\/wp-json\/wp\/v2\/posts\/53230","targetHints":{"allow":["GET"]}}],"collection":[{"href":"https:\/\/noticiasdestaque.com.br\/index.php\/wp-json\/wp\/v2\/posts"}],"about":[{"href":"https:\/\/noticiasdestaque.com.br\/index.php\/wp-json\/wp\/v2\/types\/post"}],"author":[{"embeddable":true,"href":"https:\/\/noticiasdestaque.com.br\/index.php\/wp-json\/wp\/v2\/users\/1"}],"replies":[{"embeddable":true,"href":"https:\/\/noticiasdestaque.com.br\/index.php\/wp-json\/wp\/v2\/comments?post=53230"}],"version-history":[{"count":1,"href":"https:\/\/noticiasdestaque.com.br\/index.php\/wp-json\/wp\/v2\/posts\/53230\/revisions"}],"predecessor-version":[{"id":53277,"href":"https:\/\/noticiasdestaque.com.br\/index.php\/wp-json\/wp\/v2\/posts\/53230\/revisions\/53277"}],"wp:featuredmedia":[{"embeddable":true,"href":"https:\/\/noticiasdestaque.com.br\/index.php\/wp-json\/wp\/v2\/media\/53278"}],"wp:attachment":[{"href":"https:\/\/noticiasdestaque.com.br\/index.php\/wp-json\/wp\/v2\/media?parent=53230"}],"wp:term":[{"taxonomy":"category","embeddable":true,"href":"https:\/\/noticiasdestaque.com.br\/index.php\/wp-json\/wp\/v2\/categories?post=53230"},{"taxonomy":"post_tag","embeddable":true,"href":"https:\/\/noticiasdestaque.com.br\/index.php\/wp-json\/wp\/v2\/tags?post=53230"}],"curies":[{"name":"wp","href":"https:\/\/api.w.org\/{rel}","templated":true}]}}