{"id":5296,"date":"2023-03-12T17:03:00","date_gmt":"2023-03-12T17:03:00","guid":{"rendered":"https:\/\/noticiasdestaque.com.br\/index.php\/2023\/03\/12\/capes-defende-retomada-da-ciencia-como-indutora-de-desenvolvimento\/"},"modified":"2023-03-12T17:03:00","modified_gmt":"2023-03-12T17:03:00","slug":"capes-defende-retomada-da-ciencia-como-indutora-de-desenvolvimento","status":"publish","type":"post","link":"https:\/\/noticiasdestaque.com.br\/index.php\/2023\/03\/12\/capes-defende-retomada-da-ciencia-como-indutora-de-desenvolvimento\/","title":{"rendered":"Capes defende retomada da ci\u00eancia como indutora de desenvolvimento"},"content":{"rendered":"<style> bloco.meta {font-style: italic; color: #666;font-weight: 600;font-size: .8em; \/* line-height: .3em; *\/}  text h2 { font-weight: 700 !important;  color: #062f46 !important;} text img { width: none; left: none;}<\/style>\n<\/p>\n<p>Retomar o valor da ci\u00eancia e fortalecer a educa\u00e7\u00e3o como um meio de desenvolvimento para o pa\u00eds est\u00e3o entre as metas da Coordena\u00e7\u00e3o de Aperfei\u00e7oamento de Pessoal de N\u00edvel Superior (Capes) para os pr\u00f3ximos anos. Esses objetivos foram descritos pela presidente da institui\u00e7\u00e3o, Mercedes Bustamante, em entrevista ao programa Brasil em Pauta, que vai ao ar neste domingo (12), na TV Brasil. <\/p>\n<p>\u201c\u00c9 a ci\u00eancia que vai poder nos conduzir, nos orientar nesse desenvolvimento que o Brasil precisa, com mais justi\u00e7a social, com mais equidade e tamb\u00e9m com mais sustentabilidade. Ent\u00e3o, acho que s\u00e3o duas ferramentas [ci\u00eancia e educa\u00e7\u00e3o] fundamentais que precisam ser trabalhadas e valorizadas se o Brasil quiser ter uma perspectiva de futuro at\u00e9 o final desse s\u00e9culo\u201d, disse a pesquisadora. <\/p>\n<p>O reajuste das bolsas de p\u00f3s-gradua\u00e7\u00e3o, inicia\u00e7\u00e3o cient\u00edfica e forma\u00e7\u00e3o de professores da educa\u00e7\u00e3o b\u00e1sica anunciado pelo governo federal em fevereiro, foi outro tema tratado pela presidente da Capes. Segundo ela, \u00e9 necess\u00e1rio que os reajustes ocorram com mais const\u00e2ncia e tenham previsibilidade e estabilidade na forma como s\u00e3o feitos. O \u00faltimo reajuste nos valores das bolsas de mestrado, doutorado e p\u00f3s-doutorado havia ocorrido em abril de 2013.<\/p>\n<p>\u201cA ideia \u00e9 que a gente n\u00e3o espere mais de dez anos pelo pr\u00f3ximo reajuste. Esperamos que daqui para frente possamos contar com a implementa\u00e7\u00e3o de reajustes mais peri\u00f3dicos e que consigam acompanhar um pouquinho mais o custo de vida no Brasil. Acho que isso vai ser um est\u00edmulo importante para a atra\u00e7\u00e3o dos pesquisadores que o Brasil perdeu nos \u00faltimos quatro anos e para fixar os pesquisadores que estamos formando aqui\u201d, afirmou. <\/p>\n<p>Mercedes Bustamante destacou que as bolsas t\u00eam papel importante na indu\u00e7\u00e3o e na manuten\u00e7\u00e3o de jovens pesquisadores na carreira cient\u00edfica. <\/p>\n<h2>Mulheres na ci\u00eancia <\/h2>\n<p>Em meio a discuss\u00f5es sobre a representatividade da mulher na sociedade e nos diversos setores produtivos, em raz\u00e3o da comemora\u00e7\u00e3o no Dia da Mulher, em 8 de mar\u00e7o, Mercedes Bustamante falou sobre a participa\u00e7\u00e3o das mulheres na ci\u00eancia. Ela destacou que, quando considerado o n\u00famero de bolsistas da Capes, as mulheres j\u00e1 s\u00e3o maioria nos mestrados e doutorados. A presidente da Capes observou que, no entanto, ainda h\u00e1 muito o que fazer para garantir que essas jovens pesquisadoras permane\u00e7am na carreira cient\u00edfica e acad\u00eamica. <\/p>\n<p>Segundo ela, \u00e9 preciso construir um ambiente mais adaptado para acolher a presen\u00e7a feminina na \u00e1rea das ci\u00eancias. Para isso, est\u00e3o em discuss\u00e3o estrat\u00e9gias como a de incorporar a informa\u00e7\u00e3o sobre a licen\u00e7a maternidade de jovens docentes e discentes nos relat\u00f3rios de avalia\u00e7\u00e3o. Outra estrat\u00e9gia seria modificar a lei que restringe a prorroga\u00e7\u00e3o da bolsa por maternalidade ou parentalidade, estendendo o prazo atual de quatro meses para seis meses. <\/p>\n<p>\u201cPercebemos que ainda h\u00e1 uma sobrecarga muito maior para as mulheres, ainda que existam mecanismos para fazer um pouco mais essa divis\u00e3o de esfor\u00e7os, ele ainda \u00e9 fortemente concentrado nas mulheres. Isso aponta que, muitas vezes, ap\u00f3s o parto ou a ado\u00e7\u00e3o, existe uma queda da produtividade cient\u00edfica das mulheres.\u201d<\/p>\n<h2>Mudan\u00e7as clim\u00e1ticas<\/h2>\n<p>A presidente da Capes afirmou que o Brasil \u00e9 sempre colocado como pot\u00eancia socioambiental e est\u00e1 na hora de ver a realiza\u00e7\u00e3o desse potencial, com o aux\u00edlio da ci\u00eancia. Para isso, segundo a pesquisadora, \u00e9 preciso mudar par\u00e2metros da economia brasileira, j\u00e1 que, ao longo de s\u00e9culos, o Brasil tem sido um exportador de commodities, o que tem pouco valor agregado e resulta em uma explora\u00e7\u00e3o predat\u00f3ria que traz impactos ao meio ambiente. \u201cParte desse processo da participa\u00e7\u00e3o da ci\u00eancia \u00e9 como agregamos valor nacional e reduzimos os impactos ambientais ao mesmo tempo\u201d, disse. <\/p>\n<p>Mercedes Bustamante avalia que, por ter biomas ricos em biodiversidade e tamb\u00e9m em carbono, o Brasil pode contribuir com a solu\u00e7\u00e3o para duas das grandes agendas ambientais que \u00e9 a perda da biodiversidade e a quest\u00e3o das mudan\u00e7as clim\u00e1ticas. \u201cO mundo esperava do Brasil exatamente essa lideran\u00e7a de servir como um exemplo para essa faixa tropical do globo que vai ser t\u00e3o importante nessa discuss\u00e3o das mudan\u00e7as ambientais globais.\u201d<\/p>\n<p>Confira a entrevista completa no programa Brasil em Pauta, que vai ao ar neste domingo (12) \u00e0s 22h30. <\/p>\n<p>Clique <a href=\"https:\/\/tvbrasil.ebc.com.br\/comosintonizar\" target=\"_blank\">aqui<\/a> e saiba como sintonizar a TV Brasil.<\/p>\n<\/p>\n<p class=\"alt-font font-italic my-2 small text-info\">\n                                                Edi\u00e7\u00e3o:   Maria Claudia                    <\/p>\n<p>            <!-- blog End --><\/p>\n<p>            <!-- tag and share --><\/p>\n<p> Fonte: EBC <\/p>\n<input type=\"hidden\" id=\"baseurl\" value=\"https:\/\/noticiasdestaque.com.br\"><input type=\"hidden\" id=\"audio_nonce\" value=\"581f3017e1\">","protected":false},"excerpt":{"rendered":"<p>Brasil em pauta vai ao ar neste\u00a0domingo na TV Brasil<\/p>\n","protected":false},"author":1,"featured_media":5298,"comment_status":"open","ping_status":"open","sticky":false,"template":"","format":"standard","meta":{"fifu_image_url":"","fifu_image_alt":"","footnotes":""},"categories":[1],"tags":[106],"class_list":["post-5296","post","type-post","status-publish","format-standard","has-post-thumbnail","hentry","category-uncategorized","tag-brunna-pareja"],"distributor_meta":false,"distributor_terms":false,"distributor_media":false,"distributor_original_site_name":"Noticias em Destaque","distributor_original_site_url":"https:\/\/noticiasdestaque.com.br","push-errors":false,"_links":{"self":[{"href":"https:\/\/noticiasdestaque.com.br\/index.php\/wp-json\/wp\/v2\/posts\/5296","targetHints":{"allow":["GET"]}}],"collection":[{"href":"https:\/\/noticiasdestaque.com.br\/index.php\/wp-json\/wp\/v2\/posts"}],"about":[{"href":"https:\/\/noticiasdestaque.com.br\/index.php\/wp-json\/wp\/v2\/types\/post"}],"author":[{"embeddable":true,"href":"https:\/\/noticiasdestaque.com.br\/index.php\/wp-json\/wp\/v2\/users\/1"}],"replies":[{"embeddable":true,"href":"https:\/\/noticiasdestaque.com.br\/index.php\/wp-json\/wp\/v2\/comments?post=5296"}],"version-history":[{"count":1,"href":"https:\/\/noticiasdestaque.com.br\/index.php\/wp-json\/wp\/v2\/posts\/5296\/revisions"}],"predecessor-version":[{"id":5297,"href":"https:\/\/noticiasdestaque.com.br\/index.php\/wp-json\/wp\/v2\/posts\/5296\/revisions\/5297"}],"wp:featuredmedia":[{"embeddable":true,"href":"https:\/\/noticiasdestaque.com.br\/index.php\/wp-json\/wp\/v2\/media\/5298"}],"wp:attachment":[{"href":"https:\/\/noticiasdestaque.com.br\/index.php\/wp-json\/wp\/v2\/media?parent=5296"}],"wp:term":[{"taxonomy":"category","embeddable":true,"href":"https:\/\/noticiasdestaque.com.br\/index.php\/wp-json\/wp\/v2\/categories?post=5296"},{"taxonomy":"post_tag","embeddable":true,"href":"https:\/\/noticiasdestaque.com.br\/index.php\/wp-json\/wp\/v2\/tags?post=5296"}],"curies":[{"name":"wp","href":"https:\/\/api.w.org\/{rel}","templated":true}]}}