{"id":5290,"date":"2023-03-12T15:03:00","date_gmt":"2023-03-12T15:03:00","guid":{"rendered":"https:\/\/noticiasdestaque.com.br\/index.php\/2023\/03\/12\/mulheres-de-diferentes-continentes-relatam-realidade-da-imigracao\/"},"modified":"2023-03-12T15:03:00","modified_gmt":"2023-03-12T15:03:00","slug":"mulheres-de-diferentes-continentes-relatam-realidade-da-imigracao","status":"publish","type":"post","link":"https:\/\/noticiasdestaque.com.br\/index.php\/2023\/03\/12\/mulheres-de-diferentes-continentes-relatam-realidade-da-imigracao\/","title":{"rendered":"Mulheres de diferentes continentes relatam realidade da imigra\u00e7\u00e3o"},"content":{"rendered":"<style> bloco.meta {font-style: italic; color: #666;font-weight: 600;font-size: .8em; \/* line-height: .3em; *\/}  text h2 { font-weight: 700 !important;  color: #062f46 !important;} text img { width: none; left: none;}<\/style>\n<\/p>\n<p>Em busca de seguran\u00e7a, melhores condi\u00e7\u00f5es de vida e prote\u00e7\u00e3o social, mulheres imigrantes sa\u00edram de seus pa\u00edses e vieram para o Brasil para encontrar abrigo e ref\u00fagio. De acordo com <a href=\"https:\/\/portaldeimigracao.mj.gov.br\/images\/Obmigra_2020\/OBMIGRA_2023\/Informativos_Mensais\/relatorio_janeiro23_1.pdf\" target=\"_blank\">informativo mensal de janeiro de 2023<\/a>, elaborado pelo Observat\u00f3rio das Migra\u00e7\u00f5es Internacionais (OBMigra), desde janeiro de 2021 a emiss\u00e3o de vistos pelos postos consulares brasileiros apresenta tend\u00eancia de aumento, partindo de 3,8 mil vistos para 9,2 mil em janeiro de 2023.<\/p>\n<p>No m\u00eas em que \u00e9 celebrado o Dia Internacional da Mulher (8 de mar\u00e7o), a reportagem da <strong>Ag\u00eancia Brasil <\/strong>conversou com tr\u00eas imigrantes que vivem em S\u00e3o Paulo e que vieram de diferentes regi\u00f5es do mundo: do Afeganist\u00e3o, na \u00c1sia; da Rep\u00fablica Democr\u00e1tica do Congo, na \u00c1frica; e da Bol\u00edvia, na Am\u00e9rica do Sul.<\/p>\n<p>S\u00e3o imigrantes e refugiadas em diferentes fases da vida, que viram no Brasil um lugar para morar e aqui t\u00eam constru\u00eddo suas hist\u00f3rias. Elas contaram suas jornadas e falaram sobre suas expectativas.<\/p>\n<p>A cozinheira Raihana Ibrahimi, de 49 anos, nasceu no Afeganist\u00e3o, mas vive h\u00e1 cinco anos em S\u00e3o Paulo. Ela tem um restaurante de cozinha afeg\u00e3 com o marido no bairro da Liberdade. Ambos s\u00e3o da etnia hazara, minoria que \u00e9 historicamente perseguida pelo Talib\u00e3, que retomou o poder no pa\u00eds no ano passado, com a retirada das tropas americanas ap\u00f3s 20 anos de guerra.<\/p>\n<p>Primeiro veio o marido h\u00e1 oito anos, depois ela e, mais recentemente, chegou o filho de 17 anos. Ainda vive no pa\u00eds um filho de 13 anos, que mora com a av\u00f3.<\/p>\n<p>A cozinheira conta que eles vieram para o Brasil pelo mesmo motivo de milhares de  afeg\u00e3os que migraram para o pa\u00eds nos \u00faltimos anos: fugir da opress\u00e3o do Talib\u00e3,  grupo fundamentalista sunita que imp\u00f5e no pa\u00eds um governo violento, autorit\u00e1rio e ultraconservador.<\/p>\n<p> nd-widget-wrapper context-cheio_8colunas type-image&#8221;<\/p>\n<input type=\"hidden\" id=\"baseurl\" value=\"https:\/\/noticiasdestaque.com.br\"><input type=\"hidden\" id=\"audio_nonce\" value=\"581f3017e1\">","protected":false},"excerpt":{"rendered":"<p>Ag\u00eancia Brasil conversou com tr\u00eas imigrantes que vivem em S\u00e3o Paulo<\/p>\n","protected":false},"author":1,"featured_media":5292,"comment_status":"open","ping_status":"open","sticky":false,"template":"","format":"standard","meta":{"fifu_image_url":"","fifu_image_alt":"","footnotes":""},"categories":[1],"tags":[106],"class_list":["post-5290","post","type-post","status-publish","format-standard","has-post-thumbnail","hentry","category-uncategorized","tag-brunna-pareja"],"distributor_meta":false,"distributor_terms":false,"distributor_media":false,"distributor_original_site_name":"Noticias em Destaque","distributor_original_site_url":"https:\/\/noticiasdestaque.com.br","push-errors":false,"_links":{"self":[{"href":"https:\/\/noticiasdestaque.com.br\/index.php\/wp-json\/wp\/v2\/posts\/5290","targetHints":{"allow":["GET"]}}],"collection":[{"href":"https:\/\/noticiasdestaque.com.br\/index.php\/wp-json\/wp\/v2\/posts"}],"about":[{"href":"https:\/\/noticiasdestaque.com.br\/index.php\/wp-json\/wp\/v2\/types\/post"}],"author":[{"embeddable":true,"href":"https:\/\/noticiasdestaque.com.br\/index.php\/wp-json\/wp\/v2\/users\/1"}],"replies":[{"embeddable":true,"href":"https:\/\/noticiasdestaque.com.br\/index.php\/wp-json\/wp\/v2\/comments?post=5290"}],"version-history":[{"count":1,"href":"https:\/\/noticiasdestaque.com.br\/index.php\/wp-json\/wp\/v2\/posts\/5290\/revisions"}],"predecessor-version":[{"id":5291,"href":"https:\/\/noticiasdestaque.com.br\/index.php\/wp-json\/wp\/v2\/posts\/5290\/revisions\/5291"}],"wp:featuredmedia":[{"embeddable":true,"href":"https:\/\/noticiasdestaque.com.br\/index.php\/wp-json\/wp\/v2\/media\/5292"}],"wp:attachment":[{"href":"https:\/\/noticiasdestaque.com.br\/index.php\/wp-json\/wp\/v2\/media?parent=5290"}],"wp:term":[{"taxonomy":"category","embeddable":true,"href":"https:\/\/noticiasdestaque.com.br\/index.php\/wp-json\/wp\/v2\/categories?post=5290"},{"taxonomy":"post_tag","embeddable":true,"href":"https:\/\/noticiasdestaque.com.br\/index.php\/wp-json\/wp\/v2\/tags?post=5290"}],"curies":[{"name":"wp","href":"https:\/\/api.w.org\/{rel}","templated":true}]}}