{"id":5272,"date":"2023-03-11T21:43:00","date_gmt":"2023-03-11T21:43:00","guid":{"rendered":"https:\/\/noticiasdestaque.com.br\/index.php\/2023\/03\/11\/libertadas-pessoas-submetidas-a-trabalho-escravo-no-rs\/"},"modified":"2023-03-11T21:43:00","modified_gmt":"2023-03-11T21:43:00","slug":"libertadas-pessoas-submetidas-a-trabalho-escravo-no-rs","status":"publish","type":"post","link":"https:\/\/noticiasdestaque.com.br\/index.php\/2023\/03\/11\/libertadas-pessoas-submetidas-a-trabalho-escravo-no-rs\/","title":{"rendered":"Libertadas 56 pessoas submetidas a trabalho escravo no RS"},"content":{"rendered":"<style> bloco.meta {font-style: italic; color: #666;font-weight: 600;font-size: .8em; \/* line-height: .3em; *\/}  text h2 { font-weight: 700 !important;  color: #062f46 !important;} text img { width: none; left: none;}<\/style>\n<\/p>\n<p>Uma den\u00fancia levou servidores dos minist\u00e9rios P\u00fablico do Trabalho (MPT) e do Trabalho e Emprego (MTE) a libertar 56 pessoas submetidas a condi\u00e7\u00f5es laborais semelhantes \u00e0 escravid\u00e3o em Uruguaiana (RS).<\/p>\n<p>Dos 56 trabalhadores resgatados nesta sexta-feira (10), dez tinham entre 14 e 17 anos de idade. As v\u00edtimas da escravid\u00e3o contempor\u00e2nea trabalhavam em duas fazendas de arroz das est\u00e2ncias Santa Adelaide e S\u00e3o Joaquim, na cidade ga\u00facha.<\/p>\n<p>Segundo o MPT, al\u00e9m de n\u00e3o receberem dos empregadores os equipamentos de prote\u00e7\u00e3o necess\u00e1rios e os instrumentos adequados para colher o cereal ou aplicar agrot\u00f3xicos na planta\u00e7\u00e3o, os trabalhadores n\u00e3o eram registrados. E antes mesmo do in\u00edcio da jornada de trabalho, tinham que andar longas dist\u00e2ncias sob o sol para chegar \u00e0s \u00e1reas de plantio.<\/p>\n<p>A opera\u00e7\u00e3o, que contou com o apoio da Pol\u00edcia Federal (PF), resultou no maior n\u00famero de pessoas resgatadas de condi\u00e7\u00f5es an\u00e1logas \u00e0 escravid\u00e3o j\u00e1 registrado em Uruguaiana. De acordo com o MPT, os trabalhadores foram recrutados para o servi\u00e7o por um agenciador que procura m\u00e3o de obra em cidades da regi\u00e3o, como Itaqui, S\u00e3o Borja, Alegrete e na pr\u00f3pria Uruguaiana.<\/p>\n<p>Ainda segundo o Minist\u00e9rio P\u00fablico, as v\u00edtimas relataram que recebiam R$ 100 por dia, mas tinham que pagar pela comida e at\u00e9 mesmo por parte das ferramentas de trabalho que utilizavam. \u201cNessas condi\u00e7\u00f5es, a comida estragava constantemente e os trabalhadores n\u00e3o comiam nada o dia inteiro. Se algum deles adoecesse, teria remunera\u00e7\u00e3o descontada\u201d.<\/p>\n<p>Em nota, o MPT tamb\u00e9m afirma que, segundo os relatos das v\u00edtimas, um adolescente sofreu um acidente enquanto manuseava um fac\u00e3o para colher o arroz, tendo perdido parcialmente os movimentos de um dos p\u00e9s.<\/p>\n<p>O homem respons\u00e1vel por intermediar a contrata\u00e7\u00e3o dos trabalhadores foi preso em flagrante, acusado de submeter pessoas \u00e0 condi\u00e7\u00e3o an\u00e1loga a de escravid\u00e3o (Art. 149 do C\u00f3digo Penal). Os donos das duas fazendas ser\u00e3o notificados para assinar a carteira de trabalho dos resgatados e pagar as devidas verbas rescis\u00f3rias. O MPT ainda pretende pedir na Justi\u00e7a que os fazendeiros sejam obrigados a indenizar as v\u00edtimas por danos morais individuais e coletivos.<\/p>\n<p>J\u00e1 os trabalhadores foram encaminhados de volta a suas casas e v\u00e3o receber de imediato tr\u00eas parcelas de seguro-desemprego.<\/p>\n<p class=\"alt-font font-italic my-2 small text-info\">\n                                                Edi\u00e7\u00e3o:   Marcelo Brand\u00e3o                    <\/p>\n<p>            <!-- blog End --><\/p>\n<p>            <!-- tag and share --><\/p>\n<p> Fonte: EBC <\/p>\n<\/div>\n<input type=\"hidden\" id=\"baseurl\" value=\"https:\/\/noticiasdestaque.com.br\"><input type=\"hidden\" id=\"audio_nonce\" value=\"581f3017e1\">","protected":false},"excerpt":{"rendered":"<p>Entre as v\u00edtimas est\u00e3o dez adolescentes de 14 a 17 anos de idade<\/p>\n","protected":false},"author":1,"featured_media":5274,"comment_status":"open","ping_status":"open","sticky":false,"template":"","format":"standard","meta":{"fifu_image_url":"","fifu_image_alt":"","footnotes":""},"categories":[1],"tags":[106],"class_list":["post-5272","post","type-post","status-publish","format-standard","has-post-thumbnail","hentry","category-uncategorized","tag-brunna-pareja"],"distributor_meta":false,"distributor_terms":false,"distributor_media":false,"distributor_original_site_name":"Noticias em Destaque","distributor_original_site_url":"https:\/\/noticiasdestaque.com.br","push-errors":false,"_links":{"self":[{"href":"https:\/\/noticiasdestaque.com.br\/index.php\/wp-json\/wp\/v2\/posts\/5272","targetHints":{"allow":["GET"]}}],"collection":[{"href":"https:\/\/noticiasdestaque.com.br\/index.php\/wp-json\/wp\/v2\/posts"}],"about":[{"href":"https:\/\/noticiasdestaque.com.br\/index.php\/wp-json\/wp\/v2\/types\/post"}],"author":[{"embeddable":true,"href":"https:\/\/noticiasdestaque.com.br\/index.php\/wp-json\/wp\/v2\/users\/1"}],"replies":[{"embeddable":true,"href":"https:\/\/noticiasdestaque.com.br\/index.php\/wp-json\/wp\/v2\/comments?post=5272"}],"version-history":[{"count":1,"href":"https:\/\/noticiasdestaque.com.br\/index.php\/wp-json\/wp\/v2\/posts\/5272\/revisions"}],"predecessor-version":[{"id":5273,"href":"https:\/\/noticiasdestaque.com.br\/index.php\/wp-json\/wp\/v2\/posts\/5272\/revisions\/5273"}],"wp:featuredmedia":[{"embeddable":true,"href":"https:\/\/noticiasdestaque.com.br\/index.php\/wp-json\/wp\/v2\/media\/5274"}],"wp:attachment":[{"href":"https:\/\/noticiasdestaque.com.br\/index.php\/wp-json\/wp\/v2\/media?parent=5272"}],"wp:term":[{"taxonomy":"category","embeddable":true,"href":"https:\/\/noticiasdestaque.com.br\/index.php\/wp-json\/wp\/v2\/categories?post=5272"},{"taxonomy":"post_tag","embeddable":true,"href":"https:\/\/noticiasdestaque.com.br\/index.php\/wp-json\/wp\/v2\/tags?post=5272"}],"curies":[{"name":"wp","href":"https:\/\/api.w.org\/{rel}","templated":true}]}}