{"id":5269,"date":"2023-03-11T21:13:00","date_gmt":"2023-03-11T21:13:00","guid":{"rendered":"https:\/\/noticiasdestaque.com.br\/index.php\/2023\/03\/11\/hospitalizacoes-por-covid-crescem-em-quatro-estados\/"},"modified":"2023-03-11T21:13:00","modified_gmt":"2023-03-11T21:13:00","slug":"hospitalizacoes-por-covid-crescem-em-quatro-estados","status":"publish","type":"post","link":"https:\/\/noticiasdestaque.com.br\/index.php\/2023\/03\/11\/hospitalizacoes-por-covid-crescem-em-quatro-estados\/","title":{"rendered":"Hospitaliza\u00e7\u00f5es por covid-19 crescem em quatro estados"},"content":{"rendered":"<style> bloco.meta {font-style: italic; color: #666;font-weight: 600;font-size: .8em; \/* line-height: .3em; *\/}  text h2 { font-weight: 700 !important;  color: #062f46 !important;} text img { width: none; left: none;}<\/style>\n<\/p>\n<p>Os casos de s\u00edndrome respirat\u00f3ria aguda grave (SRAG) &#8211; associados \u00e0 covid-19 &#8211; mantiveram a tend\u00eancia de alta j\u00e1 registrada nas \u00faltimas semanas no Amazonas e S\u00e3o Paulo e tamb\u00e9m apresentam tend\u00eancia clara de aumento no Cear\u00e1 e no Rio de Janeiro.<\/p>\n<p>\u00c9 o que revelam informa\u00e7\u00f5es divulgadas ontem (10) no \u00faltimo Boletim Infogripe, da Funda\u00e7\u00e3o Oswaldo Cruz (Fiocruz). Os dados de 26 de fevereiro a 4 de mar\u00e7o apontam, ainda, para sinais iniciais de aumento em Mato Grosso do Sul e no Par\u00e1.<\/p>\n<p>O avan\u00e7o da SRAG por covid-19 &#8211; que gera hospitaliza\u00e7\u00f5es &#8211; est\u00e1 mais associado a casos na popula\u00e7\u00e3o adulta. O InfoGripe tamb\u00e9m registra crescimento de casos entre crian\u00e7as e adolescentes, mas n\u00e3o h\u00e1 uma associa\u00e7\u00e3o viral clara, segundo o coordenador do boletim, Marcelo Gomes.<\/p>\n<p>&#8220;Na Bahia, em Mato Grosso do Sul, no Paran\u00e1, em Santa Catarina e, em menor escala, em S\u00e3o Paulo, existe aumento nos casos positivos para rinov\u00edrus nas crian\u00e7as at\u00e9 11 anos&#8221;, disse o pesquisador, em texto divulgado pela Ag\u00eancia Fiocruz de Not\u00edcias. <\/p>\n<h2>Vacinas<\/h2>\n<p>Ele destaca que o novo cen\u00e1rio de crescimento refor\u00e7a a import\u00e2ncia da campanha de vacina\u00e7\u00e3o iniciada no dia 27 de fevereiro pelo Minist\u00e9rio da Sa\u00fade, em que os grupos priorit\u00e1rios j\u00e1 podem receber as vacinas bivalentes contra covid-19, atualizadas para conferir maior prote\u00e7\u00e3o contra a variante \u00d4micron. <\/p>\n<p>Ao todo, 18 unidades da federa\u00e7\u00e3o apresentam tend\u00eancia de crescimento nos casos de SRAG, por\u00e9m, apenas nas destacadas pelo estudo o movimento j\u00e1 pode ser considerado realmente uma expans\u00e3o. No Amazonas, al\u00e9m da covid-19, as hospitaliza\u00e7\u00f5es por SRAG tamb\u00e9m est\u00e3o associadas a casos de influenza A. <\/p>\n<p>Apesar disso, o boletim informa, tamb\u00e9m, que em Alagoas, Bahia, Distrito Federal, Esp\u00edrito Santo, Goi\u00e1s, Minas Gerais, Mato Grosso do Sul, Par\u00e1, Paran\u00e1, Rio Grande do Sul e Santa Catarina h\u00e1 um crescimento de casos de SRAG concentrado entre crian\u00e7as e adolescentes, que, at\u00e9 o momento, n\u00e3o se reflete na popula\u00e7\u00e3o adulta. <\/p>\n<p class=\"alt-font font-italic my-2 small text-info\">\n                                                Edi\u00e7\u00e3o:   Kleber Sampaio                    <\/p>\n<p>            <!-- blog End --><\/p>\n<p>            <!-- tag and share --><\/p>\n<p> Fonte: EBC <\/p>\n<input type=\"hidden\" id=\"baseurl\" value=\"https:\/\/noticiasdestaque.com.br\"><input type=\"hidden\" id=\"audio_nonce\" value=\"581f3017e1\">","protected":false},"excerpt":{"rendered":"<p> \u00c9 o que revela boletim Infogripe, da Fiocruz<\/p>\n","protected":false},"author":1,"featured_media":5271,"comment_status":"open","ping_status":"open","sticky":false,"template":"","format":"standard","meta":{"fifu_image_url":"","fifu_image_alt":"","footnotes":""},"categories":[1],"tags":[112],"class_list":["post-5269","post","type-post","status-publish","format-standard","has-post-thumbnail","hentry","category-uncategorized","tag-energreener"],"distributor_meta":false,"distributor_terms":false,"distributor_media":false,"distributor_original_site_name":"Noticias em Destaque","distributor_original_site_url":"https:\/\/noticiasdestaque.com.br","push-errors":false,"_links":{"self":[{"href":"https:\/\/noticiasdestaque.com.br\/index.php\/wp-json\/wp\/v2\/posts\/5269","targetHints":{"allow":["GET"]}}],"collection":[{"href":"https:\/\/noticiasdestaque.com.br\/index.php\/wp-json\/wp\/v2\/posts"}],"about":[{"href":"https:\/\/noticiasdestaque.com.br\/index.php\/wp-json\/wp\/v2\/types\/post"}],"author":[{"embeddable":true,"href":"https:\/\/noticiasdestaque.com.br\/index.php\/wp-json\/wp\/v2\/users\/1"}],"replies":[{"embeddable":true,"href":"https:\/\/noticiasdestaque.com.br\/index.php\/wp-json\/wp\/v2\/comments?post=5269"}],"version-history":[{"count":1,"href":"https:\/\/noticiasdestaque.com.br\/index.php\/wp-json\/wp\/v2\/posts\/5269\/revisions"}],"predecessor-version":[{"id":5270,"href":"https:\/\/noticiasdestaque.com.br\/index.php\/wp-json\/wp\/v2\/posts\/5269\/revisions\/5270"}],"wp:featuredmedia":[{"embeddable":true,"href":"https:\/\/noticiasdestaque.com.br\/index.php\/wp-json\/wp\/v2\/media\/5271"}],"wp:attachment":[{"href":"https:\/\/noticiasdestaque.com.br\/index.php\/wp-json\/wp\/v2\/media?parent=5269"}],"wp:term":[{"taxonomy":"category","embeddable":true,"href":"https:\/\/noticiasdestaque.com.br\/index.php\/wp-json\/wp\/v2\/categories?post=5269"},{"taxonomy":"post_tag","embeddable":true,"href":"https:\/\/noticiasdestaque.com.br\/index.php\/wp-json\/wp\/v2\/tags?post=5269"}],"curies":[{"name":"wp","href":"https:\/\/api.w.org\/{rel}","templated":true}]}}