{"id":5266,"date":"2023-03-11T20:13:00","date_gmt":"2023-03-11T20:13:00","guid":{"rendered":"https:\/\/noticiasdestaque.com.br\/index.php\/2023\/03\/11\/gestantes-e-puerperas-do-rio-terao-vacina-bivalente-a-partir-do-dia\/"},"modified":"2023-03-11T20:13:00","modified_gmt":"2023-03-11T20:13:00","slug":"gestantes-e-puerperas-do-rio-terao-vacina-bivalente-a-partir-do-dia","status":"publish","type":"post","link":"https:\/\/noticiasdestaque.com.br\/index.php\/2023\/03\/11\/gestantes-e-puerperas-do-rio-terao-vacina-bivalente-a-partir-do-dia\/","title":{"rendered":"Gestantes e pu\u00e9rperas do Rio ter\u00e3o vacina bivalente a partir do dia 13"},"content":{"rendered":"<style> bloco.meta {font-style: italic; color: #666;font-weight: 600;font-size: .8em; \/* line-height: .3em; *\/}  text h2 { font-weight: 700 !important;  color: #062f46 !important;} text img { width: none; left: none;}<\/style>\n<\/p>\n<p>A Secretaria Municipal de Sa\u00fade do Rio de Janeiro divulgou hoje (11) que iniciar\u00e1 a vacina\u00e7\u00e3o de gestantes e pu\u00e9rperas com a vacina bivalente contra covid-19 na pr\u00f3xima segunda-feira (13).<\/p>\n<p>A vacina\u00e7\u00e3o de refor\u00e7o com a bivalente, atualizada para proteger contra a variante \u00d4micron, j\u00e1 abrange pessoas com 12 anos ou mais imunocomprometidas e adultos com 60 anos ou mais. <\/p>\n<h2>Cl\u00ednicas<\/h2>\n<p>As doses s\u00e3o aplicadas em todas as cl\u00ednicas da fam\u00edlia e centros municipais de sa\u00fade do Rio. A vacina tamb\u00e9m est\u00e1 dispon\u00edvel no Super Centro Carioca de Vacina\u00e7\u00e3o e em postos extras.<\/p>\n<p>A partir de ter\u00e7a-feira (14), o Rio tamb\u00e9m vai ampliar a vacina\u00e7\u00e3o dos trabalhadores da sa\u00fade, com a vacina\u00e7\u00e3o dos que t\u00eam mais de 50 anos. Nos dias seguintes, a faixa et\u00e1ria ser\u00e1 ampliada em dez anos por dia, at\u00e9 que todos os trabalhadores do setor maiores de 18 anos possam ser vacinados no s\u00e1bado.<\/p>\n<p class=\"alt-font font-italic my-2 small text-info\">\n                                                Edi\u00e7\u00e3o:   Kleber Sampaio                    <\/p>\n<p>            <!-- blog End --><\/p>\n<p>            <!-- tag and share --><\/p>\n<p> Fonte: EBC <\/p>\n<input type=\"hidden\" id=\"baseurl\" value=\"https:\/\/noticiasdestaque.com.br\"><input type=\"hidden\" id=\"audio_nonce\" value=\"581f3017e1\">","protected":false},"excerpt":{"rendered":"<p>Medicamento \u00e9 para proteger contra a \u00d4micron<\/p>\n","protected":false},"author":1,"featured_media":5268,"comment_status":"open","ping_status":"open","sticky":false,"template":"","format":"standard","meta":{"fifu_image_url":"","fifu_image_alt":"","footnotes":""},"categories":[1],"tags":[112],"class_list":["post-5266","post","type-post","status-publish","format-standard","has-post-thumbnail","hentry","category-uncategorized","tag-energreener"],"distributor_meta":false,"distributor_terms":false,"distributor_media":false,"distributor_original_site_name":"Noticias em Destaque","distributor_original_site_url":"https:\/\/noticiasdestaque.com.br","push-errors":false,"_links":{"self":[{"href":"https:\/\/noticiasdestaque.com.br\/index.php\/wp-json\/wp\/v2\/posts\/5266","targetHints":{"allow":["GET"]}}],"collection":[{"href":"https:\/\/noticiasdestaque.com.br\/index.php\/wp-json\/wp\/v2\/posts"}],"about":[{"href":"https:\/\/noticiasdestaque.com.br\/index.php\/wp-json\/wp\/v2\/types\/post"}],"author":[{"embeddable":true,"href":"https:\/\/noticiasdestaque.com.br\/index.php\/wp-json\/wp\/v2\/users\/1"}],"replies":[{"embeddable":true,"href":"https:\/\/noticiasdestaque.com.br\/index.php\/wp-json\/wp\/v2\/comments?post=5266"}],"version-history":[{"count":1,"href":"https:\/\/noticiasdestaque.com.br\/index.php\/wp-json\/wp\/v2\/posts\/5266\/revisions"}],"predecessor-version":[{"id":5267,"href":"https:\/\/noticiasdestaque.com.br\/index.php\/wp-json\/wp\/v2\/posts\/5266\/revisions\/5267"}],"wp:featuredmedia":[{"embeddable":true,"href":"https:\/\/noticiasdestaque.com.br\/index.php\/wp-json\/wp\/v2\/media\/5268"}],"wp:attachment":[{"href":"https:\/\/noticiasdestaque.com.br\/index.php\/wp-json\/wp\/v2\/media?parent=5266"}],"wp:term":[{"taxonomy":"category","embeddable":true,"href":"https:\/\/noticiasdestaque.com.br\/index.php\/wp-json\/wp\/v2\/categories?post=5266"},{"taxonomy":"post_tag","embeddable":true,"href":"https:\/\/noticiasdestaque.com.br\/index.php\/wp-json\/wp\/v2\/tags?post=5266"}],"curies":[{"name":"wp","href":"https:\/\/api.w.org\/{rel}","templated":true}]}}