{"id":5263,"date":"2023-03-11T18:43:00","date_gmt":"2023-03-11T18:43:00","guid":{"rendered":"https:\/\/noticiasdestaque.com.br\/index.php\/2023\/03\/11\/grande-rio-ja-tem-mais-criancas-baleadas-que-em\/"},"modified":"2023-03-11T18:43:00","modified_gmt":"2023-03-11T18:43:00","slug":"grande-rio-ja-tem-mais-criancas-baleadas-que-em","status":"publish","type":"post","link":"https:\/\/noticiasdestaque.com.br\/index.php\/2023\/03\/11\/grande-rio-ja-tem-mais-criancas-baleadas-que-em\/","title":{"rendered":"Grande Rio j\u00e1 tem mais crian\u00e7as baleadas que em 2022"},"content":{"rendered":"<style> bloco.meta {font-style: italic; color: #666;font-weight: 600;font-size: .8em; \/* line-height: .3em; *\/}  text h2 { font-weight: 700 !important;  color: #062f46 !important;} text img { width: none; left: none;}<\/style>\n<\/p>\n<p>Um levantamento do Instituto Fogo Cruzado revela que a Regi\u00e3o Metropolitana do Rio de Janeiro teve mais crian\u00e7as baleadas at\u00e9 10 de mar\u00e7o deste ano que em todo o ano de 2022. Ao todo, foram nove crian\u00e7as feridas por disparos de armas de fogo. Tr\u00eas delas morreram. <\/p>\n<p>A nona crian\u00e7a, Maria J\u00falia da Silva Gomes, de um ano e oito meses, foi atingida por uma bala perdida ontem (10), durante uma opera\u00e7\u00e3o policial na Ladeira dos Tabajaras, favela localizada em Copacabana, na zona sul do Rio. <\/p>\n<p>Maria Julia foi baleada na perna e precisou ser internada no Hospital Municipal Miguel Couto, no Leblon. Segundo a Secretaria Municipal de Sa\u00fade, o estado de sa\u00fade da crian\u00e7a \u00e9 est\u00e1vel. <\/p>\n<p>Procurada pela <strong>Ag\u00eancia Brasil<\/strong>, a assessoria de imprensa da Secretaria de Estado de Pol\u00edcia Militar disse que policiais militares da Coordenadoria de Pol\u00edcia Pacificadora (CPP) e da Unidade de Pol\u00edcia Pacificadora (UPP) Tabajaras\/Cabritos atuavam nas comunidades Morro dos Cabritos e Tabajaras. <\/p>\n<p>&#8220;Durante a a\u00e7\u00e3o, o ve\u00edculo blindado estava em deslocamento pela comunidade e indiv\u00edduos armados fizeram disparos de arma de fogo contra as equipes policiais. Uma das bases da UPP tamb\u00e9m sofreu ataques criminosos. N\u00e3o houve revide por parte dos policiais&#8221;, disse a Pol\u00edcia Militar. &#8220;A UPP foi informada que uma crian\u00e7a foi ferida e havia sido socorrida para a UPA de Copacabana, sendo transferida para o Hospital Municipal Miguel Couto&#8221; acrescentou. <\/p>\n<h2>Seis casos na Baixada<\/h2>\n<p>Das nove crian\u00e7as atingidas por disparos de armas de fogo neste ano no Rio, cinco s\u00e3o meninas e quatro meninos. Maria Julia \u00e9 a mais nova, e os mais velhos tinham 11 anos. Dois casos ocorreram durante opera\u00e7\u00f5es policiais em favelas da capital \u2013 a outra ocorr\u00eancia foi na Vila Alian\u00e7a, em Bangu, na zona oeste. Dos outros sete casos, seis foram na Baixada Fluminense e um em S\u00e3o Gon\u00e7alo.  <\/p>\n<p>O primeiro registro de crian\u00e7a baleada na Regi\u00e3o Metropolitana do Rio em 2023 foi o do menino Juan Davi Souza Faria, de 11 anos, atingido durante a comemora\u00e7\u00e3o de r\u00e9veillon em Mesquita, na Baixada Fluminense. O menino estava na varanda de casa quando foi alvejado e morreu.<\/p>\n<p>No dia 25 de janeiro, Rafaelly da Rocha Vieira, de 10 anos, tamb\u00e9m foi morta por uma bala perdida, no centro de S\u00e3o Jo\u00e3o de Meriti, na Baixada. O Instituto Fogo Cruzado lembra que relatos de moradores indicam que homens encapuzados invadiram a rua e come\u00e7aram a disparar, enquanto Rafaelly brincava com outras crian\u00e7as.<\/p>\n<p>Tr\u00eas casos ocorreram no mesmo epis\u00f3dio, quando uma briga terminou em tiroteio no carnaval de Mag\u00e9, na Baixada. Bryan Rodrigues Horta, de seis anos, Maria Eduarda Carvalho Martins, de nove anos, e Jo\u00e3o Pedro Marques de Lima, de onze anos, foram atingidos por disparos, e Maria Eduarda n\u00e3o resistiu aos ferimentos.<\/p>\n<p>A Pol\u00edcia Civil respondeu \u00e0 <strong>Ag\u00eancia Brasil<\/strong> que o caso de Maria J\u00falia est\u00e1 em andamento na 12\u00aa DP (Copacabana). Segundo a corpora\u00e7\u00e3o, os agentes da delegacia aguardam os laudos periciais e v\u00e3o ouvir os pais da v\u00edtima. Os policiais militares envolvidos na a\u00e7\u00e3o j\u00e1 prestaram depoimento e, de acordo com a Pol\u00edcia Civil, outras dilig\u00eancias est\u00e3o em andamento para esclarecer todos os fatos.<\/p>\n<p><em>Mat\u00e9ria atualizada \u00e0s 15:01 com o posicionamento da Pol\u00edcia Civil.<\/em><\/p>\n<p class=\"alt-font font-italic my-2 small text-info\">\n                                                Edi\u00e7\u00e3o:   Kleber Sampaio                    <\/p>\n<p>            <!-- blog End --><\/p>\n<p>            <!-- tag and share --><\/p>\n<p> Fonte: EBC <\/p>\n<input type=\"hidden\" id=\"baseurl\" value=\"https:\/\/noticiasdestaque.com.br\"><input type=\"hidden\" id=\"audio_nonce\" value=\"581f3017e1\">","protected":false},"excerpt":{"rendered":"<p> Nove foram feridas e tr\u00eas morreram este ano<\/p>\n","protected":false},"author":1,"featured_media":5265,"comment_status":"open","ping_status":"open","sticky":false,"template":"","format":"standard","meta":{"fifu_image_url":"","fifu_image_alt":"","footnotes":""},"categories":[1],"tags":[106],"class_list":["post-5263","post","type-post","status-publish","format-standard","has-post-thumbnail","hentry","category-uncategorized","tag-brunna-pareja"],"distributor_meta":false,"distributor_terms":false,"distributor_media":false,"distributor_original_site_name":"Noticias em Destaque","distributor_original_site_url":"https:\/\/noticiasdestaque.com.br","push-errors":false,"_links":{"self":[{"href":"https:\/\/noticiasdestaque.com.br\/index.php\/wp-json\/wp\/v2\/posts\/5263","targetHints":{"allow":["GET"]}}],"collection":[{"href":"https:\/\/noticiasdestaque.com.br\/index.php\/wp-json\/wp\/v2\/posts"}],"about":[{"href":"https:\/\/noticiasdestaque.com.br\/index.php\/wp-json\/wp\/v2\/types\/post"}],"author":[{"embeddable":true,"href":"https:\/\/noticiasdestaque.com.br\/index.php\/wp-json\/wp\/v2\/users\/1"}],"replies":[{"embeddable":true,"href":"https:\/\/noticiasdestaque.com.br\/index.php\/wp-json\/wp\/v2\/comments?post=5263"}],"version-history":[{"count":1,"href":"https:\/\/noticiasdestaque.com.br\/index.php\/wp-json\/wp\/v2\/posts\/5263\/revisions"}],"predecessor-version":[{"id":5264,"href":"https:\/\/noticiasdestaque.com.br\/index.php\/wp-json\/wp\/v2\/posts\/5263\/revisions\/5264"}],"wp:featuredmedia":[{"embeddable":true,"href":"https:\/\/noticiasdestaque.com.br\/index.php\/wp-json\/wp\/v2\/media\/5265"}],"wp:attachment":[{"href":"https:\/\/noticiasdestaque.com.br\/index.php\/wp-json\/wp\/v2\/media?parent=5263"}],"wp:term":[{"taxonomy":"category","embeddable":true,"href":"https:\/\/noticiasdestaque.com.br\/index.php\/wp-json\/wp\/v2\/categories?post=5263"},{"taxonomy":"post_tag","embeddable":true,"href":"https:\/\/noticiasdestaque.com.br\/index.php\/wp-json\/wp\/v2\/tags?post=5263"}],"curies":[{"name":"wp","href":"https:\/\/api.w.org\/{rel}","templated":true}]}}