{"id":5239,"date":"2023-03-10T16:55:00","date_gmt":"2023-03-10T16:55:00","guid":{"rendered":"https:\/\/noticiasdestaque.com.br\/index.php\/2023\/03\/10\/inflacao-medida-pelo-inpc-avanca-para-em-fevereiro\/"},"modified":"2023-03-10T16:55:00","modified_gmt":"2023-03-10T16:55:00","slug":"inflacao-medida-pelo-inpc-avanca-para-em-fevereiro","status":"publish","type":"post","link":"https:\/\/noticiasdestaque.com.br\/index.php\/2023\/03\/10\/inflacao-medida-pelo-inpc-avanca-para-em-fevereiro\/","title":{"rendered":"Infla\u00e7\u00e3o medida pelo INPC avan\u00e7a para 0,77% em fevereiro"},"content":{"rendered":"<style> bloco.meta {font-style: italic; color: #666;font-weight: 600;font-size: .8em; \/* line-height: .3em; *\/}  text h2 { font-weight: 700 !important;  color: #062f46 !important;} text img { width: none; left: none;}<\/style>\n<\/p>\n<p>O \u00cdndice Nacional de Pre\u00e7os ao Consumidor (INPC) fechou o m\u00eas de fevereiro em 0,77%. O percentual \u00e9 maior que o do janeiro, quando o \u00edndice ficou em 0,46%. No ano, o indicador acumula alta de 1,23% e, nos \u00faltimos 12 meses, de 5,47%, o que significa um recuo em rela\u00e7\u00e3o aos 5,71% observados nos 12 meses imediatamente anteriores. Em fevereiro de 2022, a taxa ficou em 1%. O resultado foi divulgado nesta sexta-feira (10) pelo Instituto Brasileiro de Geografia e Estat\u00edstica (IBGE).<\/p>\n<p>Contribuiu para o resultado a desacelera\u00e7\u00e3o de 0,52% em janeiro para 0,04% em fevereiro nos pre\u00e7os dos produtos aliment\u00edcios. Em sentido contr\u00e1rio, os produtos n\u00e3o aliment\u00edcios avan\u00e7aram e registraram em fevereiro alta de 1,01%, enquanto em janeiro o aumento tinha sido de 0,44%.<\/p>\n<h2>Regi\u00f5es<\/h2>\n<p>Conforme o indicador de fevereiro, todas as \u00e1reas apresentaram varia\u00e7\u00e3o positiva no m\u00eas. Bras\u00edlia foi a que teve menor resultado (0,34%), sob impacto das quedas nos pre\u00e7os da gasolina (-2,43%) e das passagens a\u00e9reas (-10,06%). J\u00e1 a maior varia\u00e7\u00e3o foi em Curitiba (1,02%), onde ocorreram eleva\u00e7\u00f5es de 6,22% na energia el\u00e9trica residencial e de 3,37% da gasolina.<\/p>\n<p>\u201cPara o c\u00e1lculo do \u00edndice do m\u00eas, foram comparados os pre\u00e7os coletados no per\u00edodo de 28 de janeiro a 28 de fevereiro de 2023 (refer\u00eancia) com os pre\u00e7os vigentes no per\u00edodo de 28 de dezembro de 2022 a 27 de janeiro de 2023 (base)\u201d, informou o IBGE, em publica\u00e7\u00e3o no seu <em>site<\/em>.<\/p>\n<h2>INPC<\/h2>\n<p>De acordo com o IBGE, calculado desde 1979, o INPC abrange as fam\u00edlias com rendimentos de um a cinco sal\u00e1rios m\u00ednimos, residentes nas regi\u00f5es metropolitanas de Bel\u00e9m, Fortaleza, Recife, Salvador, Belo Horizonte, Vit\u00f3ria, Rio de Janeiro, S\u00e3o Paulo, Curitiba, Porto Alegre, al\u00e9m do Distrito Federal e dos munic\u00edpios de Goi\u00e2nia, Campo Grande, Rio Branco, S\u00e3o Lu\u00eds e Aracaju. As unidades de coleta do indicador s\u00e3o estabelecimentos comerciais e de presta\u00e7\u00e3o de servi\u00e7os, concession\u00e1rias de servi\u00e7os p\u00fablicos e internet e a pesquisa estende-se, em geral, do dia 1\u00ba a 30 do m\u00eas de refer\u00eancia.<\/p>\n<p class=\"alt-font font-italic my-2 small text-info\">\n                                                Edi\u00e7\u00e3o:   Juliana Andrade                    <\/p>\n<p>            <!-- blog End --><\/p>\n<p>            <!-- tag and share --><\/p>\n<p> Fonte: EBC <\/p>\n<input type=\"hidden\" id=\"baseurl\" value=\"https:\/\/noticiasdestaque.com.br\"><input type=\"hidden\" id=\"audio_nonce\" value=\"581f3017e1\">","protected":false},"excerpt":{"rendered":"<p>O percentual \u00e9 maior que o do janeiro, quando o \u00edndice ficou em 0,46%<\/p>\n","protected":false},"author":1,"featured_media":5241,"comment_status":"open","ping_status":"open","sticky":false,"template":"","format":"standard","meta":{"fifu_image_url":"","fifu_image_alt":"","footnotes":""},"categories":[1],"tags":[106],"class_list":["post-5239","post","type-post","status-publish","format-standard","has-post-thumbnail","hentry","category-uncategorized","tag-brunna-pareja"],"distributor_meta":false,"distributor_terms":false,"distributor_media":false,"distributor_original_site_name":"Noticias em Destaque","distributor_original_site_url":"https:\/\/noticiasdestaque.com.br","push-errors":false,"_links":{"self":[{"href":"https:\/\/noticiasdestaque.com.br\/index.php\/wp-json\/wp\/v2\/posts\/5239","targetHints":{"allow":["GET"]}}],"collection":[{"href":"https:\/\/noticiasdestaque.com.br\/index.php\/wp-json\/wp\/v2\/posts"}],"about":[{"href":"https:\/\/noticiasdestaque.com.br\/index.php\/wp-json\/wp\/v2\/types\/post"}],"author":[{"embeddable":true,"href":"https:\/\/noticiasdestaque.com.br\/index.php\/wp-json\/wp\/v2\/users\/1"}],"replies":[{"embeddable":true,"href":"https:\/\/noticiasdestaque.com.br\/index.php\/wp-json\/wp\/v2\/comments?post=5239"}],"version-history":[{"count":1,"href":"https:\/\/noticiasdestaque.com.br\/index.php\/wp-json\/wp\/v2\/posts\/5239\/revisions"}],"predecessor-version":[{"id":5240,"href":"https:\/\/noticiasdestaque.com.br\/index.php\/wp-json\/wp\/v2\/posts\/5239\/revisions\/5240"}],"wp:featuredmedia":[{"embeddable":true,"href":"https:\/\/noticiasdestaque.com.br\/index.php\/wp-json\/wp\/v2\/media\/5241"}],"wp:attachment":[{"href":"https:\/\/noticiasdestaque.com.br\/index.php\/wp-json\/wp\/v2\/media?parent=5239"}],"wp:term":[{"taxonomy":"category","embeddable":true,"href":"https:\/\/noticiasdestaque.com.br\/index.php\/wp-json\/wp\/v2\/categories?post=5239"},{"taxonomy":"post_tag","embeddable":true,"href":"https:\/\/noticiasdestaque.com.br\/index.php\/wp-json\/wp\/v2\/tags?post=5239"}],"curies":[{"name":"wp","href":"https:\/\/api.w.org\/{rel}","templated":true}]}}