{"id":5233,"date":"2023-03-10T15:05:00","date_gmt":"2023-03-10T15:05:00","guid":{"rendered":"https:\/\/noticiasdestaque.com.br\/index.php\/2023\/03\/10\/geracao-de-energia-renovavel-no-brasil-foi-a-maior-em-dez-anos-em\/"},"modified":"2023-03-10T15:05:00","modified_gmt":"2023-03-10T15:05:00","slug":"geracao-de-energia-renovavel-no-brasil-foi-a-maior-em-dez-anos-em","status":"publish","type":"post","link":"https:\/\/noticiasdestaque.com.br\/index.php\/2023\/03\/10\/geracao-de-energia-renovavel-no-brasil-foi-a-maior-em-dez-anos-em\/","title":{"rendered":"Gera\u00e7\u00e3o de energia renov\u00e1vel no Brasil foi a maior em dez anos, em 2022"},"content":{"rendered":"<p>O Brasil bateu recorde de gera\u00e7\u00e3o de energia el\u00e9trica por meio de fontes renov\u00e1veis em 2022, segundo dados da C\u00e2mara de Comercializa\u00e7\u00e3o de Energia El\u00e9trica (CCEE). No ano passado, foram cerca de 62 mil megawatts de energia, em m\u00e9dia, produzidos por m\u00eas. Com isso, a gera\u00e7\u00e3o de energia por meios renov\u00e1veis atingiu 92% e foi a maior dos \u00faltimos dez anos no total gerado pelo Sistema Interligado Nacional (SIN).<\/p>\n<p>Os destaques foram as usinas hidrel\u00e9tricas, que responderam por 73,6% do total gerado (45.613 MW m\u00e9dio); as e\u00f3licas representaram 14,6% (9.066 MW m\u00e9dio); e as demais fontes, em conjunto, como biomassa, pequenas centrais el\u00e9tricas, solar e centrais geradoras hidrel\u00e9tricas foram respons\u00e1veis por 11,8% (7.291 MW m\u00e9dio).<\/p>\n<p>O presidente da Associa\u00e7\u00e3o Brasileira dos Comercializadores de Energia (Abraceel) Rodrigo Ferreira, afirma que o Brasil sempre foi refer\u00eancia no que diz respeito ao uso de fontes de energia renov\u00e1veis, pois o pa\u00eds \u00e9 rico em recursos naturais, como \u00edndices solares, ventos, rios, biomassa, entre outros.<\/p>\n<p>\u201cO Brasil tem todos os recursos naturais em abund\u00e2ncia, com grande qualidade. Por isso, n\u00f3s somos l\u00edderes mundiais em gera\u00e7\u00e3o de energia renov\u00e1vel. Fomos nos \u00faltimos dez anos e vamos continuar a ser nos pr\u00f3ximos dez anos\u201d, enfatiza o presidente da Abraceel. <\/p>\n<p>Rodrigo Ferreira ainda destaca que o Brasil pode ser modelo para outros pa\u00edses no sentido de atra\u00e7\u00e3o de financiamentos de longo prazo em rela\u00e7\u00e3o \u00e0s energias renov\u00e1veis, como tem ocorrido no mercado livre, e que as perspectivas para o futuro da gera\u00e7\u00e3o de energia renov\u00e1vel no pa\u00eds s\u00e3o boas. \u201cA perspectiva para o futuro da energia renov\u00e1vel no Brasil \u00e9 excelente. N\u00f3s continuamos tendo recursos naturais, estamos longe de chegar perto do nosso potencial a ser explorado, temos muito potencial ainda a explorar\u201d, explica. <\/p>\n<\/p>\n<\/p>\n<p>As chuvas em 2022 contribu\u00edram para um aumento de 17,1% na produ\u00e7\u00e3o das hidrel\u00e9tricas com gera\u00e7\u00e3o hidr\u00e1ulica. Os estados com maior crescimento na gera\u00e7\u00e3o hidr\u00e1ulica foram Paran\u00e1 (1.728 MW m\u00e9dio), Minas Gerais (1.178 MW m\u00e9dio),  Par\u00e1 (599 MW m\u00e9dio), Santa Catarina (545 MW m\u00e9dio), Alagoas (484 MW m\u00e9dio), Rio Grande do Sul (366 MW m\u00e9dio), S\u00e3o Paulo (219 MW m\u00e9dio), Goi\u00e1s (194 MW m\u00e9dio), Sergipe (176 MW m\u00e9dio), Tocantins (51 MW m\u00e9dio) e Mato Grosso (44 MW m\u00e9dio).<\/p>\n<h2>Energia solar e e\u00f3lica<\/h2>\n<p>O crescimento da energia solar foi de 64,3% quando comparado com o ano anterior. Segundo a CCEE, as 88 novas fazendas solares integradas ao SIN fizeram com que o segmento alcan\u00e7asse 4% da matriz el\u00e9trica nacional.<\/p>\n<p>J\u00e1 a energia e\u00f3lica cresceu 12,6%, em compara\u00e7\u00e3o com 2021, e forneceu \u00e0 rede el\u00e9trica cerca de nove mil megawatts em m\u00e9dia. O Brasil conta com 891 parques e\u00f3licos, que em conjunto somam mais de 25 mil MW em capacidade instalada.<\/p>\n<h2>Fontes n\u00e3o renov\u00e1veis<\/h2>\n<p>A maior participa\u00e7\u00e3o na gera\u00e7\u00e3o de energia por fontes n\u00e3o renov\u00e1veis foi por fonte t\u00e9rmica a g\u00e1s (45%), com 2.416 MW m\u00e9dio. Em seguida est\u00e1 a fonte nuclear com 28,3% (1.522 MW m\u00e9dio) e carv\u00e3o mineral com 12,8% (690 MW). As demais fontes, como t\u00e9rmica, GLN, \u00f3leo, g\u00e1s\/\u00f3leo, importa\u00e7\u00e3o e rea\u00e7\u00e3o exot\u00e9rmica, corresponderam a 13,8% (743 MW). No total, as fontes n\u00e3o renov\u00e1veis de energia foram respons\u00e1veis por 5.373 MW m\u00e9dio.<\/p>\n<p> Fonte: Brasil61<\/p>\n<input type=\"hidden\" id=\"baseurl\" value=\"https:\/\/noticiasdestaque.com.br\"><input type=\"hidden\" id=\"audio_nonce\" value=\"581f3017e1\">","protected":false},"excerpt":{"rendered":"<p>Gera\u00e7\u00e3o de energia por fontes renov\u00e1veis atingiu a marca de 92% no ano passado. Resultado foi divulgado pela C\u00e2mara de Comercializa\u00e7\u00e3o de Energia El\u00e9trica (CCEE).<\/p>\n","protected":false},"author":1,"featured_media":5235,"comment_status":"open","ping_status":"open","sticky":false,"template":"","format":"standard","meta":{"fifu_image_url":"","fifu_image_alt":"","footnotes":""},"categories":[1],"tags":[107],"class_list":["post-5233","post","type-post","status-publish","format-standard","has-post-thumbnail","hentry","category-uncategorized","tag-closer-vendedor-milionario"],"distributor_meta":false,"distributor_terms":false,"distributor_media":false,"distributor_original_site_name":"Noticias em Destaque","distributor_original_site_url":"https:\/\/noticiasdestaque.com.br","push-errors":false,"_links":{"self":[{"href":"https:\/\/noticiasdestaque.com.br\/index.php\/wp-json\/wp\/v2\/posts\/5233","targetHints":{"allow":["GET"]}}],"collection":[{"href":"https:\/\/noticiasdestaque.com.br\/index.php\/wp-json\/wp\/v2\/posts"}],"about":[{"href":"https:\/\/noticiasdestaque.com.br\/index.php\/wp-json\/wp\/v2\/types\/post"}],"author":[{"embeddable":true,"href":"https:\/\/noticiasdestaque.com.br\/index.php\/wp-json\/wp\/v2\/users\/1"}],"replies":[{"embeddable":true,"href":"https:\/\/noticiasdestaque.com.br\/index.php\/wp-json\/wp\/v2\/comments?post=5233"}],"version-history":[{"count":1,"href":"https:\/\/noticiasdestaque.com.br\/index.php\/wp-json\/wp\/v2\/posts\/5233\/revisions"}],"predecessor-version":[{"id":5234,"href":"https:\/\/noticiasdestaque.com.br\/index.php\/wp-json\/wp\/v2\/posts\/5233\/revisions\/5234"}],"wp:featuredmedia":[{"embeddable":true,"href":"https:\/\/noticiasdestaque.com.br\/index.php\/wp-json\/wp\/v2\/media\/5235"}],"wp:attachment":[{"href":"https:\/\/noticiasdestaque.com.br\/index.php\/wp-json\/wp\/v2\/media?parent=5233"}],"wp:term":[{"taxonomy":"category","embeddable":true,"href":"https:\/\/noticiasdestaque.com.br\/index.php\/wp-json\/wp\/v2\/categories?post=5233"},{"taxonomy":"post_tag","embeddable":true,"href":"https:\/\/noticiasdestaque.com.br\/index.php\/wp-json\/wp\/v2\/tags?post=5233"}],"curies":[{"name":"wp","href":"https:\/\/api.w.org\/{rel}","templated":true}]}}