{"id":5221,"date":"2023-03-10T10:09:00","date_gmt":"2023-03-10T10:09:00","guid":{"rendered":"https:\/\/noticiasdestaque.com.br\/index.php\/2023\/03\/10\/sp-instituicoes-culturais-tem-programacao-para-o-mes-da-mulher\/"},"modified":"2023-03-10T10:09:00","modified_gmt":"2023-03-10T10:09:00","slug":"sp-instituicoes-culturais-tem-programacao-para-o-mes-da-mulher","status":"publish","type":"post","link":"https:\/\/noticiasdestaque.com.br\/index.php\/2023\/03\/10\/sp-instituicoes-culturais-tem-programacao-para-o-mes-da-mulher\/","title":{"rendered":"SP: institui\u00e7\u00f5es culturais t\u00eam programa\u00e7\u00e3o para o m\u00eas da mulher"},"content":{"rendered":"<style> bloco.meta {font-style: italic; color: #666;font-weight: 600;font-size: .8em; \/* line-height: .3em; *\/}  text h2 { font-weight: 700 !important;  color: #062f46 !important;} text img { width: none; left: none;}<\/style>\n<\/p>\n<p>Para celebrar o m\u00eas das mulheres, institui\u00e7\u00f5es da Secretaria da Cultura e Economia Criativa do Estado de S\u00e3o Paulo prepararam programa\u00e7\u00f5es especiais, incluindo curso para a cria\u00e7\u00e3o de hist\u00f3rias em quadrinhos (HQs), oficinas art\u00edsticas, cr\u00edtica liter\u00e1ria feminina, declama\u00e7\u00e3o de poesia, feira de empreendedorismo e debates sobre lideran\u00e7a. Na capital paulista, a Biblioteca Parque Villa-Lobos promove hoje (10), das 14h \u00e0s 17h, a oficina<em> Ilustrar com Pinc\u00e9is<\/em>, encontro em que os participantes conhecer\u00e3o a tinta sumi (de fuligem vegetal) e aprender\u00e3o a usar essa t\u00e9cnica. A partir da leitura de poemas escrito por mulheres, criar\u00e3o imagens para ilustrar cada um deles.<\/p>\n<p>Na Casa Guilherme de Almeida, uma visita presencial ter\u00e1 como tema a vida de Belkiss Barroso do Amaral, mais conhecida como Baby. Ela foi a primeira pessoa a atuar no processo de musealiza\u00e7\u00e3o da casa onde viveu o poeta Guilherme de Almeida. A visita ser\u00e1 no dia 12, das 14h \u00e0s 15h.<\/p>\n<p>Na Biblioteca de S\u00e3o Paulo, o curso<em> Mulheres e Quadrinhos<\/em> provoca a reflex\u00e3o sobre os direitos das mulheres e a equidade de g\u00eanero. Destinada a participantes de qualquer identidade de g\u00eanero, o curso de HQs traz t\u00e9cnicas b\u00e1sicas de produ\u00e7\u00e3o e roteiro, do rascunho \u00e0 coloriza\u00e7\u00e3o. Como exerc\u00edcio pr\u00e1tico, os participantes v\u00e3o criar uma HQ contando a hist\u00f3ria de uma mulher inspiradora, empoderada, que trilhou o caminho da emancipa\u00e7\u00e3o feminina e que inspira novas gera\u00e7\u00f5es a lutarem por seus direitos. Podem participar pessoas a partir de 14 anos. A inscri\u00e7\u00e3o pode ser feita a partir de 17\/02, e o curso ser\u00e1 nos dias 18 e 25 de mar\u00e7o, das 13h \u00e0s 17h.<\/p>\n<p>No dia 11, \u00e0s 16h, a Casa das Rosas recebe o sarau<em> Declama, mulher!<\/em>. Dividido em dois momentos &#8211; o primeiro com apresenta\u00e7\u00f5es de artistas convidadas e o segundo com o microfone aberto para quem quiser declamar poemas de autoria feminina. No dia 18, \u00e0s 17h, o Slam das Minas de S\u00e3o Paulo promove uma disputa de poesia falada com autoria feminina e trans. A \u201cbatalha\u201d ser\u00e1 em tr\u00eas rodadas, duas de competi\u00e7\u00e3o geral entre participantes e a \u00faltima apenas de finalistas.<\/p>\n<p>No Museu da L\u00edngua Portuguesa, o protagonismo das mulheres \u00e9 o destaque com o sarau<em> L\u00edngua Afiada e Plataforma Conex\u00f5es<\/em>, nos dias 18 e 24, ainda sem hor\u00e1rio definido. No Museu do Futebol, a Feira<em> <\/em>Il\u00ea-If\u00e9 de Afroempreendedores realiza dia 11, das 10h \u00e0s 17h, uma edi\u00e7\u00e3o especial com empreendedoras mulheres, na \u00e1rea externa do Museu do Futebol. As expositoras apresentar\u00e3o produtos de moda, culin\u00e1ria, artesanato e outras cria\u00e7\u00f5es independentes. Um grupo de samba formado s\u00f3 por mulheres anima a programa\u00e7\u00e3o.<\/p>\n<p>No Pa\u00e7o das Artes, a exposi\u00e7\u00e3o <em>N\u00d3S &#8211; Arte <\/p>\n<input type=\"hidden\" id=\"baseurl\" value=\"https:\/\/noticiasdestaque.com.br\"><input type=\"hidden\" id=\"audio_nonce\" value=\"eb7638fb71\">","protected":false},"excerpt":{"rendered":"<p>Oficina Ilustrar com Pinc\u00e9is abre hoje a s\u00e9rie de eventos<\/p>\n","protected":false},"author":1,"featured_media":5223,"comment_status":"open","ping_status":"open","sticky":false,"template":"","format":"standard","meta":{"fifu_image_url":"","fifu_image_alt":"","footnotes":""},"categories":[1],"tags":[169],"class_list":["post-5221","post","type-post","status-publish","format-standard","has-post-thumbnail","hentry","category-uncategorized","tag-reabilitacao-para-alcoolatras"],"distributor_meta":false,"distributor_terms":false,"distributor_media":false,"distributor_original_site_name":"Noticias em Destaque","distributor_original_site_url":"https:\/\/noticiasdestaque.com.br","push-errors":false,"_links":{"self":[{"href":"https:\/\/noticiasdestaque.com.br\/index.php\/wp-json\/wp\/v2\/posts\/5221","targetHints":{"allow":["GET"]}}],"collection":[{"href":"https:\/\/noticiasdestaque.com.br\/index.php\/wp-json\/wp\/v2\/posts"}],"about":[{"href":"https:\/\/noticiasdestaque.com.br\/index.php\/wp-json\/wp\/v2\/types\/post"}],"author":[{"embeddable":true,"href":"https:\/\/noticiasdestaque.com.br\/index.php\/wp-json\/wp\/v2\/users\/1"}],"replies":[{"embeddable":true,"href":"https:\/\/noticiasdestaque.com.br\/index.php\/wp-json\/wp\/v2\/comments?post=5221"}],"version-history":[{"count":1,"href":"https:\/\/noticiasdestaque.com.br\/index.php\/wp-json\/wp\/v2\/posts\/5221\/revisions"}],"predecessor-version":[{"id":5222,"href":"https:\/\/noticiasdestaque.com.br\/index.php\/wp-json\/wp\/v2\/posts\/5221\/revisions\/5222"}],"wp:featuredmedia":[{"embeddable":true,"href":"https:\/\/noticiasdestaque.com.br\/index.php\/wp-json\/wp\/v2\/media\/5223"}],"wp:attachment":[{"href":"https:\/\/noticiasdestaque.com.br\/index.php\/wp-json\/wp\/v2\/media?parent=5221"}],"wp:term":[{"taxonomy":"category","embeddable":true,"href":"https:\/\/noticiasdestaque.com.br\/index.php\/wp-json\/wp\/v2\/categories?post=5221"},{"taxonomy":"post_tag","embeddable":true,"href":"https:\/\/noticiasdestaque.com.br\/index.php\/wp-json\/wp\/v2\/tags?post=5221"}],"curies":[{"name":"wp","href":"https:\/\/api.w.org\/{rel}","templated":true}]}}