{"id":5218,"date":"2023-03-10T09:39:00","date_gmt":"2023-03-10T09:39:00","guid":{"rendered":"https:\/\/noticiasdestaque.com.br\/index.php\/2023\/03\/10\/nao-podemos-ficar-chorando-o-dinheiro-que-falta-diz-lula\/"},"modified":"2023-03-10T09:39:00","modified_gmt":"2023-03-10T09:39:00","slug":"nao-podemos-ficar-chorando-o-dinheiro-que-falta-diz-lula","status":"publish","type":"post","link":"https:\/\/noticiasdestaque.com.br\/index.php\/2023\/03\/10\/nao-podemos-ficar-chorando-o-dinheiro-que-falta-diz-lula\/","title":{"rendered":"\u201cN\u00e3o podemos ficar chorando o dinheiro que falta\u201d, diz Lula"},"content":{"rendered":"<style> bloco.meta {font-style: italic; color: #666;font-weight: 600;font-size: .8em; \/* line-height: .3em; *\/}  text h2 { font-weight: 700 !important;  color: #062f46 !important;} text img { width: none; left: none;}<\/style>\n<\/p>\n<p>O presidente Luiz In\u00e1cio Lula da Silva fez hoje (10), em Bras\u00edlia, uma reuni\u00e3o ampliada com 13 ministros do governo para discuss\u00e3o de projetos de infraestrutura para o pa\u00eds. Para ele, \u00e9 papel do governo alavancar os investimentos para impulsionar a gera\u00e7\u00e3o de empregos e o crescimento econ\u00f4mico do pa\u00eds.<\/p>\n<p>\u201cN\u00e3o podemos ficar chorando o dinheiro que falta, temos que utilizar bem o dinheiro que temos. Por isso o [Fernando] Haddad \u00e9 ministro da Fazenda, porque ele \u00e9 criativo, se a gente n\u00e3o tiver dinheiro a gente vai atr\u00e1s dele e ele vai <span id=\"OBJ_PREFIX_DWT358_com_zimbra_date\" role=\"link\">ter<\/span> que arrumar. Ele e a Simone [Tebet, ministra do Planejamento e Or\u00e7amento] v\u00e3o arranjar o dinheiro que precisamos para fazer investimentos no pa\u00eds\u201d, disse Lula ao abrir a reuni\u00e3o, no Pal\u00e1cio do Planalto.<\/p>\n<p>\u201cN\u00f3s vamos dizer que PIB [Produto Interno Bruto] vai crescer porque vamos fazer crescer, porque vamos gerar emprego com as pequenas coisas, vamos fazer investimento\u201d, ressaltou o presidente.<\/p>\n<h2>Bancos p\u00fablicos<\/h2>\n<p>Segundo ele, outras reuni\u00f5es sobre o tema devem incluir tamb\u00e9m os bancos p\u00fablicos, como Banco do Brasil e Banco Nacional de Desenvolvimento Econ\u00f4mico e Social (BNDES). Para ele, \u00e9 papel dessas institui\u00e7\u00f5es dar cr\u00e9dito a pequenos e m\u00e9dios empreendedores, cooperativas, grandes empres\u00e1rios e para governos estaduais e municipais que t\u00eam capacidade de endividamento.<\/p>\n<p>\u201cPor que n\u00e3o emprestar dinheiro para essa gente? N\u00e3o pode ser proibido emprestar dinheiro para construir um ativo que vai aumentar o patrim\u00f4nio desse pa\u00eds, que vai melhorar a qualidade de vida do povo\u201d, argumentou.<\/p>\n<p>\u201cN\u00e3o d\u00e1 pra ficar achando que o gostoso \u00e9 guardar dinheiro. Dinheiro bom \u00e9 dinheiro transformado em obras, na melhoria da qualidade de vida do povo, em sa\u00fade, educa\u00e7\u00e3o e, sobretudo, emprego, que \u00e9 o que d\u00e1 dignidade ao povo brasileiro\u201d, completou o presidente da Rep\u00fablica.<\/p>\n<p>Lula lembrou o Programa de Acelera\u00e7\u00e3o do Crescimento (PAC), institu\u00eddo em seu primeiro governo com foco nas realiza\u00e7\u00e3o de obras, e sugeriu a cria\u00e7\u00e3o de um novo programa ao ministro da Secretaria de Comunica\u00e7\u00e3o Social, Paulo Pimenta.<\/p>\n<p>\u201cTenho certeza que voc\u00eas v\u00e3o me surpreender nessa reuni\u00e3o com o que j\u00e1 tem de propostas para fazermos, vi aqui \u2018eixos do novo PAC\u2019. Queria at\u00e9 sugerir ao companheiro Pimenta que \u00e9 importante colocar a criatividade da comunica\u00e7\u00e3o em funcionamento para criarmos um novo nome, o PAC foi muito importante, produziu muita coisa, mas se pudermos criar um novo programa [isso] mostra que a gente est\u00e1 renovando e inovando, que temos criatividade para fazer outras coisas\u201d, explicou.<\/p>\n<h2>Di\u00e1logo com estados e munic\u00edpios<\/h2>\n<p>Para o presidente, o sucesso do PAC aconteceu em raz\u00e3o do di\u00e1logo com governadores e prefeitos na identifica\u00e7\u00e3o de pol\u00edticas de infraestrutura que eram f\u00e1ceis de executar.<\/p>\n<p>\u201cO PAC foi uma coisa extraordin\u00e1ria. Acho que foi o momento mais rico de investimento no pa\u00eds porque envolvia os governos federal, estaduais e municipais. N\u00f3s aprendemos que era importante que se transferisse dinheiro para a prefeitura que tem projeto\u201d, afirmou.<\/p>\n<p>No fim deste m\u00eas, Lula far\u00e1 uma viagem para a China e a sua expectativa \u00e9, ao retornar, j\u00e1 come\u00e7ar a inaugura\u00e7\u00e3o de obras. Segundo o presidente, ao tomar posse, o novo governo encontrou 14 mil obras paradas pelo pa\u00eds, muitas faltando pouco para a conclus\u00e3o.<\/p>\n<p>Em publica\u00e7\u00e3o no twitter, ele anunciou o programa M\u00e3os \u00e0 Obra, com o objetivo de identificar, em di\u00e1logo com prefeituras, as obras priorit\u00e1rias em cada cidade e regi\u00e3o. O lan\u00e7amento da plataforma acontece na tarde desta <span id=\"OBJ_PREFIX_DWT359_com_zimbra_date\" role=\"link\">sexta<\/span>-feira, em Bras\u00edlia.<\/p>\n<p class=\"alt-font font-italic my-2 small text-info\">\n                                                Edi\u00e7\u00e3o:   Kleber Sampaio                    <\/p>\n<p>            <!-- blog End --><\/p>\n<p>            <!-- tag and share --><\/p>\n<p> Fonte: EBC <\/p>\n<input type=\"hidden\" id=\"baseurl\" value=\"https:\/\/noticiasdestaque.com.br\"><input type=\"hidden\" id=\"audio_nonce\" value=\"eb7638fb71\">","protected":false},"excerpt":{"rendered":"<p>Presidente defende melhoria da qualidade de vida da popula\u00e7\u00e3o<\/p>\n","protected":false},"author":1,"featured_media":5220,"comment_status":"open","ping_status":"open","sticky":false,"template":"","format":"standard","meta":{"fifu_image_url":"","fifu_image_alt":"","footnotes":""},"categories":[1],"tags":[],"class_list":["post-5218","post","type-post","status-publish","format-standard","has-post-thumbnail","hentry","category-uncategorized"],"distributor_meta":false,"distributor_terms":false,"distributor_media":false,"distributor_original_site_name":"Noticias em Destaque","distributor_original_site_url":"https:\/\/noticiasdestaque.com.br","push-errors":false,"_links":{"self":[{"href":"https:\/\/noticiasdestaque.com.br\/index.php\/wp-json\/wp\/v2\/posts\/5218","targetHints":{"allow":["GET"]}}],"collection":[{"href":"https:\/\/noticiasdestaque.com.br\/index.php\/wp-json\/wp\/v2\/posts"}],"about":[{"href":"https:\/\/noticiasdestaque.com.br\/index.php\/wp-json\/wp\/v2\/types\/post"}],"author":[{"embeddable":true,"href":"https:\/\/noticiasdestaque.com.br\/index.php\/wp-json\/wp\/v2\/users\/1"}],"replies":[{"embeddable":true,"href":"https:\/\/noticiasdestaque.com.br\/index.php\/wp-json\/wp\/v2\/comments?post=5218"}],"version-history":[{"count":1,"href":"https:\/\/noticiasdestaque.com.br\/index.php\/wp-json\/wp\/v2\/posts\/5218\/revisions"}],"predecessor-version":[{"id":5219,"href":"https:\/\/noticiasdestaque.com.br\/index.php\/wp-json\/wp\/v2\/posts\/5218\/revisions\/5219"}],"wp:featuredmedia":[{"embeddable":true,"href":"https:\/\/noticiasdestaque.com.br\/index.php\/wp-json\/wp\/v2\/media\/5220"}],"wp:attachment":[{"href":"https:\/\/noticiasdestaque.com.br\/index.php\/wp-json\/wp\/v2\/media?parent=5218"}],"wp:term":[{"taxonomy":"category","embeddable":true,"href":"https:\/\/noticiasdestaque.com.br\/index.php\/wp-json\/wp\/v2\/categories?post=5218"},{"taxonomy":"post_tag","embeddable":true,"href":"https:\/\/noticiasdestaque.com.br\/index.php\/wp-json\/wp\/v2\/tags?post=5218"}],"curies":[{"name":"wp","href":"https:\/\/api.w.org\/{rel}","templated":true}]}}