{"id":5200,"date":"2023-03-10T05:23:00","date_gmt":"2023-03-10T05:23:00","guid":{"rendered":"https:\/\/noticiasdestaque.com.br\/index.php\/2023\/03\/10\/fiocruz-alerta-para-aumento-de-casos-de-srag-por-covid\/"},"modified":"2023-03-10T05:23:00","modified_gmt":"2023-03-10T05:23:00","slug":"fiocruz-alerta-para-aumento-de-casos-de-srag-por-covid","status":"publish","type":"post","link":"https:\/\/noticiasdestaque.com.br\/index.php\/2023\/03\/10\/fiocruz-alerta-para-aumento-de-casos-de-srag-por-covid\/","title":{"rendered":"Fiocruz alerta para aumento de casos de SRAG por Covid-19"},"content":{"rendered":"<p>Um novo boletim InfoGripe da Funda\u00e7\u00e3o Oswaldo Cruz (Fiocruz) alerta para o aumento de casos de S\u00edndrome Respirat\u00f3ria Aguda Grave (SRAG) em raz\u00e3o da Covid-19. De acordo com os dados divulgados, houve um recente crescimento da doen\u00e7a em S\u00e3o Paulo, j\u00e1 no Amazonas a SRAG est\u00e1 presente h\u00e1 mais tempo. Em alguns estados brasileiros, os sintomas j\u00e1 est\u00e3o presentes na popula\u00e7\u00e3o idosa.<\/p>\n<p>Ainda de acordo com o boletim divulgado, o estudo ainda mostra a manuten\u00e7\u00e3o de crescimento expressivo de SRAG entre crian\u00e7as e adolescentes em estados de diferentes regi\u00f5es do pa\u00eds. Atrav\u00e9s de exames laboratoriais ainda n\u00e3o \u00e9 poss\u00edvel identificar qual \u00e9 o agente infeccioso por tr\u00e1s do aumento na faixa et\u00e1ria. Entre os adultos, alguns estados do Brasil come\u00e7aram a apresentar um aumento nas \u00faltimas semanas. <\/p>\n<p>De acordo com a infectologista Rosana Richtmann, existem duas explica\u00e7\u00f5es para a incid\u00eancia do v\u00edrus. \u201cA SRAG ou S\u00edndrome Respirat\u00f3ria Aguda Grave varia conforme o momento epidemiol\u00f3gico e sazonalidade no nosso pa\u00eds. Ou seja, em diferentes regi\u00f5es e momentos, n\u00f3s temos diferentes circula\u00e7\u00e3o do v\u00edrus\u201d, explica. <\/p>\n<p>Em fevereiro, a preval\u00eancia entre os casos como resultado positivo para v\u00edrus respirat\u00f3rios foi de 2,4% para influenza A; 2,7% para influenza B; 26,6% para v\u00edrus sincicial respirat\u00f3rio (VSR); e 52,1% para Sars-CoV-2. Entre os \u00f3bitos, a presen\u00e7a destes mesmos v\u00edrus entre os positivos foi de 3,2% para influenza A; 1,6% para influenza B; 2,4% para VSR; e 92,1% para Sars-CoV-2.<\/p>\n<p>Diante de um crescimento expressivo entre a popula\u00e7\u00e3o, o coordenador do InfoGripe, Marcelo Gomes, refor\u00e7a que a ades\u00e3o \u00e0 campanha de vacina\u00e7\u00e3o, que se iniciou nesta semana, \u00e9 essencial.<\/p>\n<p>O coordenador destaca que para enfrentar esse momento de forma mais segura, \u00e9 fundamental que toda a popula\u00e7\u00e3o esteja em dia com a sua vacina\u00e7\u00e3o e que \u00e9 um momento delicado, j\u00e1 que esse aumento de casos pode atingir a popula\u00e7\u00e3o idosa. <\/p>\n<p>&#8220;O sinal que se inicia na popula\u00e7\u00e3o idosa \u00e9 um reflexo de que o v\u00edrus pode estar ganhando for\u00e7a novamente, aumentando assim a sua transmiss\u00e3o\u201d, finalizou Gomes. <\/p>\n<p><strong>Confira a campanha: <\/strong><\/p>\n<p><a href=\"https:\/\/www.youtube.com\/watch?v=pUNPDFWkjNA\n<\/p>\n<input type=\"hidden\" id=\"baseurl\" value=\"https:\/\/noticiasdestaque.com.br\"><input type=\"hidden\" id=\"audio_nonce\" value=\"eb7638fb71\">","protected":false},"excerpt":{"rendered":"<p>Alagoas, Amazonas, Amap\u00e1, Bahia, Cear\u00e1, Distrito Federal, Goi\u00e1s, Maranh\u00e3o, Mato Grosso do Sul, Par\u00e1, Piau\u00ed, Paran\u00e1, Rio de Janeiro, Roraima, Santa Catarina e S\u00e3o Paulo s\u00e3o cidades que apresentam maior incid\u00eancia de casos a longo prazo.<\/p>\n","protected":false},"author":1,"featured_media":5202,"comment_status":"open","ping_status":"open","sticky":false,"template":"","format":"standard","meta":{"fifu_image_url":"","fifu_image_alt":"","footnotes":""},"categories":[1],"tags":[112],"class_list":["post-5200","post","type-post","status-publish","format-standard","has-post-thumbnail","hentry","category-uncategorized","tag-energreener"],"distributor_meta":false,"distributor_terms":false,"distributor_media":false,"distributor_original_site_name":"Noticias em Destaque","distributor_original_site_url":"https:\/\/noticiasdestaque.com.br","push-errors":false,"_links":{"self":[{"href":"https:\/\/noticiasdestaque.com.br\/index.php\/wp-json\/wp\/v2\/posts\/5200","targetHints":{"allow":["GET"]}}],"collection":[{"href":"https:\/\/noticiasdestaque.com.br\/index.php\/wp-json\/wp\/v2\/posts"}],"about":[{"href":"https:\/\/noticiasdestaque.com.br\/index.php\/wp-json\/wp\/v2\/types\/post"}],"author":[{"embeddable":true,"href":"https:\/\/noticiasdestaque.com.br\/index.php\/wp-json\/wp\/v2\/users\/1"}],"replies":[{"embeddable":true,"href":"https:\/\/noticiasdestaque.com.br\/index.php\/wp-json\/wp\/v2\/comments?post=5200"}],"version-history":[{"count":1,"href":"https:\/\/noticiasdestaque.com.br\/index.php\/wp-json\/wp\/v2\/posts\/5200\/revisions"}],"predecessor-version":[{"id":5201,"href":"https:\/\/noticiasdestaque.com.br\/index.php\/wp-json\/wp\/v2\/posts\/5200\/revisions\/5201"}],"wp:featuredmedia":[{"embeddable":true,"href":"https:\/\/noticiasdestaque.com.br\/index.php\/wp-json\/wp\/v2\/media\/5202"}],"wp:attachment":[{"href":"https:\/\/noticiasdestaque.com.br\/index.php\/wp-json\/wp\/v2\/media?parent=5200"}],"wp:term":[{"taxonomy":"category","embeddable":true,"href":"https:\/\/noticiasdestaque.com.br\/index.php\/wp-json\/wp\/v2\/categories?post=5200"},{"taxonomy":"post_tag","embeddable":true,"href":"https:\/\/noticiasdestaque.com.br\/index.php\/wp-json\/wp\/v2\/tags?post=5200"}],"curies":[{"name":"wp","href":"https:\/\/api.w.org\/{rel}","templated":true}]}}