{"id":51876,"date":"2026-05-02T04:05:00","date_gmt":"2026-05-02T07:05:00","guid":{"rendered":"https:\/\/noticiasdestaque.com.br\/index.php\/2026\/05\/02\/sarampo-campanha-de-vacinacao-visa-evitar-casos-importados-durante-a-copa-do-mundo-2026\/"},"modified":"2026-05-02T04:05:00","modified_gmt":"2026-05-02T07:05:00","slug":"sarampo-campanha-de-vacinacao-visa-evitar-casos-importados-durante-a-copa-do-mundo-2026","status":"publish","type":"post","link":"https:\/\/noticiasdestaque.com.br\/index.php\/2026\/05\/02\/sarampo-campanha-de-vacinacao-visa-evitar-casos-importados-durante-a-copa-do-mundo-2026\/","title":{"rendered":"Sarampo: Campanha de vacina\u00e7\u00e3o visa evitar casos importados durante a Copa do Mundo 2026"},"content":{"rendered":"<p>\t\t\t\t\t\t\t\t\t\t\t<audio controls class=\"b61_audio_player\" data-noticia=\"89245\" src=\"https:\/\/brasil61.com\/rails\/active_storage\/blobs\/eyJfcmFpbHMiOnsibWVzc2FnZSI6IkJBaHBBeGNkQkE9PSIsImV4cCI6bnVsbCwicHVyIjoiYmxvYl9pZCJ9fQ==--f8a060efb2f8f2932d1f79ee82fba5e30b41bff5\/BRAS2616333A\"><\/audio><\/p>\n<p>O <strong>Minist\u00e9rio da Sa\u00fade lan\u00e7ou uma campanha nacional de vacina\u00e7\u00e3o contra o sarampo, com o slogan \u201cVacinar \u00e9 muito Brasil\u201d. <\/strong>O intuito \u00e9 evitar casos importados durante a Copa do Mundo da FIFA 2026. O foco s\u00e3o os brasileiros que pretendem viajar para assistir aos jogos nos Estados Unidos, M\u00e9xico e Canad\u00e1, pa\u00edses que sediar\u00e3o os jogos a partir de junho, e que registram surtos ativos da doen\u00e7a.<\/p>\n<p>A iniciativa refor\u00e7a a<strong> import\u00e2ncia da imuniza\u00e7\u00e3o a qualquer momento, como principal medida de prote\u00e7\u00e3o individual e coletiva diante do cen\u00e1rio epidemiol\u00f3gico internacional. <\/strong>O foco da campanha do Minist\u00e9rio da Sa\u00fade \u00e9<strong> proteger todos os brasileiros que v\u00e3o viajar e reduzir o risco de reintrodu\u00e7\u00e3o do sarampo no pa\u00eds.<\/strong><\/p>\n<p>O ministro da Sa\u00fade, Alexandre Padilha, destacou a import\u00e2ncia da imuniza\u00e7\u00e3o para evitar a importa\u00e7\u00e3o de casos.<br \/>\n\u00a0<br \/>\n\u201cHoje, Estados Unidos, Canad\u00e1 e M\u00e9xico vivem uma explos\u00e3o de casos de sarampo. No ano passado, 90% dos casos de sarampo de todo continente americano aconteceram nesses pa\u00edses. N\u00f3s recebemos no ano passado, aqui no Brasil, 38 casos importados de turistas ou brasileiros que foram para l\u00e1 ou de pessoas desses pa\u00edses que vieram aqui para o Brasil e desenvolveram o sarampo aqui. S\u00f3 n\u00e3o propagou o sarampo aqui no Brasil porque esse nosso time aqui, os agentes comunit\u00e1rios de sa\u00fade, os profissionais das equipes de sa\u00fade da fam\u00edlia, pessoal da cl\u00ednica de fam\u00edlia, pessoal que trabalha na vigil\u00e2ncia, descobriu o caso, foi l\u00e1 e bloqueou, igual boa zaga\u201d, disse.\u00a0<\/p>\n<p><strong>A proposta da campanha \u00e9 conscientizar a popula\u00e7\u00e3o sobre o risco internacional do sarampo, sobretudo quem vai viajar para os pa\u00edses-sede da Copa.<\/strong><\/p>\n<p>O lan\u00e7amento ocorreu no dia 29 de abril na Funda\u00e7\u00e3o Gol de Letra, no Rio de Janeiro (RJ), e contou com a participa\u00e7\u00e3o do tetracampe\u00e3o mundial Ra\u00ed, um dos fundadores da institui\u00e7\u00e3o.\u00a0<\/p>\n<h1>Vacina<\/h1>\n<p><strong>A vacina contra o sarampo \u00e9 ofertada gratuitamente pelo SUS para crian\u00e7as, adolescentes e adultos, independentemente se a pessoa tem viagem marcada. Crian\u00e7as de 6 a 11 meses devem receber a chamada \u201cdose zero\u201d.\u00a0<\/strong><\/p>\n<p>A popula\u00e7\u00e3o de 12 meses a 29 anos precisa de duas doses, j\u00e1 os adultos de 30 a 59 anos devem receber uma dose.\u00a0<\/p>\n<p><strong>A orienta\u00e7\u00e3o da campanha \u00e9 de que os viajantes verifiquem e atualizem a caderneta de vacina\u00e7\u00e3o antes do embarque, seguindo as recomenda\u00e7\u00f5es do Calend\u00e1rio Nacional de Vacina\u00e7\u00e3o.\u00a0<\/strong><\/p>\n<p>\u201cA vacina \u00e9 a forma mais eficaz de prote\u00e7\u00e3o e de evitar a reintrodu\u00e7\u00e3o do v\u00edrus no pa\u00eds. Os torcedores que ficam no pa\u00eds tamb\u00e9m devem verificar sua prote\u00e7\u00e3o. A proposta \u00e9 convidar a todos para ajudar o Brasil a manter um t\u00edtulo tamb\u00e9m importante: o de pa\u00eds livre do sarampo\u201d, refor\u00e7ou o Minist\u00e9rio da Sa\u00fade, em nota.<\/p>\n<p>No final de abril, a Secretaria de Estado da Sa\u00fade de S\u00e3o Paulo (SES-SP) confirmou o segundo caso importado de sarampo no munic\u00edpio de S\u00e3o Paulo. O paciente \u00e9 um homem de 42 anos com hist\u00f3rico de vacina\u00e7\u00e3o e residente na Guatemala. Em 2024, dois casos importados da doen\u00e7a foram registrados no territ\u00f3rio paulista.\u00a0<\/p>\n<h1>Sarampo pelo mundo<\/h1>\n<p>Juntos, <strong>Estados Unidos, Canad\u00e1 e M\u00e9xico concentram 67% dos casos de sarampo registrados nas Am\u00e9ricas nos \u00faltimos anos<\/strong>, conforme nota do Minist\u00e9rio da Sa\u00fade.<\/p>\n<p><strong>Em 2025, os EUA registraram 2.144 casos e a transmiss\u00e3o continua ativa com mais 1.792 neste ano. O Canad\u00e1 enfrentou aumento nos casos, com 5.062 registros em 2025, o que levou o pa\u00eds a perder o status de livre da doen\u00e7a. Este ano, j\u00e1 s\u00e3o 907 casos.\u00a0<\/strong><\/p>\n<p>O cen\u00e1rio \u00e9 semelhante no M\u00e9xico, com apenas 7 casos em 2024, o pa\u00eds saltou para 6.152 registros em 2025 e j\u00e1 soma 10.002 casos em 2026.\u00a0<\/p>\n<p>\t\t\t\t\t\t\t\t\t\t<img loading=\"lazy\" decoding=\"async\" src=\"https:\/\/brasil61.com\/api\/v1\/serve_pixel\/17677\/89245\" alt=\"Pixel Brasil 61\" class=\"b61_pixel\" width=\"0\" height=\"0\"><\/p>\n<input type=\"hidden\" id=\"baseurl\" value=\"https:\/\/noticiasdestaque.com.br\"><input type=\"hidden\" id=\"audio_nonce\" value=\"6f73a554f1\">","protected":false},"excerpt":{"rendered":"<p>Medida do Minist\u00e9rio da Sa\u00fade refor\u00e7a papel da vacina como principal prote\u00e7\u00e3o diante de surtos da doen\u00e7a nos pa\u00edses que sediar\u00e3o o mundial<\/p>\n","protected":false},"author":1,"featured_media":51877,"comment_status":"open","ping_status":"open","sticky":false,"template":"","format":"standard","meta":{"fifu_image_url":"","fifu_image_alt":"","footnotes":""},"categories":[51],"tags":[],"class_list":["post-51876","post","type-post","status-publish","format-standard","has-post-thumbnail","hentry","category-saude"],"distributor_meta":false,"distributor_terms":false,"distributor_media":false,"distributor_original_site_name":"Noticias em Destaque","distributor_original_site_url":"https:\/\/noticiasdestaque.com.br","push-errors":false,"_links":{"self":[{"href":"https:\/\/noticiasdestaque.com.br\/index.php\/wp-json\/wp\/v2\/posts\/51876","targetHints":{"allow":["GET"]}}],"collection":[{"href":"https:\/\/noticiasdestaque.com.br\/index.php\/wp-json\/wp\/v2\/posts"}],"about":[{"href":"https:\/\/noticiasdestaque.com.br\/index.php\/wp-json\/wp\/v2\/types\/post"}],"author":[{"embeddable":true,"href":"https:\/\/noticiasdestaque.com.br\/index.php\/wp-json\/wp\/v2\/users\/1"}],"replies":[{"embeddable":true,"href":"https:\/\/noticiasdestaque.com.br\/index.php\/wp-json\/wp\/v2\/comments?post=51876"}],"version-history":[{"count":0,"href":"https:\/\/noticiasdestaque.com.br\/index.php\/wp-json\/wp\/v2\/posts\/51876\/revisions"}],"wp:featuredmedia":[{"embeddable":true,"href":"https:\/\/noticiasdestaque.com.br\/index.php\/wp-json\/wp\/v2\/media\/51877"}],"wp:attachment":[{"href":"https:\/\/noticiasdestaque.com.br\/index.php\/wp-json\/wp\/v2\/media?parent=51876"}],"wp:term":[{"taxonomy":"category","embeddable":true,"href":"https:\/\/noticiasdestaque.com.br\/index.php\/wp-json\/wp\/v2\/categories?post=51876"},{"taxonomy":"post_tag","embeddable":true,"href":"https:\/\/noticiasdestaque.com.br\/index.php\/wp-json\/wp\/v2\/tags?post=51876"}],"curies":[{"name":"wp","href":"https:\/\/api.w.org\/{rel}","templated":true}]}}