{"id":51868,"date":"2026-05-01T18:20:00","date_gmt":"2026-05-01T21:20:00","guid":{"rendered":"https:\/\/noticiasdestaque.com.br\/index.php\/2026\/05\/01\/o-tempo-e-a-temperatura-sabado-2-sem-chuvas-em-grande-parte-do-sudeste\/"},"modified":"2026-05-01T18:20:00","modified_gmt":"2026-05-01T21:20:00","slug":"o-tempo-e-a-temperatura-sabado-2-sem-chuvas-em-grande-parte-do-sudeste","status":"publish","type":"post","link":"https:\/\/noticiasdestaque.com.br\/index.php\/2026\/05\/01\/o-tempo-e-a-temperatura-sabado-2-sem-chuvas-em-grande-parte-do-sudeste\/","title":{"rendered":"O TEMPO E A TEMPERATURA: s\u00e1bado (2) sem chuvas em grande parte do Sudeste"},"content":{"rendered":"<p>\t\t\t\t\t\t\t\t\t\t\t<audio controls class=\"b61_audio_player\" data-noticia=\"89201\" src=\"https:\/\/brasil61.com\/rails\/active_storage\/blobs\/eyJfcmFpbHMiOnsibWVzc2FnZSI6IkJBaHBBMkljQkE9PSIsImV4cCI6bnVsbCwicHVyIjoiYmxvYl9pZCJ9fQ==--074add5c139df4e4ab9a0041c5e0081d5e244b76\/PTSD264423A\"><\/audio><\/p>\n<p>A <strong>previs\u00e3o do tempo para a Regi\u00e3o Sudeste neste s\u00e1bado (2)<\/strong>, de acordo com o <strong>Instituto Nacional de Meteorologia (<a href=\"https:\/\/portal.inmet.gov.br\/\" target=\"_blank\">INMET<\/a>)<\/strong>, indica muitas nuvens em quase toda a regi\u00e3o, abrangendo todo o estado de <strong>Minas Gerais<\/strong> e grande parte de\u00a0<strong>S\u00e3o Paulo<\/strong>. No <strong>Rio de Janeiro<\/strong>, o sol tamb\u00e9m aparece entre nuvens, com tempo firme na capital e na regi\u00e3o serrana.<\/p>\n<p>Na faixa litor\u00e2nea do <strong>Esp\u00edrito Santo<\/strong> e no leste de <strong>Minas Gerais<\/strong>, h\u00e1 previs\u00e3o de chuvas isoladas. Pancadas\u00a0de chuva ocorrem na regi\u00e3o de Vit\u00f3ria e no litoral norte capixaba. No estado de <strong>S\u00e3o Paulo<\/strong>, o tempo permanece est\u00e1vel na maior parte do territ\u00f3rio, com exce\u00e7\u00e3o do extremo sul, no litoral pr\u00f3ximo \u00e0 divisa com o Paran\u00e1, onde pode ocorrer chuva isolada.<\/p>\n<p>Entre as capitais, m\u00ednima\u00a0de <strong>16\u00baC em Belo Horizonte<\/strong>. A m\u00e1xima deve chegar a <strong>34\u00baC no\u00a0Rio de Janeiro<\/strong>. A <b>umidade relativa do ar <\/b>varia entre <b>30%<\/b> e <b>95%<\/b>.<\/p>\n<h2>5 motivos para acompanhar as previs\u00f5es do tempo<\/h2>\n<ul>\n<li>Agricultura: garantia de uma boa colheita;<\/li>\n<li>Marinha: prote\u00e7\u00e3o de marinheiros, navios e passageiros;<\/li>\n<li>Aeron\u00e1utica: seguran\u00e7a de pilotos, aeronaves e passageiros;<\/li>\n<li>Pesca: condi\u00e7\u00f5es favor\u00e1veis e seguras para a atividade;<\/li>\n<li>Turismo: garantia de passeios e viagens tranquilas e agrad\u00e1veis.<\/li>\n<\/ul>\n<h2>Import\u00e2ncia das observa\u00e7\u00f5es meteorol\u00f3gicas no INMET<\/h2>\n<p>As observa\u00e7\u00f5es meteorol\u00f3gicas do INMET s\u00e3o essenciais para previs\u00f5es em tempo real, estat\u00edsticas clim\u00e1ticas e coopera\u00e7\u00e3o internacional. Esses dados precisos ajudam a estudar o clima passado e a produzir Normais Climatol\u00f3gicas conforme a Organiza\u00e7\u00e3o Meteorol\u00f3gica Mundial (<a href=\"https:\/\/worldweather.wmo.int\/pt\/home.html\">OMM<\/a>).<\/p>\n<p><strong>As informa\u00e7\u00f5es s\u00e3o do Instituto Nacional de Meteorologia (<a href=\"https:\/\/portal.inmet.gov.br\">Inmet<\/a>).<\/strong><\/p>\n<p>\t\t\t\t\t\t\t\t\t\t<img loading=\"lazy\" decoding=\"async\" src=\"https:\/\/brasil61.com\/api\/v1\/serve_pixel\/17677\/89201\" alt=\"Pixel Brasil 61\" class=\"b61_pixel\" width=\"0\" height=\"0\"><\/p>\n<input type=\"hidden\" id=\"baseurl\" value=\"https:\/\/noticiasdestaque.com.br\"><input type=\"hidden\" id=\"audio_nonce\" value=\"6f73a554f1\">","protected":false},"excerpt":{"rendered":"<p>Entre as capitais, m\u00ednima\u00a0de 16\u00baC em Belo Horizonte. A m\u00e1xima deve chegar a 34\u00baC no\u00a0Rio de Janeiro. A umidade relativa do ar varia entre 30% e 95%.<\/p>\n","protected":false},"author":1,"featured_media":51869,"comment_status":"open","ping_status":"open","sticky":false,"template":"","format":"standard","meta":{"fifu_image_url":"","fifu_image_alt":"","footnotes":""},"categories":[58],"tags":[],"class_list":["post-51868","post","type-post","status-publish","format-standard","has-post-thumbnail","hentry","category-cotidiano"],"distributor_meta":false,"distributor_terms":false,"distributor_media":false,"distributor_original_site_name":"Noticias em Destaque","distributor_original_site_url":"https:\/\/noticiasdestaque.com.br","push-errors":false,"_links":{"self":[{"href":"https:\/\/noticiasdestaque.com.br\/index.php\/wp-json\/wp\/v2\/posts\/51868","targetHints":{"allow":["GET"]}}],"collection":[{"href":"https:\/\/noticiasdestaque.com.br\/index.php\/wp-json\/wp\/v2\/posts"}],"about":[{"href":"https:\/\/noticiasdestaque.com.br\/index.php\/wp-json\/wp\/v2\/types\/post"}],"author":[{"embeddable":true,"href":"https:\/\/noticiasdestaque.com.br\/index.php\/wp-json\/wp\/v2\/users\/1"}],"replies":[{"embeddable":true,"href":"https:\/\/noticiasdestaque.com.br\/index.php\/wp-json\/wp\/v2\/comments?post=51868"}],"version-history":[{"count":0,"href":"https:\/\/noticiasdestaque.com.br\/index.php\/wp-json\/wp\/v2\/posts\/51868\/revisions"}],"wp:featuredmedia":[{"embeddable":true,"href":"https:\/\/noticiasdestaque.com.br\/index.php\/wp-json\/wp\/v2\/media\/51869"}],"wp:attachment":[{"href":"https:\/\/noticiasdestaque.com.br\/index.php\/wp-json\/wp\/v2\/media?parent=51868"}],"wp:term":[{"taxonomy":"category","embeddable":true,"href":"https:\/\/noticiasdestaque.com.br\/index.php\/wp-json\/wp\/v2\/categories?post=51868"},{"taxonomy":"post_tag","embeddable":true,"href":"https:\/\/noticiasdestaque.com.br\/index.php\/wp-json\/wp\/v2\/tags?post=51868"}],"curies":[{"name":"wp","href":"https:\/\/api.w.org\/{rel}","templated":true}]}}