{"id":51866,"date":"2026-05-01T18:10:00","date_gmt":"2026-05-01T21:10:00","guid":{"rendered":"https:\/\/noticiasdestaque.com.br\/index.php\/2026\/05\/01\/o-tempo-e-a-temperatura-sabado-2-com-fortes-chuvas-no-norte\/"},"modified":"2026-05-01T18:10:00","modified_gmt":"2026-05-01T21:10:00","slug":"o-tempo-e-a-temperatura-sabado-2-com-fortes-chuvas-no-norte","status":"publish","type":"post","link":"https:\/\/noticiasdestaque.com.br\/index.php\/2026\/05\/01\/o-tempo-e-a-temperatura-sabado-2-com-fortes-chuvas-no-norte\/","title":{"rendered":"O TEMPO E A TEMPERATURA: s\u00e1bado (2) com fortes chuvas no Norte"},"content":{"rendered":"<p>\t\t\t\t\t\t\t\t\t\t\t<audio controls class=\"b61_audio_player\" data-noticia=\"89200\" src=\"https:\/\/brasil61.com\/rails\/active_storage\/blobs\/eyJfcmFpbHMiOnsibWVzc2FnZSI6IkJBaHBBMk1jQkE9PSIsImV4cCI6bnVsbCwicHVyIjoiYmxvYl9pZCJ9fQ==--fd990da1570cd7ecf8bbbcaa33b71202932185a3\/PTRN264786A\"><\/audio><\/p>\n<p>A <strong>previs\u00e3o do tempo para a Regi\u00e3o Norte neste s\u00e1bado (2)<\/strong>, de acordo com o <strong>Instituto Nacional de Meteorologia (<a href=\"https:\/\/portal.inmet.gov.br\/\" target=\"_blank\">INMET<\/a>)<\/strong>, \u00e9 de\u00a0pancadas de chuva acompanhadas de trovoadas em em <strong>Roraima<\/strong>, o norte e centro do <strong>Amazonas<\/strong>, o <strong>Amap\u00e1<\/strong> e o noroeste do <strong>Par\u00e1<\/strong>.<\/p>\n<p>No restante do estado do <strong>Amazonas<\/strong>, no <strong>Acre <\/strong>e em grande parte do <strong>Par\u00e1<\/strong>, a previs\u00e3o \u00e9 de pancadas de chuva ao longo do dia. J\u00e1 no sul do <strong>Amazonas<\/strong>, em <strong>Rond\u00f4nia <\/strong>e no sudeste do <strong>Par\u00e1<\/strong>, as chuvas s\u00e3o isoladas. O <strong>Tocantins <\/strong>apresenta tempo est\u00e1vel e sem previs\u00e3o de chuvas.<\/p>\n<p>Entre as <b>capitais<\/b>, a <b>temperatura m\u00ednima<\/b> prevista \u00e9 de <b>22\u00b0C <\/b>em <b>Rio Branco<\/b>. J\u00e1 a <b>m\u00e1xima<\/b> pode chegar at\u00e9 <b>34\u00b0C<\/b>, em<b>\u00a0Palmas<\/b>. A <b>umidade relativa do ar <\/b>varia entre <b>30%<\/b> e <b>100%<\/b>.<\/p>\n<h2>5 motivos para acompanhar as previs\u00f5es do tempo<\/h2>\n<ul>\n<li>Agricultura: garantia de uma boa colheita;<\/li>\n<li>Marinha: prote\u00e7\u00e3o de marinheiros, navios e passageiros;<\/li>\n<li>Aeron\u00e1utica: seguran\u00e7a de pilotos, aeronaves e passageiros;<\/li>\n<li>Pesca: condi\u00e7\u00f5es favor\u00e1veis e seguras para a atividade;<\/li>\n<li>Turismo: garantia de passeios e viagens tranquilas e agrad\u00e1veis.<\/li>\n<\/ul>\n<h2>Import\u00e2ncia das observa\u00e7\u00f5es meteorol\u00f3gicas no INMET<\/h2>\n<p>As observa\u00e7\u00f5es meteorol\u00f3gicas do INMET s\u00e3o essenciais para previs\u00f5es em tempo real, estat\u00edsticas clim\u00e1ticas e coopera\u00e7\u00e3o internacional. Esses dados precisos ajudam a estudar o clima passado e a produzir Normais Climatol\u00f3gicas conforme a Organiza\u00e7\u00e3o Meteorol\u00f3gica Mundial (<a href=\"https:\/\/worldweather.wmo.int\/pt\/home.html\">OMM<\/a>).<\/p>\n<p><strong>As informa\u00e7\u00f5es s\u00e3o do Instituto Nacional de Meteorologia (<a href=\"https:\/\/portal.inmet.gov.br\">Inmet<\/a>).<\/strong><\/p>\n<p>\t\t\t\t\t\t\t\t\t\t<img loading=\"lazy\" decoding=\"async\" src=\"https:\/\/brasil61.com\/api\/v1\/serve_pixel\/17677\/89200\" alt=\"Pixel Brasil 61\" class=\"b61_pixel\" width=\"0\" height=\"0\"><\/p>\n<input type=\"hidden\" id=\"baseurl\" value=\"https:\/\/noticiasdestaque.com.br\"><input type=\"hidden\" id=\"audio_nonce\" value=\"6f73a554f1\">","protected":false},"excerpt":{"rendered":"<p>Entre as capitais, a temperatura m\u00ednima prevista \u00e9 de 22\u00b0C em Rio Branco. J\u00e1 a m\u00e1xima pode chegar at\u00e9 34\u00b0C, em\u00a0Palmas. A umidade relativa do ar varia entre 30% e 100%<\/p>\n","protected":false},"author":1,"featured_media":51867,"comment_status":"open","ping_status":"open","sticky":false,"template":"","format":"standard","meta":{"fifu_image_url":"","fifu_image_alt":"","footnotes":""},"categories":[58],"tags":[],"class_list":["post-51866","post","type-post","status-publish","format-standard","has-post-thumbnail","hentry","category-cotidiano"],"distributor_meta":false,"distributor_terms":false,"distributor_media":false,"distributor_original_site_name":"Noticias em Destaque","distributor_original_site_url":"https:\/\/noticiasdestaque.com.br","push-errors":false,"_links":{"self":[{"href":"https:\/\/noticiasdestaque.com.br\/index.php\/wp-json\/wp\/v2\/posts\/51866","targetHints":{"allow":["GET"]}}],"collection":[{"href":"https:\/\/noticiasdestaque.com.br\/index.php\/wp-json\/wp\/v2\/posts"}],"about":[{"href":"https:\/\/noticiasdestaque.com.br\/index.php\/wp-json\/wp\/v2\/types\/post"}],"author":[{"embeddable":true,"href":"https:\/\/noticiasdestaque.com.br\/index.php\/wp-json\/wp\/v2\/users\/1"}],"replies":[{"embeddable":true,"href":"https:\/\/noticiasdestaque.com.br\/index.php\/wp-json\/wp\/v2\/comments?post=51866"}],"version-history":[{"count":0,"href":"https:\/\/noticiasdestaque.com.br\/index.php\/wp-json\/wp\/v2\/posts\/51866\/revisions"}],"wp:featuredmedia":[{"embeddable":true,"href":"https:\/\/noticiasdestaque.com.br\/index.php\/wp-json\/wp\/v2\/media\/51867"}],"wp:attachment":[{"href":"https:\/\/noticiasdestaque.com.br\/index.php\/wp-json\/wp\/v2\/media?parent=51866"}],"wp:term":[{"taxonomy":"category","embeddable":true,"href":"https:\/\/noticiasdestaque.com.br\/index.php\/wp-json\/wp\/v2\/categories?post=51866"},{"taxonomy":"post_tag","embeddable":true,"href":"https:\/\/noticiasdestaque.com.br\/index.php\/wp-json\/wp\/v2\/tags?post=51866"}],"curies":[{"name":"wp","href":"https:\/\/api.w.org\/{rel}","templated":true}]}}