{"id":51864,"date":"2026-05-01T18:00:00","date_gmt":"2026-05-01T21:00:00","guid":{"rendered":"https:\/\/noticiasdestaque.com.br\/index.php\/2026\/05\/01\/o-tempo-e-a-temperatura-chuvas-continuam-no-nordeste-neste-sabado-2\/"},"modified":"2026-05-01T18:00:00","modified_gmt":"2026-05-01T21:00:00","slug":"o-tempo-e-a-temperatura-chuvas-continuam-no-nordeste-neste-sabado-2","status":"publish","type":"post","link":"https:\/\/noticiasdestaque.com.br\/index.php\/2026\/05\/01\/o-tempo-e-a-temperatura-chuvas-continuam-no-nordeste-neste-sabado-2\/","title":{"rendered":"O TEMPO E A TEMPERATURA: chuvas continuam no Nordeste neste s\u00e1bado (2)"},"content":{"rendered":"<p>\t\t\t\t\t\t\t\t\t\t\t<audio controls class=\"b61_audio_player\" data-noticia=\"89199\" src=\"https:\/\/brasil61.com\/rails\/active_storage\/blobs\/eyJfcmFpbHMiOnsibWVzc2FnZSI6IkJBaHBBMlFjQkE9PSIsImV4cCI6bnVsbCwicHVyIjoiYmxvYl9pZCJ9fQ==--457bb292a87943f812ce232d2b75c8edbb702da7\/PTND265033A\"><\/audio><\/p>\n<p>A <strong>previs\u00e3o do tempo para a Regi\u00e3o Nordeste neste s\u00e1bado (2)<\/strong>, de acordo com o <strong>Instituto Nacional de Meteorologia (<a href=\"https:\/\/portal.inmet.gov.br\/\" target=\"_blank\">INMET<\/a>)<\/strong>, indica\u00a0pancadas de chuva acompanhadas de trovoadas em estados como <strong>Maranh\u00e3o, Piau\u00ed, Cear\u00e1\u00a0<\/strong>e\u00a0<strong>Rio Grande do Norte<\/strong>. As chuvas intensas tamb\u00e9m se estendem por boa parte do litoral leste, alcan\u00e7ando Jo\u00e3o Pessoa, Recife e Macei\u00f3.<\/p>\n<p>J\u00e1 no litoral de <strong>Sergipe<\/strong> e na regi\u00e3o de Salvador e Feira de Santana, na <strong>Bahia<\/strong>, a previs\u00e3o \u00e9 de pancadas de chuva, enquanto o interior baiano e o sul do Cear\u00e1 devem registrar apenas chuvas isoladas.<\/p>\n<p>O interior da regi\u00e3o, abrangendo o sert\u00e3o da Bahia, Pernambuco e Piau\u00ed, ter\u00e1 dia de muitas nuvens, mas sem chuva.<\/p>\n<p>Entre as <b>capitais<\/b>, a <b>temperatura m\u00ednima<\/b> prevista \u00e9 de <b>23\u00b0C<\/b> em <b>S\u00e3o Lu\u00eds e Teresina<\/b>. J\u00e1 a <b>m\u00e1xima<\/b> pode chegar at\u00e9 <b>31\u00b0C<\/b>, em<b> Salvador, Teresina, Fortaleza e Macei\u00f3<\/b>. A <b>umidade relativa do ar <\/b>varia entre <b>60%<\/b> e <b>95%<\/b>.<\/p>\n<h2>5 motivos para acompanhar as previs\u00f5es do tempo<\/h2>\n<ul>\n<li>Agricultura: garantia de uma boa colheita;<\/li>\n<li>Marinha: prote\u00e7\u00e3o de marinheiros, navios e passageiros;<\/li>\n<li>Aeron\u00e1utica: seguran\u00e7a de pilotos, aeronaves e passageiros;<\/li>\n<li>Pesca: condi\u00e7\u00f5es favor\u00e1veis e seguras para a atividade;<\/li>\n<li>Turismo: garantia de passeios e viagens tranquilas e agrad\u00e1veis.<\/li>\n<\/ul>\n<h2>Import\u00e2ncia das observa\u00e7\u00f5es meteorol\u00f3gicas no INMET<\/h2>\n<p>As observa\u00e7\u00f5es meteorol\u00f3gicas do INMET s\u00e3o essenciais para previs\u00f5es em tempo real, estat\u00edsticas clim\u00e1ticas e coopera\u00e7\u00e3o internacional. Esses dados precisos ajudam a estudar o clima passado e a produzir Normais Climatol\u00f3gicas conforme a Organiza\u00e7\u00e3o Meteorol\u00f3gica Mundial (<a href=\"https:\/\/worldweather.wmo.int\/pt\/home.html\">OMM<\/a>).<\/p>\n<p><strong>As informa\u00e7\u00f5es s\u00e3o do <a href=\"https:\/\/portal.inmet.gov.br\/\">Instituto Nacional de Meteorologia.<\/a><\/strong><\/p>\n<p>\t\t\t\t\t\t\t\t\t\t<img loading=\"lazy\" decoding=\"async\" src=\"https:\/\/brasil61.com\/api\/v1\/serve_pixel\/17677\/89199\" alt=\"Pixel Brasil 61\" class=\"b61_pixel\" width=\"0\" height=\"0\"><\/p>\n<input type=\"hidden\" id=\"baseurl\" value=\"https:\/\/noticiasdestaque.com.br\"><input type=\"hidden\" id=\"audio_nonce\" value=\"6f73a554f1\">","protected":false},"excerpt":{"rendered":"<p>Entre as capitais, a temperatura m\u00ednima prevista \u00e9 de 23\u00b0C em S\u00e3o Lu\u00eds e Teresina. J\u00e1 a m\u00e1xima pode chegar at\u00e9 31\u00b0C, em Salvador, Teresina, Fortaleza e Macei\u00f3. A umidade relativa do ar varia entre 60% e 95%<\/p>\n","protected":false},"author":1,"featured_media":51865,"comment_status":"open","ping_status":"open","sticky":false,"template":"","format":"standard","meta":{"fifu_image_url":"","fifu_image_alt":"","footnotes":""},"categories":[58],"tags":[],"class_list":["post-51864","post","type-post","status-publish","format-standard","has-post-thumbnail","hentry","category-cotidiano"],"distributor_meta":false,"distributor_terms":false,"distributor_media":false,"distributor_original_site_name":"Noticias em Destaque","distributor_original_site_url":"https:\/\/noticiasdestaque.com.br","push-errors":false,"_links":{"self":[{"href":"https:\/\/noticiasdestaque.com.br\/index.php\/wp-json\/wp\/v2\/posts\/51864","targetHints":{"allow":["GET"]}}],"collection":[{"href":"https:\/\/noticiasdestaque.com.br\/index.php\/wp-json\/wp\/v2\/posts"}],"about":[{"href":"https:\/\/noticiasdestaque.com.br\/index.php\/wp-json\/wp\/v2\/types\/post"}],"author":[{"embeddable":true,"href":"https:\/\/noticiasdestaque.com.br\/index.php\/wp-json\/wp\/v2\/users\/1"}],"replies":[{"embeddable":true,"href":"https:\/\/noticiasdestaque.com.br\/index.php\/wp-json\/wp\/v2\/comments?post=51864"}],"version-history":[{"count":0,"href":"https:\/\/noticiasdestaque.com.br\/index.php\/wp-json\/wp\/v2\/posts\/51864\/revisions"}],"wp:featuredmedia":[{"embeddable":true,"href":"https:\/\/noticiasdestaque.com.br\/index.php\/wp-json\/wp\/v2\/media\/51865"}],"wp:attachment":[{"href":"https:\/\/noticiasdestaque.com.br\/index.php\/wp-json\/wp\/v2\/media?parent=51864"}],"wp:term":[{"taxonomy":"category","embeddable":true,"href":"https:\/\/noticiasdestaque.com.br\/index.php\/wp-json\/wp\/v2\/categories?post=51864"},{"taxonomy":"post_tag","embeddable":true,"href":"https:\/\/noticiasdestaque.com.br\/index.php\/wp-json\/wp\/v2\/tags?post=51864"}],"curies":[{"name":"wp","href":"https:\/\/api.w.org\/{rel}","templated":true}]}}