{"id":51860,"date":"2026-05-01T04:55:00","date_gmt":"2026-05-01T07:55:00","guid":{"rendered":"https:\/\/noticiasdestaque.com.br\/index.php\/2026\/05\/01\/mercosul-ue-acordo-entra-em-vigor-e-zera-tarifas-para-milhares-de-produtos-industriais-brasileiros-na-europa\/"},"modified":"2026-05-01T04:55:00","modified_gmt":"2026-05-01T07:55:00","slug":"mercosul-ue-acordo-entra-em-vigor-e-zera-tarifas-para-milhares-de-produtos-industriais-brasileiros-na-europa","status":"publish","type":"post","link":"https:\/\/noticiasdestaque.com.br\/index.php\/2026\/05\/01\/mercosul-ue-acordo-entra-em-vigor-e-zera-tarifas-para-milhares-de-produtos-industriais-brasileiros-na-europa\/","title":{"rendered":"Mercosul-UE: acordo entra em vigor e zera tarifas para milhares de produtos industriais brasileiros na Europa"},"content":{"rendered":"<p>\t\t\t\t\t\t\t\t\t\t\t<audio controls class=\"b61_audio_player\" data-noticia=\"89230\" src=\"https:\/\/brasil61.com\/rails\/active_storage\/blobs\/eyJfcmFpbHMiOnsibWVzc2FnZSI6IkJBaHBBL2tjQkE9PSIsImV4cCI6bnVsbCwicHVyIjoiYmxvYl9pZCJ9fQ==--885fa2b6e8180e854dd3475fa83de291d158befc\/PIND264745A\"><\/audio><\/p>\n<p>Nesta sexta-feira (1\u00ba), <strong>entra em vigor, em car\u00e1ter provis\u00f3rio, o acordo comercial entre o Mercosul e a Uni\u00e3o Europeia<\/strong>. Ap\u00f3s anos de negocia\u00e7\u00f5es, os dois blocos conclu\u00edram os tr\u00e2mites internos e a troca de negocia\u00e7\u00f5es, abrindo caminho para o <strong>in\u00edcio da redu\u00e7\u00e3o gradual das tarifas de importa\u00e7\u00e3o<\/strong>.\u00a0<\/p>\n<p>Segundo estimativas da <a href=\"https:\/\/cni.portaldaindustria.com.br\/home\" target=\"_blank\">Confedera\u00e7\u00e3o Nacional da Ind\u00fastria (CNI)<\/a>, <strong>mais de 5 mil produtos <\/strong>\u2014 o equivalente a <strong>mais de 80% das exporta\u00e7\u00f5es brasileiras para o mercado europeu<\/strong> \u2014 devem ficar totalmente <strong>isentos de imposto de importa\u00e7\u00e3o<\/strong> j\u00e1 a partir de maio. Desse total, 2.068 itens j\u00e1 n\u00e3o pagavam tarifas, enquanto outros <strong>2.932 passar\u00e3o a ter a al\u00edquota zerada<\/strong>, sendo:<\/p>\n<ul>\n<li>2.714 <strong>bens industriais<\/strong>;\u00a0<\/li>\n<li>218 itens do setor <strong>aliment\u00edcio e mat\u00e9rias-primas<\/strong>.<\/li>\n<\/ul>\n<p>Entre os produtos que ter\u00e3o redu\u00e7\u00e3o imediata de tarifas, alguns setores se destacam:\u00a0<\/p>\n<ul>\n<li><strong>M\u00e1quinas e equipamentos <\/strong>(21,8% do total);<\/li>\n<li><strong>Alimentos <\/strong>(12,5%);<\/li>\n<li><strong>Produtos de metal <\/strong>(9,1%);<\/li>\n<li><strong>M\u00e1quinas, aparelhos e materiais el\u00e9tricos<\/strong> (8,9%);<\/li>\n<li><strong>Qu\u00edmicos <\/strong>(8,1%).<\/li>\n<\/ul>\n<p>Dados do <a href=\"https:\/\/www.imf.org\/en\/home\" target=\"_blank\">Fundo Monet\u00e1rio Internacional (FMI)<\/a> e da <a href=\"https:\/\/ec.europa.eu\/eurostat\" target=\"_blank\">Eurostat<\/a> indicam que o acordo abrange um mercado com mais de<strong> 718 milh\u00f5es de pessoas <\/strong>e um <strong>Produto Interno Bruto (PIB) <\/strong>estimado em cerca de <strong>US$ 22,4 trilh\u00f5es<\/strong>.\u00a0<\/p>\n<h2>Setores com impacto imediato<\/h2>\n<p>Em <strong>2025<\/strong>, a <strong>Uni\u00e3o Europeia importou US$ 607,7 milh\u00f5es<\/strong> <strong>em m\u00e1quinas e equipamentos do Brasil<\/strong>. Com o acordo, os industriais brasileiros v\u00e3o deixar de pagar 95,8% das tarifas sobre esse valor imediatamente.<\/p>\n<p>Ao todo, <strong>802 itens desse segmento n\u00e3o estar\u00e3o mais sujeitos a tarifas de importa\u00e7\u00e3o<\/strong> no bloco europeu, incluindo compressores, bombas e componentes mec\u00e2nicos.\u00a0<\/p>\n<p>No setor de <strong>alimentos<\/strong>,<strong> 468 produtos passam a ter tarifa zero desde o in\u00edcio da vig\u00eancia<\/strong>, incluindo subprodutos animais n\u00e3o comest\u00edveis (como couros e peles, por exemplo), \u00f3leo de milho e extratos vegetais.<\/p>\n<p>J\u00e1 na \u00e1rea <strong>metal\u00fargica<\/strong>, <strong>494 itens<\/strong> \u2014 entre eles ferro-gusa, chumbo, barras de n\u00edquel e \u00f3xido de alum\u00ednio \u2014 tamb\u00e9m ter\u00e3o <strong>isen\u00e7\u00e3o imediata<\/strong>. A lista completa da oferta do acordo pode ser acessada no <a href=\"https:\/\/www.gov.br\/siscomex\/pt-br\/acordos-comerciais\/mercosul-uniao-europeia\" target=\"_blank\">site do governo brasileiro<\/a>.<\/p>\n<h2>Implementa\u00e7\u00e3o gradual<\/h2>\n<p>Apesar do impacto imediato, alguns <strong>produtos considerados sens\u00edveis ter\u00e3o redu\u00e7\u00e3o tarif\u00e1ria gradual<\/strong>. O processo pode levar at\u00e9 <strong>10 anos na Uni\u00e3o Europeia <\/strong>e <strong>15 anos no Mercosul<\/strong>. Em casos espec\u00edficos, como <strong>ve\u00edculos el\u00e9tricos, h\u00edbridos e novas tecnologias<\/strong>, o prazo pode chegar a<strong> 30 anos<\/strong>.\u00a0<\/p>\n<p>O \u00e1rbitro da Organiza\u00e7\u00e3o Mundial do Com\u00e9rcio (OMC), do Mercosul e do Sistema de Resolu\u00e7\u00e3o de Controv\u00e9rsias do Reino Unido, <strong>Welber Barral<\/strong>, destaca que a transi\u00e7\u00e3o mais longa atende a demandas de ambos os lados.<\/p>\n<p>\u201cTanto os europeus quanto os pa\u00edses do Mercosul pediram mais tempo para que esses setores pudessem se adaptar \u00e0 concorr\u00eancia. Agora \u00e9 importante que os setores comecem a se preparar para essa concorr\u00eancia de qualquer forma e saibam qual \u00e9 o seu prazo final de desonera\u00e7\u00e3o\u201d, orienta.<\/p>\n<p>A gerente de Com\u00e9rcio e Integra\u00e7\u00e3o Internacional da CNI, <strong>Constanza Negri<\/strong>, avalia que a <strong>ind\u00fastria brasileira ter\u00e1 vantagem competitiva no curto prazo<\/strong>, j\u00e1 que mais de 90% dos cerca de 3 mil produtos brasileiros, com isen\u00e7\u00e3o imediata de tarifas de importa\u00e7\u00e3o, pertencem \u00e0 ind\u00fastria de transforma\u00e7\u00e3o.\u00a0<\/p>\n<p>\u201cQuando n\u00f3s olhamos a entrada de produtos europeus no Brasil e no Mercosul, essa redu\u00e7\u00e3o de tarifas acontecer\u00e1 de uma maneira gradual e calibrada. A <strong>ind\u00fastria ter\u00e1 um tempo maior de adapta\u00e7\u00e3o<\/strong> e a maior parte dos produtos europeus ter\u00e3o suas tarifas reduzidas em um ciclo de at\u00e9 10 anos, na l\u00f3gica inversa do acesso que os produtos brasileiros ter\u00e3o ao mercado europeu\u201d, explica.<\/p>\n<h2>Vigor provis\u00f3rio<\/h2>\n<p>Embora j\u00e1 produza efeitos comerciais, o acordo entra em <strong>vigor de forma provis\u00f3ria<\/strong>. Isso significa que sua aplica\u00e7\u00e3o, neste momento, est\u00e1 restrita \u00e0 <strong>esfera comercial<\/strong>, enquanto aguarda a ratifica\u00e7\u00e3o completa por todos os pa\u00edses envolvidos.<\/p>\n<p>Nesta fase inicial, o tratado prev\u00ea <strong>redu\u00e7\u00e3o de tarifas, elimina\u00e7\u00e3o de barreiras comerciais e abertura de mercados de compras governamentais<\/strong>. Outros temas, como desenvolvimento sustent\u00e1vel, propriedade intelectual e regras regulat\u00f3rias, ainda poder\u00e3o ser incorporados.\u00a0<\/p>\n<p>O professor do Departamento de Economia da Universidade de Bras\u00edlia (UnB), <strong>Alexandre Andrada<\/strong>, observa que o <strong>acordo tem sido mais controverso na Europa<\/strong> do que na Am\u00e9rica do Sul e, por isso, ainda n\u00e3o foi ratificado em muitos pa\u00edses europeus.<\/p>\n<p>\u201cTem fortes restri\u00e7\u00f5es e ressalvas, especialmente por parte de governos como o da Fran\u00e7a, al\u00e9m de produtores agr\u00edcolas locais preocupados com os impactos dessa abertura para um bloco t\u00e3o competitivo nessa \u00e1rea agr\u00edcola como \u00e9 o Mercosul. Em janeiro, o Parlamento Europeu decidiu solicitar ao Tribunal de Justi\u00e7a da Uni\u00e3o Europeia uma avalia\u00e7\u00e3o jur\u00eddica sobre o acordo. Na pr\u00e1tica isso significa que essa an\u00e1lise pode demorar at\u00e9 dois anos, o que paralisa essa ratifica\u00e7\u00e3o plena e completa\u201d, afirma.<\/p>\n<p>A entrada em vigor marca apenas o in\u00edcio da implementa\u00e7\u00e3o. O governo brasileiro ainda deve publicar uma portaria para<strong> regulamentar a distribui\u00e7\u00e3o de cotas de importa\u00e7\u00e3o entre os pa\u00edses do Mercosul<\/strong>, definindo crit\u00e9rios e volumes para cada membro no \u00e2mbito do acordo.\u00a0<\/p>\n<p><strong>VEJA MAIS:<\/strong><\/p>\n<ul>\n<li><a href=\"https:\/\/brasil61.com\/n\/industria-debate-oportunidades-do-acordo-mercosul-ue-em-encontro-na-italia-pind264741\" target=\"_blank\">Ind\u00fastria debate oportunidades do acordo Mercosul\u2013UE em encontro na It\u00e1lia<\/a><\/li>\n<li><a href=\"https:\/\/brasil61.com\/n\/promulgacao-do-acordo-mercosul-uniao-europeia-cria-novas-perspectivas-para-o-agronegocio-diz-ministro-andre-de-paula-mapa260063\" target=\"_blank\">Promulga\u00e7\u00e3o do acordo Mercosul-Uni\u00e3o Europeia cria novas perspectivas para o agroneg\u00f3cio, diz ministro Andr\u00e9 de Paula<\/a><\/li>\n<\/ul>\n<p>\t\t\t\t\t\t\t\t\t\t<img loading=\"lazy\" decoding=\"async\" src=\"https:\/\/brasil61.com\/api\/v1\/serve_pixel\/17677\/89230\" alt=\"Pixel Brasil 61\" class=\"b61_pixel\" width=\"0\" height=\"0\"><\/p>\n<input type=\"hidden\" id=\"baseurl\" value=\"https:\/\/noticiasdestaque.com.br\"><input type=\"hidden\" id=\"audio_nonce\" value=\"581f3017e1\">","protected":false},"excerpt":{"rendered":"<p>M\u00e1quinas e equipamentos, alimentos, metais e qu\u00edmicos lideram lista de setores com entrada livre no mercado europeu <\/p>\n","protected":false},"author":1,"featured_media":51861,"comment_status":"open","ping_status":"open","sticky":false,"template":"","format":"standard","meta":{"fifu_image_url":"","fifu_image_alt":"","footnotes":""},"categories":[59],"tags":[],"class_list":["post-51860","post","type-post","status-publish","format-standard","has-post-thumbnail","hentry","category-economia"],"distributor_meta":false,"distributor_terms":false,"distributor_media":false,"distributor_original_site_name":"Noticias em Destaque","distributor_original_site_url":"https:\/\/noticiasdestaque.com.br","push-errors":false,"_links":{"self":[{"href":"https:\/\/noticiasdestaque.com.br\/index.php\/wp-json\/wp\/v2\/posts\/51860","targetHints":{"allow":["GET"]}}],"collection":[{"href":"https:\/\/noticiasdestaque.com.br\/index.php\/wp-json\/wp\/v2\/posts"}],"about":[{"href":"https:\/\/noticiasdestaque.com.br\/index.php\/wp-json\/wp\/v2\/types\/post"}],"author":[{"embeddable":true,"href":"https:\/\/noticiasdestaque.com.br\/index.php\/wp-json\/wp\/v2\/users\/1"}],"replies":[{"embeddable":true,"href":"https:\/\/noticiasdestaque.com.br\/index.php\/wp-json\/wp\/v2\/comments?post=51860"}],"version-history":[{"count":0,"href":"https:\/\/noticiasdestaque.com.br\/index.php\/wp-json\/wp\/v2\/posts\/51860\/revisions"}],"wp:featuredmedia":[{"embeddable":true,"href":"https:\/\/noticiasdestaque.com.br\/index.php\/wp-json\/wp\/v2\/media\/51861"}],"wp:attachment":[{"href":"https:\/\/noticiasdestaque.com.br\/index.php\/wp-json\/wp\/v2\/media?parent=51860"}],"wp:term":[{"taxonomy":"category","embeddable":true,"href":"https:\/\/noticiasdestaque.com.br\/index.php\/wp-json\/wp\/v2\/categories?post=51860"},{"taxonomy":"post_tag","embeddable":true,"href":"https:\/\/noticiasdestaque.com.br\/index.php\/wp-json\/wp\/v2\/tags?post=51860"}],"curies":[{"name":"wp","href":"https:\/\/api.w.org\/{rel}","templated":true}]}}