{"id":5185,"date":"2023-03-07T17:31:05","date_gmt":"2023-03-07T20:31:05","guid":{"rendered":"https:\/\/noticiasdestaque.com.br\/index.php\/2023\/03\/07\/consumo-aparente-de-bens-industriais-cresce-em-dezembro-segundo-o-ipea\/"},"modified":"2023-03-07T17:31:05","modified_gmt":"2023-03-07T20:31:05","slug":"consumo-aparente-de-bens-industriais-cresce-em-dezembro-segundo-o-ipea","status":"publish","type":"post","link":"https:\/\/noticiasdestaque.com.br\/index.php\/2023\/03\/07\/consumo-aparente-de-bens-industriais-cresce-em-dezembro-segundo-o-ipea\/","title":{"rendered":"Consumo aparente de bens industriais cresce 3,5% em dezembro, segundo o Ipea"},"content":{"rendered":"<p>O consumo aparente de bens industriais registrou alta de 3,5% no \u00faltimo m\u00eas do ano passado na compara\u00e7\u00e3o com novembro, de acordo com o Instituto de Pesquisa Econ\u00f4mica Aplicada (Ipea). Apesar do crescimento em dezembro, ainda assim os dados indicam que houve recuo de 1,7% na margem do quarto trimestre de 2022. Al\u00e9m disso, os n\u00fameros mostram queda de 0,5% na compara\u00e7\u00e3o com o mesmo per\u00edodo do ano anterior. <\/p>\n<p>O Indicador Ipea Mensal de Consumo Aparente de Bens Industriais \u2014 definido como a parcela da produ\u00e7\u00e3o industrial dom\u00e9stica destinada ao mercado interno, acrescida das importa\u00e7\u00f5es \u2014 mostra que a produ\u00e7\u00e3o interna destinada ao mercado nacional cresceu 2,8% em dezembro e as importa\u00e7\u00f5es de bens industriais avan\u00e7aram 7,4%. <\/p>\n<p>Segundo o Ipea, o segmento com o melhor resultado foi o de bens intermedi\u00e1rios \u2014 produtos manufaturados utilizados como mat\u00e9ria-prima \u2014 que avan\u00e7ou 3,3% em rela\u00e7\u00e3o a novembro. O economista C\u00e9sar Bergo afirma que um dos fatores que explicam o cen\u00e1rio \u00e9 o impacto das taxas de juros no consumo de bens dur\u00e1veis \u2014 como autom\u00f3veis e eletrodom\u00e9sticos, por exemplo. <\/p>\n<p>\u201cAs pessoas realmente est\u00e3o tendo dificuldades de adquirir bens dur\u00e1veis e acaba tendo um impacto muito grande. Outro fator \u00e9 o setor extrativo mineral em fun\u00e7\u00e3o das exporta\u00e7\u00f5es dos derivados de petr\u00f3leo. Ent\u00e3o o Brasil em dezembro teve um desempenho muito bom, mas infelizmente, em fun\u00e7\u00e3o dos meses anteriores, sobretudo do \u00faltimo trimestre, que leva em considera\u00e7\u00e3o outubro e novembro tamb\u00e9m, o desempenho da ind\u00fastria n\u00e3o foi positivo\u201d, afirma.<\/p>\n<p>Todos os segmentos das grandes categorias econ\u00f4micas apresentaram crescimento na margem, com exce\u00e7\u00e3o da demanda por bens de consumo dur\u00e1veis, que registrou queda de 1%. De acordo com o levantamento, a an\u00e1lise das classes de produ\u00e7\u00e3o aponta avan\u00e7o de 3,2% na demanda interna por bens da ind\u00fastria de transforma\u00e7\u00e3o em rela\u00e7\u00e3o ao m\u00eas anterior. J\u00e1 o crescimento do setor extrativo mineral foi de 5,1% na margem. <\/p>\n<p>No entanto, apesar dos n\u00fameros positivos registrados em dezembro, C\u00e9sar Bergo destaca que o ano de 2023 ainda deve apresentar dificuldades para o setor industrial. O economista aponta as elevadas taxas de juros e a infla\u00e7\u00e3o como as principais vil\u00e3s para o crescimento da produ\u00e7\u00e3o industrial. <\/p>\n<p>\u201cTem ainda uma infla\u00e7\u00e3o relativamente alta e o que pesa mais \u00e9 justamente essa taxa de juros elevada que vai ter um impacto direto durante todo o ano de 2023 em fun\u00e7\u00e3o da manuten\u00e7\u00e3o do patamar elevado\u201d, destaca. <\/p>\n<h2>Medidas para alavancar a ind\u00fastria<\/h2>\n<p>Est\u00e3o em tramita\u00e7\u00e3o no Congresso Nacional projetos para impulsionar a ind\u00fastria brasileira, como a reforma tribut\u00e1ria, apontada como uma das principais necessidades do setor. A PEC 110 e a PEC 45, ambas de 2019, s\u00e3o as mais avan\u00e7adas. <\/p>\n<p>O deputado federal Joaquim Passarinho (PL-PA) aponta que o governo do presidente Luiz In\u00e1cio Lula da Silva (PT) ainda n\u00e3o apresentou pol\u00edticas p\u00fablicas capazes de impulsionar a produtividade industrial no pa\u00eds. Ele afirma que o eventual retorno da cobran\u00e7a de impostos federais pode gerar aumento na infla\u00e7\u00e3o e no desemprego, al\u00e9m de prejudicar a confian\u00e7a do mercado. <\/p>\n<p>\u201cPrecisamos ter pol\u00edticas p\u00fablicas bem claras, o que ainda n\u00e3o est\u00e1 acontecendo para o setor industrial, principalmente. N\u00e3o temos ainda uma postura do governo em cima de uma pol\u00edtica industrial realmente que possa alavancar a nossa ind\u00fastria local. O que precisamos fazer \u00e9 continuar o pensamento de diminuir impostos; diminuir cobran\u00e7as; diminuir principalmente encargos em cima de folha de pagamento, em cima de bens essenciais para incentivar o investidor nacional, a ind\u00fastria nacional. Voltar a comprar equipamentos, voltar a gerar emprego e renda\u201d, pontua o deputado. \n <\/p>\n<p> Fonte: Brasil61<\/p>\n<input type=\"hidden\" id=\"baseurl\" value=\"https:\/\/noticiasdestaque.com.br\"><input type=\"hidden\" id=\"audio_nonce\" value=\"eb7638fb71\">","protected":false},"excerpt":{"rendered":"<p>Apesar do crescimento, o setor registrou recuo de 1,7% no \u00faltimos trimestre do ano passado<\/p>\n","protected":false},"author":1,"featured_media":0,"comment_status":"open","ping_status":"open","sticky":false,"template":"","format":"standard","meta":{"fifu_image_url":"","fifu_image_alt":"","footnotes":""},"categories":[59],"tags":[],"class_list":["post-5185","post","type-post","status-publish","format-standard","hentry","category-economia"],"distributor_meta":false,"distributor_terms":false,"distributor_media":false,"distributor_original_site_name":"Portal de Recupera\u00e7\u00e3o","distributor_original_site_url":"https:\/\/portalderecuperacao.com","push-errors":false,"_links":{"self":[{"href":"https:\/\/noticiasdestaque.com.br\/index.php\/wp-json\/wp\/v2\/posts\/5185","targetHints":{"allow":["GET"]}}],"collection":[{"href":"https:\/\/noticiasdestaque.com.br\/index.php\/wp-json\/wp\/v2\/posts"}],"about":[{"href":"https:\/\/noticiasdestaque.com.br\/index.php\/wp-json\/wp\/v2\/types\/post"}],"author":[{"embeddable":true,"href":"https:\/\/noticiasdestaque.com.br\/index.php\/wp-json\/wp\/v2\/users\/1"}],"replies":[{"embeddable":true,"href":"https:\/\/noticiasdestaque.com.br\/index.php\/wp-json\/wp\/v2\/comments?post=5185"}],"version-history":[{"count":0,"href":"https:\/\/noticiasdestaque.com.br\/index.php\/wp-json\/wp\/v2\/posts\/5185\/revisions"}],"wp:attachment":[{"href":"https:\/\/noticiasdestaque.com.br\/index.php\/wp-json\/wp\/v2\/media?parent=5185"}],"wp:term":[{"taxonomy":"category","embeddable":true,"href":"https:\/\/noticiasdestaque.com.br\/index.php\/wp-json\/wp\/v2\/categories?post=5185"},{"taxonomy":"post_tag","embeddable":true,"href":"https:\/\/noticiasdestaque.com.br\/index.php\/wp-json\/wp\/v2\/tags?post=5185"}],"curies":[{"name":"wp","href":"https:\/\/api.w.org\/{rel}","templated":true}]}}