{"id":51840,"date":"2026-04-30T13:00:00","date_gmt":"2026-04-30T16:00:00","guid":{"rendered":"https:\/\/noticiasdestaque.com.br\/index.php\/2026\/04\/30\/salvador-ba-trabalhadores-da-regiao-metropolitana-sao-beneficiados-com-o-imposto-de-renda-zero\/"},"modified":"2026-04-30T13:00:00","modified_gmt":"2026-04-30T16:00:00","slug":"salvador-ba-trabalhadores-da-regiao-metropolitana-sao-beneficiados-com-o-imposto-de-renda-zero","status":"publish","type":"post","link":"https:\/\/noticiasdestaque.com.br\/index.php\/2026\/04\/30\/salvador-ba-trabalhadores-da-regiao-metropolitana-sao-beneficiados-com-o-imposto-de-renda-zero\/","title":{"rendered":"SALVADOR (BA): Trabalhadores da regi\u00e3o metropolitana s\u00e3o beneficiados com o Imposto de Renda Zero"},"content":{"rendered":"<p>\t\t\t\t\t\t\t\t\t\t\t<audio controls class=\"b61_audio_player\" data-noticia=\"88766\" src=\"https:\/\/brasil61.com\/rails\/active_storage\/blobs\/eyJfcmFpbHMiOnsibWVzc2FnZSI6IkJBaHBBNFlSQkE9PSIsImV4cCI6bnVsbCwicHVyIjoiYmxvYl9pZCJ9fQ==--078e5e250e1e84bfa1bd8bbe4254260ee2c76155\/MFAZ260015B\"><\/audio><\/p>\n<p>Mais de <strong>634.000 trabalhadores na Bahia ser\u00e3o diretamente beneficiados com o Imposto de Renda Zero<\/strong>, para quem <strong>ganha at\u00e9 R$ 5.000, e com a redu\u00e7\u00e3o nos descontos, para aqueles com renda mensal entre R$ 5.000 e R$ 7.350<\/strong>.<\/p>\n<p>A mudan\u00e7a foi garantida por lei sancionada em novembro de 2025, com impacto percebido a partir do pagamento de fevereiro.<\/p>\n<p>Segundo <strong>dados do Centro de Estudos Tribut\u00e1rios e Aduaneiros da Receita Federal, 413.000 trabalhadores baianos ganham at\u00e9 R$ 5.000 mensais e deixar\u00e3o de pagar o tributo.<\/strong><\/p>\n<p><strong>Outros 220.000 recebem entre R$ 5.000 e R$ 7.350 e passar\u00e3o a contar com descontos progressivos no imposto.<\/strong><\/p>\n<p><strong>Com o Imposto de Renda Zero, o n\u00famero de pessoas totalmente isentas no estado sobe de 664.000 para mais de 1.000.000.<\/strong><\/p>\n<p>Entre os trabalhadores beneficiados est\u00e1 a banc\u00e1ria D\u00e9bora Sarmento, moradora do bairro \u00c1guas Claras, em Salvador. H\u00e1 20 anos atuando pelo regime CLT, ela \u00e9 casada, m\u00e3e de dois filhos e est\u00e1 enquadrada na faixa de redu\u00e7\u00e3o dos descontos.\u00a0<\/p>\n<p>D\u00e9bora recebeu a mudan\u00e7a como uma boa not\u00edcia: um respiro no or\u00e7amento e a chance de ter um pouco mais de tranquilidade no dia a dia da casa.<\/p>\n<p>&#8220;Acredito que me permita ter um poder maior de compra no sistema financeiro, economicamente falando.&#8221;<\/p>\n<p>A redu\u00e7\u00e3o no desconto para trabalhadores como a D\u00e9bora faz parte do conjunto de mudan\u00e7as na tabela do Imposto de Renda.<\/p>\n<p>Para manter o equil\u00edbrio fiscal e compensar a redu\u00e7\u00e3o na arrecada\u00e7\u00e3o, a nova legisla\u00e7\u00e3o prev\u00ea um aumento na tributa\u00e7\u00e3o sobre altas rendas, a partir de R$ 600.000 anuais. A estimativa \u00e9 que aproximadamente 3.500 contribuintes sejam alcan\u00e7ados. Nesse caso, a cobran\u00e7a ser\u00e1 gradual, com al\u00edquota m\u00e1xima de at\u00e9 10% sobre os rendimentos. Quem j\u00e1 paga esse percentual, ou mais, n\u00e3o ter\u00e1 altera\u00e7\u00f5es.<\/p>\n<p>A lei tamb\u00e9m estabelece limites para evitar que a soma dos tributos pagos pela empresa e pelo contribuinte ultrapasse percentuais definidos para empresas financeiras e n\u00e3o financeiras. Caso isso ocorra, haver\u00e1 restitui\u00e7\u00e3o na declara\u00e7\u00e3o anual.<\/p>\n<p><strong>Saiba mais em <a href=\"http:\/\/gov.br\/receitafederal\" target=\"_blank\">gov.br<\/a>.\u00a0<\/strong><\/p>\n<p>\u00a0<\/p>\n<p>\t\t\t\t\t\t\t\t\t\t<img loading=\"lazy\" decoding=\"async\" src=\"https:\/\/brasil61.com\/api\/v1\/serve_pixel\/17677\/88766\" alt=\"Pixel Brasil 61\" class=\"b61_pixel\" width=\"0\" height=\"0\"><\/p>\n<input type=\"hidden\" id=\"baseurl\" value=\"https:\/\/noticiasdestaque.com.br\"><input type=\"hidden\" id=\"audio_nonce\" value=\"eb7638fb71\">","protected":false},"excerpt":{"rendered":"<p>A mudan\u00e7a foi garantida por lei sancionada em novembro de 2025, com impacto percebido a partir do pagamento de fevereiro<\/p>\n","protected":false},"author":1,"featured_media":51841,"comment_status":"open","ping_status":"open","sticky":false,"template":"","format":"standard","meta":{"fifu_image_url":"","fifu_image_alt":"","footnotes":""},"categories":[59],"tags":[],"class_list":["post-51840","post","type-post","status-publish","format-standard","has-post-thumbnail","hentry","category-economia"],"distributor_meta":false,"distributor_terms":false,"distributor_media":false,"distributor_original_site_name":"Noticias em Destaque","distributor_original_site_url":"https:\/\/noticiasdestaque.com.br","push-errors":false,"_links":{"self":[{"href":"https:\/\/noticiasdestaque.com.br\/index.php\/wp-json\/wp\/v2\/posts\/51840","targetHints":{"allow":["GET"]}}],"collection":[{"href":"https:\/\/noticiasdestaque.com.br\/index.php\/wp-json\/wp\/v2\/posts"}],"about":[{"href":"https:\/\/noticiasdestaque.com.br\/index.php\/wp-json\/wp\/v2\/types\/post"}],"author":[{"embeddable":true,"href":"https:\/\/noticiasdestaque.com.br\/index.php\/wp-json\/wp\/v2\/users\/1"}],"replies":[{"embeddable":true,"href":"https:\/\/noticiasdestaque.com.br\/index.php\/wp-json\/wp\/v2\/comments?post=51840"}],"version-history":[{"count":0,"href":"https:\/\/noticiasdestaque.com.br\/index.php\/wp-json\/wp\/v2\/posts\/51840\/revisions"}],"wp:featuredmedia":[{"embeddable":true,"href":"https:\/\/noticiasdestaque.com.br\/index.php\/wp-json\/wp\/v2\/media\/51841"}],"wp:attachment":[{"href":"https:\/\/noticiasdestaque.com.br\/index.php\/wp-json\/wp\/v2\/media?parent=51840"}],"wp:term":[{"taxonomy":"category","embeddable":true,"href":"https:\/\/noticiasdestaque.com.br\/index.php\/wp-json\/wp\/v2\/categories?post=51840"},{"taxonomy":"post_tag","embeddable":true,"href":"https:\/\/noticiasdestaque.com.br\/index.php\/wp-json\/wp\/v2\/tags?post=51840"}],"curies":[{"name":"wp","href":"https:\/\/api.w.org\/{rel}","templated":true}]}}