{"id":51838,"date":"2026-04-30T13:00:00","date_gmt":"2026-04-30T16:00:00","guid":{"rendered":"https:\/\/noticiasdestaque.com.br\/index.php\/2026\/04\/30\/belo-horizonte-mg-trabalhadores-da-regiao-metropolitana-sao-beneficiados-com-o-imposto-de-renda-zero\/"},"modified":"2026-04-30T13:00:00","modified_gmt":"2026-04-30T16:00:00","slug":"belo-horizonte-mg-trabalhadores-da-regiao-metropolitana-sao-beneficiados-com-o-imposto-de-renda-zero","status":"publish","type":"post","link":"https:\/\/noticiasdestaque.com.br\/index.php\/2026\/04\/30\/belo-horizonte-mg-trabalhadores-da-regiao-metropolitana-sao-beneficiados-com-o-imposto-de-renda-zero\/","title":{"rendered":"BELO HORIZONTE (MG): Trabalhadores da regi\u00e3o metropolitana s\u00e3o beneficiados com o Imposto de Renda Zero"},"content":{"rendered":"<p>\t\t\t\t\t\t\t\t\t\t\t<audio controls class=\"b61_audio_player\" data-noticia=\"88749\" src=\"https:\/\/brasil61.com\/rails\/active_storage\/blobs\/eyJfcmFpbHMiOnsibWVzc2FnZSI6IkJBaHBBLzBRQkE9PSIsImV4cCI6bnVsbCwicHVyIjoiYmxvYl9pZCJ9fQ==--42798f4eeec23ccadf60761241f34b5f09b51928\/MFAZ260011A\"><\/audio><\/p>\n<p>Mais de <strong>1.600.000 trabalhadores em Minas Gerais<\/strong> <strong>ser\u00e3o diretamente beneficiados com o Imposto de Renda Zero<\/strong>, para quem ganha <strong>at\u00e9 R$ 5.000, e com a redu\u00e7\u00e3o nos descontos<\/strong>, para <strong>aqueles com renda mensal entre R$ 5.000 e R$ 7.350<\/strong>.<\/p>\n<p>A mudan\u00e7a foi garantida por lei sancionada em novembro de 2025, com impacto percebido a partir do pagamento de fevereiro.<\/p>\n<p>Segundo dados do <strong>Centro de Estudos Tribut\u00e1rios e Aduaneiros da Receita Federal, 1.100.000 trabalhadores mineiros ganham at\u00e9 R$ 5.000 mensais e deixar\u00e3o de pagar o tributo. Outros 565.000 recebem entre R$ 5.000 e R$ 7.350 e passar\u00e3o a contar com descontos progressivos no imposto.<\/strong><\/p>\n<p><strong>Com o Imposto de Renda Zero, o n\u00famero de pessoas totalmente isentas no estado sobe de 1.500.000 para cerca de 2.700.000.<\/strong><\/p>\n<p>E \u00e9 justamente nessa nova faixa de isen\u00e7\u00e3o, para quem ganha at\u00e9 R$ 5.000, que est\u00e1 o coordenador de uma rede de drogarias, J\u00falio C\u00e9sar da Silveira, de 45 anos. Ele mora no bairro Jo\u00e3o Pinheiro, em <strong>Belo Horizonte<\/strong>, \u00e9 casado e pai de um menino de 11 anos.<\/p>\n<p>Para J\u00falio, o valor que antes era descontado agora tem destino certo: investir no futuro do filho.<\/p>\n<p>\u201cCom a isen\u00e7\u00e3o do Imposto de Renda, vou poder investir mais na educa\u00e7\u00e3o do meu filho, vou poder pagar mais cursos para ele e, como n\u00f3s gostamos de ler muitos livros, vou poder comprar mais livros e investir mais em conhecimento e aprendizado cont\u00ednuo para ele.\u201d<\/p>\n<p>O Imposto de Renda Zero para trabalhadores como o J\u00falio C\u00e9sar faz parte do conjunto de mudan\u00e7as na tabela do Imposto de Renda.<\/p>\n<p>Para manter o equil\u00edbrio fiscal e compensar a redu\u00e7\u00e3o na arrecada\u00e7\u00e3o, a nova legisla\u00e7\u00e3o prev\u00ea um aumento na tributa\u00e7\u00e3o sobre altas rendas, a partir de R$ 600.000 anuais. A estimativa \u00e9 que aproximadamente 3.500 contribuintes sejam alcan\u00e7ados. Nesse caso, a cobran\u00e7a ser\u00e1 gradual, com al\u00edquota m\u00e1xima de at\u00e9 10% sobre os rendimentos. Quem j\u00e1 paga esse percentual, ou mais, n\u00e3o ter\u00e1 altera\u00e7\u00f5es.<\/p>\n<p>A lei tamb\u00e9m estabelece limites para evitar que a soma dos tributos pagos pela empresa e pelo contribuinte ultrapasse percentuais definidos para empresas financeiras e n\u00e3o financeiras. Caso isso ocorra, haver\u00e1 restitui\u00e7\u00e3o na declara\u00e7\u00e3o anual.<\/p>\n<p><strong>Saiba mais em <a href=\"http:\/\/gov.br\/receitafederal\" target=\"_blank\">gov.br<\/a>.\u00a0<\/strong><\/p>\n<p>\u00a0<\/p>\n<p>\t\t\t\t\t\t\t\t\t\t<img loading=\"lazy\" decoding=\"async\" src=\"https:\/\/brasil61.com\/api\/v1\/serve_pixel\/17677\/88749\" alt=\"Pixel Brasil 61\" class=\"b61_pixel\" width=\"0\" height=\"0\"><\/p>\n<input type=\"hidden\" id=\"baseurl\" value=\"https:\/\/noticiasdestaque.com.br\"><input type=\"hidden\" id=\"audio_nonce\" value=\"eb7638fb71\">","protected":false},"excerpt":{"rendered":"<p>A mudan\u00e7a foi garantida por lei sancionada em novembro de 2025, com impacto percebido a partir do pagamento de fevereiro<\/p>\n","protected":false},"author":1,"featured_media":51839,"comment_status":"open","ping_status":"open","sticky":false,"template":"","format":"standard","meta":{"fifu_image_url":"","fifu_image_alt":"","footnotes":""},"categories":[59],"tags":[],"class_list":["post-51838","post","type-post","status-publish","format-standard","has-post-thumbnail","hentry","category-economia"],"distributor_meta":false,"distributor_terms":false,"distributor_media":false,"distributor_original_site_name":"Noticias em Destaque","distributor_original_site_url":"https:\/\/noticiasdestaque.com.br","push-errors":false,"_links":{"self":[{"href":"https:\/\/noticiasdestaque.com.br\/index.php\/wp-json\/wp\/v2\/posts\/51838","targetHints":{"allow":["GET"]}}],"collection":[{"href":"https:\/\/noticiasdestaque.com.br\/index.php\/wp-json\/wp\/v2\/posts"}],"about":[{"href":"https:\/\/noticiasdestaque.com.br\/index.php\/wp-json\/wp\/v2\/types\/post"}],"author":[{"embeddable":true,"href":"https:\/\/noticiasdestaque.com.br\/index.php\/wp-json\/wp\/v2\/users\/1"}],"replies":[{"embeddable":true,"href":"https:\/\/noticiasdestaque.com.br\/index.php\/wp-json\/wp\/v2\/comments?post=51838"}],"version-history":[{"count":0,"href":"https:\/\/noticiasdestaque.com.br\/index.php\/wp-json\/wp\/v2\/posts\/51838\/revisions"}],"wp:featuredmedia":[{"embeddable":true,"href":"https:\/\/noticiasdestaque.com.br\/index.php\/wp-json\/wp\/v2\/media\/51839"}],"wp:attachment":[{"href":"https:\/\/noticiasdestaque.com.br\/index.php\/wp-json\/wp\/v2\/media?parent=51838"}],"wp:term":[{"taxonomy":"category","embeddable":true,"href":"https:\/\/noticiasdestaque.com.br\/index.php\/wp-json\/wp\/v2\/categories?post=51838"},{"taxonomy":"post_tag","embeddable":true,"href":"https:\/\/noticiasdestaque.com.br\/index.php\/wp-json\/wp\/v2\/tags?post=51838"}],"curies":[{"name":"wp","href":"https:\/\/api.w.org\/{rel}","templated":true}]}}