{"id":51832,"date":"2026-04-30T04:50:00","date_gmt":"2026-04-30T07:50:00","guid":{"rendered":"https:\/\/noticiasdestaque.com.br\/index.php\/2026\/04\/30\/banco-da-amazonia-fecha-parceria-de-us-627-milhoes-para-transicao-energetica-na-amazonia-legal\/"},"modified":"2026-04-30T04:50:00","modified_gmt":"2026-04-30T07:50:00","slug":"banco-da-amazonia-fecha-parceria-de-us-627-milhoes-para-transicao-energetica-na-amazonia-legal","status":"publish","type":"post","link":"https:\/\/noticiasdestaque.com.br\/index.php\/2026\/04\/30\/banco-da-amazonia-fecha-parceria-de-us-627-milhoes-para-transicao-energetica-na-amazonia-legal\/","title":{"rendered":"Banco da Amaz\u00f4nia fecha parceria de US$ 627 milh\u00f5es para transi\u00e7\u00e3o energ\u00e9tica na Amaz\u00f4nia Legal"},"content":{"rendered":"<p>\t\t\t\t\t\t\t\t\t\t\t<audio controls class=\"b61_audio_player\" data-noticia=\"89218\" src=\"https:\/\/brasil61.com\/rails\/active_storage\/blobs\/eyJfcmFpbHMiOnsibWVzc2FnZSI6IkJBaHBBMVFjQkE9PSIsImV4cCI6bnVsbCwicHVyIjoiYmxvYl9pZCJ9fQ==--42ae3d2131cb970d356da10d842678c605ae4265\/BASA260148A\"><\/audio><\/p>\n<p><strong>Cerca de 2,7 milh\u00f5es de moradores da Amaz\u00f4nia Legal ainda dependem de energia cara e inst\u00e1vel proveniente de sistemas isolados movidos a diesel. <\/strong>Nesse cen\u00e1rio, o <a href=\"https:\/\/www.bancoamazonia.com.br\/\" target=\"_blank\">Banco da Amaz\u00f4nia<\/a> firmou uma parceria com o Banco Mundial para investir<strong> US$ 627,75 milh\u00f5es na substitui\u00e7\u00e3o desses geradores por fontes renov\u00e1veis, como a energia solar. <\/strong>A medida busca reduzir custos e ampliar o acesso \u00e0 eletricidade na regi\u00e3o.<\/p>\n<p><strong>Os recursos ser\u00e3o destinados a ampliar o acesso \u00e0 energia limpa e \u00e0 transi\u00e7\u00e3o da matriz energ\u00e9tica na Amaz\u00f4nia Legal. A iniciativa integra a estrat\u00e9gia de finan\u00e7as sustent\u00e1veis da institui\u00e7\u00e3o, com foco no desenvolvimento regional.\u00a0\u00a0<\/strong><\/p>\n<p>A gerente de sustentabilidade do Banco da Amaz\u00f4nia, Samara Farias, destacou a import\u00e2ncia da coopera\u00e7\u00e3o.<\/p>\n<p>\u201cEsta parceria com o Banco Mundial consolida o Banco da Amaz\u00f4nia como o principal indutor da economia de baixo carbono na regi\u00e3o. Nosso foco n\u00e3o \u00e9 apenas o aporte financeiro, mas assegurar que cada d\u00f3lar investido respeite as diretrizes da Agenda ASG e gere um impacto real na qualidade de vida das popula\u00e7\u00f5es mais vulner\u00e1veis, reduzindo a depend\u00eancia de combust\u00edveis f\u00f3sseis e promovendo uma inclus\u00e3o energ\u00e9tica genu\u00edna\u201d, disse.<\/p>\n<p><strong>Em nota, o Banco da Amaz\u00f4nia afirma que o projeto pretende reduzir os custos energ\u00e9ticos, especialmente em localidades atendidas por sistemas isolados, com gera\u00e7\u00e3o a diesel, al\u00e9m de criar condi\u00e7\u00f5es para atrair investimentos e dinamizar a economia.<\/strong><\/p>\n<p>O projeto prev\u00ea aportes em gera\u00e7\u00e3o de energia renov\u00e1vel, com destaque para sistemas solares e solu\u00e7\u00f5es h\u00edbridas. Tamb\u00e9m h\u00e1 previs\u00e3o da substitui\u00e7\u00e3o gradual de fontes t\u00e9rmicas movidas a diesel, ainda predominantes em \u00e1reas isoladas. Al\u00e9m disso, devem ser realizados investimentos em efici\u00eancia energ\u00e9tica e moderniza\u00e7\u00e3o da infraestrutura.<\/p>\n<p>Dados do <a href=\"https:\/\/ri.bancoamazonia.com.br\/informacoes-financeiras\/central-de-resultados\/\" target=\"_blank\">Relat\u00f3rio da Administra\u00e7\u00e3o 2025 do Banco da Amaz\u00f4nia<\/a> mostram que a institui\u00e7\u00e3o encerrou o ano passado com <strong>crescimento de 20,4% na carteira de cr\u00e9dito, que alcan\u00e7ou R$ 66,8 bilh\u00f5es.<\/strong><\/p>\n<p>Segundo o presidente do Banco da Amaz\u00f4nia, Luiz Lessa, o desempenho reflete a demanda dos munic\u00edpios da regi\u00e3o por novos projetos e o compromisso do Banco em fomentar o desenvolvimento regional.<\/p>\n<p>\u201cO destaque \u00e9 a carteira de cr\u00e9dito, que apesar desse ano diverso, n\u00f3s tivemos um crescimento substancial, provando a nossa capacidade de fazer neg\u00f3cio aqui na Regi\u00e3o Norte, e mais do que isso, a demanda crescente e pujante da regi\u00e3o, que vem crescendo em termos de novos projetos, desenvolvimento do agroneg\u00f3cio e desenvolvimento das cidades\u201d, ressalta Lessa.\u00a0<\/p>\n<p><strong>A iniciativa abrange todos os nove estados da Amaz\u00f4nia Legal.<\/strong> No entanto, a aplica\u00e7\u00e3o dos recursos ser\u00e1 orientada por crit\u00e9rios t\u00e9cnicos e deve priorizar territ\u00f3rios mais vulner\u00e1veis, como aqueles com maior depend\u00eancia de sistemas isolados, custos elevados de gera\u00e7\u00e3o e menor acesso a servi\u00e7os b\u00e1sicos.<\/p>\n<h2>Sistemas el\u00e9tricos isolados na Amaz\u00f4nia Legal<\/h2>\n<p>O investimento ocorre em um cen\u00e1rio de desafios estruturais. Na Amaz\u00f4nia Legal, milh\u00f5es de pessoas vivem em localidades desconectadas do Sistema Interligado Nacional (SIN) e s\u00e3o atendidas por sistemas isolados (Sisol).\u00a0<\/p>\n<p>As estruturas isoladas operam de forma independente e dependem majoritariamente de combust\u00edveis f\u00f3sseis, como diesel, resultando em maiores emiss\u00f5es de CO\u2082 e custos mais altos para os consumidores \u2013 conforme o <a href=\"https:\/\/consumidoresdeenergia.org\/wp-content\/uploads\/2025\/05\/FNCE_Descarbonizacao-da-energia-eletrica-na-Amazonia-Legal-_14_5_2025.pdf\" target=\"_blank\">relat\u00f3rio <\/a>elaborado pela Envol Energy Consulting para a Frente Nacional dos Consumidores de Energia.<\/p>\n<p><strong>A publica\u00e7\u00e3o revela que cerca de 2,7 milh\u00f5es de pessoas vivem em comunidades atendidas por esses sistemas e enfrentam dificuldades no acesso \u00e0 energia confi\u00e1vel e de baixo custo. Em muitos casos, o fornecimento \u00e9 intermitente ou restrito a poucas horas por dia, devido ao alto custo do diesel e \u00e0 complexidade log\u00edstica.<\/strong><\/p>\n<p>O estudo tamb\u00e9m aponta que cerca de 1 milh\u00e3o de pessoas de regi\u00f5es remotas da regi\u00e3o ainda n\u00e3o t\u00eam acesso formal \u00e0 eletricidade. Ou seja, n\u00e3o possuem acesso algum aos sistemas el\u00e9tricos, o que evidencia o desafio estrutural de universaliza\u00e7\u00e3o do servi\u00e7o.<\/p>\n<p>Nesse contexto, o projeto do Banco da Amaz\u00f4nia busca sanar os gargalos de acesso, custo e emiss\u00e3o de carbono.\u00a0<\/p>\n<h2>Estrat\u00e9gia sustent\u00e1vel<\/h2>\n<p><strong>Segundo o banco, o projeto foi estruturado em alinhamento com diretrizes ambientais, sociais e de governan\u00e7a (ASG) e com as estrat\u00e9gias nacionais de transi\u00e7\u00e3o energ\u00e9tica. A modelagem inclui crit\u00e9rios socioambientais e clim\u00e1ticos para fortalecer uma carteira de projetos voltada \u00e0 economia de baixo carbono.<\/strong><\/p>\n<p>A iniciativa deve contribuir para consolidar um novo ciclo de desenvolvimento na Amaz\u00f4nia, baseado em solu\u00e7\u00f5es energ\u00e9ticas mais sustent\u00e1veis e adaptadas \u00e0s caracter\u00edsticas da regi\u00e3o.<\/p>\n<p>\t\t\t\t\t\t\t\t\t\t<img loading=\"lazy\" decoding=\"async\" src=\"https:\/\/brasil61.com\/api\/v1\/serve_pixel\/17677\/89218\" alt=\"Pixel Brasil 61\" class=\"b61_pixel\" width=\"0\" height=\"0\"><\/p>\n<input type=\"hidden\" id=\"baseurl\" value=\"https:\/\/noticiasdestaque.com.br\"><input type=\"hidden\" id=\"audio_nonce\" value=\"62ca87eee3\">","protected":false},"excerpt":{"rendered":"<p>Projeto com Banco Mundial prev\u00ea expans\u00e3o de energia limpa, com substitui\u00e7\u00e3o de geradores a diesel, al\u00e9m da redu\u00e7\u00e3o de custos<\/p>\n","protected":false},"author":1,"featured_media":51833,"comment_status":"open","ping_status":"open","sticky":false,"template":"","format":"standard","meta":{"fifu_image_url":"","fifu_image_alt":"","footnotes":""},"categories":[48],"tags":[],"class_list":["post-51832","post","type-post","status-publish","format-standard","has-post-thumbnail","hentry","category-mundo"],"distributor_meta":false,"distributor_terms":false,"distributor_media":false,"distributor_original_site_name":"Noticias em Destaque","distributor_original_site_url":"https:\/\/noticiasdestaque.com.br","push-errors":false,"_links":{"self":[{"href":"https:\/\/noticiasdestaque.com.br\/index.php\/wp-json\/wp\/v2\/posts\/51832","targetHints":{"allow":["GET"]}}],"collection":[{"href":"https:\/\/noticiasdestaque.com.br\/index.php\/wp-json\/wp\/v2\/posts"}],"about":[{"href":"https:\/\/noticiasdestaque.com.br\/index.php\/wp-json\/wp\/v2\/types\/post"}],"author":[{"embeddable":true,"href":"https:\/\/noticiasdestaque.com.br\/index.php\/wp-json\/wp\/v2\/users\/1"}],"replies":[{"embeddable":true,"href":"https:\/\/noticiasdestaque.com.br\/index.php\/wp-json\/wp\/v2\/comments?post=51832"}],"version-history":[{"count":0,"href":"https:\/\/noticiasdestaque.com.br\/index.php\/wp-json\/wp\/v2\/posts\/51832\/revisions"}],"wp:featuredmedia":[{"embeddable":true,"href":"https:\/\/noticiasdestaque.com.br\/index.php\/wp-json\/wp\/v2\/media\/51833"}],"wp:attachment":[{"href":"https:\/\/noticiasdestaque.com.br\/index.php\/wp-json\/wp\/v2\/media?parent=51832"}],"wp:term":[{"taxonomy":"category","embeddable":true,"href":"https:\/\/noticiasdestaque.com.br\/index.php\/wp-json\/wp\/v2\/categories?post=51832"},{"taxonomy":"post_tag","embeddable":true,"href":"https:\/\/noticiasdestaque.com.br\/index.php\/wp-json\/wp\/v2\/tags?post=51832"}],"curies":[{"name":"wp","href":"https:\/\/api.w.org\/{rel}","templated":true}]}}